{"id":7672,"date":"2025-12-01T16:17:24","date_gmt":"2025-12-01T15:17:24","guid":{"rendered":"https:\/\/www.wesolyskrzat.edu.pl\/?p=7672"},"modified":"2025-12-01T16:17:24","modified_gmt":"2025-12-01T15:17:24","slug":"dzien-pluszowego-misia-13","status":"publish","type":"post","link":"https:\/\/www.wesolyskrzat.edu.pl\/index.php\/2025\/12\/01\/dzien-pluszowego-misia-13\/","title":{"rendered":"Dzie\u0144 Pluszowego Misia"},"content":{"rendered":"\n<p>Dnia 25.11.2025 r. Do grupy motylki zawitali go\u015bcie-  s\u0142odkie i bardzo du\u017ce Misie. Dzieci by\u0142y zachwycone taka niespodziank\u0105. Razem z misiami ta\u0144czyli\u015bmy, \u015bmiali\u015bmy si\u0119 i bawili\u015bmy, zabawy nie by\u0142o ko\u0144ca. Dzieci dosta\u0142y od pa\u0144stwa r\u00f3wnie\u017c balony i s\u0142odki drobiazg.\u00a0<\/p>\n\n\n\n<p>Serdecznie dzi\u0119kujemy za zaanga\u017cowanie mam z grupy, za tak mi\u0142a niespodziank\u0119 dla dzieci.\u00a0<\/p>\n\n\n\n<figure class=\"wp-block-gallery has-nested-images columns-2 is-cropped wp-block-gallery-1 is-layout-flex wp-block-gallery-is-layout-flex\">\n<figure class=\"wp-block-image size-full\"><img loading=\"lazy\" decoding=\"async\" width=\"1600\" height=\"1204\" data-id=\"7673\" src=\"https:\/\/www.wesolyskrzat.edu.pl\/wp-content\/uploads\/2025\/12\/IMG-20251127-WA0084.jpg\" alt=\"\" class=\"wp-image-7673\" srcset=\"https:\/\/www.wesolyskrzat.edu.pl\/wp-content\/uploads\/2025\/12\/IMG-20251127-WA0084.jpg 1600w, https:\/\/www.wesolyskrzat.edu.pl\/wp-content\/uploads\/2025\/12\/IMG-20251127-WA0084-300x226.jpg 300w, https:\/\/www.wesolyskrzat.edu.pl\/wp-content\/uploads\/2025\/12\/IMG-20251127-WA0084-1024x771.jpg 1024w, https:\/\/www.wesolyskrzat.edu.pl\/wp-content\/uploads\/2025\/12\/IMG-20251127-WA0084-768x578.jpg 768w, https:\/\/www.wesolyskrzat.edu.pl\/wp-content\/uploads\/2025\/12\/IMG-20251127-WA0084-1536x1156.jpg 1536w\" sizes=\"auto, (max-width: 1600px) 100vw, 1600px\" \/><\/figure>\n\n\n\n<figure class=\"wp-block-image size-full\"><img loading=\"lazy\" decoding=\"async\" width=\"1600\" height=\"1204\" data-id=\"7677\" src=\"https:\/\/www.wesolyskrzat.edu.pl\/wp-content\/uploads\/2025\/12\/IMG-20251127-WA0098.jpg\" alt=\"\" class=\"wp-image-7677\" srcset=\"https:\/\/www.wesolyskrzat.edu.pl\/wp-content\/uploads\/2025\/12\/IMG-20251127-WA0098.jpg 1600w, https:\/\/www.wesolyskrzat.edu.pl\/wp-content\/uploads\/2025\/12\/IMG-20251127-WA0098-300x226.jpg 300w, https:\/\/www.wesolyskrzat.edu.pl\/wp-content\/uploads\/2025\/12\/IMG-20251127-WA0098-1024x771.jpg 1024w, https:\/\/www.wesolyskrzat.edu.pl\/wp-content\/uploads\/2025\/12\/IMG-20251127-WA0098-768x578.jpg 768w, https:\/\/www.wesolyskrzat.edu.pl\/wp-content\/uploads\/2025\/12\/IMG-20251127-WA0098-1536x1156.jpg 1536w\" sizes=\"auto, (max-width: 1600px) 100vw, 1600px\" \/><\/figure>\n\n\n\n<figure class=\"wp-block-image size-full\"><img loading=\"lazy\" decoding=\"async\" width=\"1600\" height=\"1204\" data-id=\"7678\" src=\"https:\/\/www.wesolyskrzat.edu.pl\/wp-content\/uploads\/2025\/12\/IMG-20251127-WA0115.jpg\" alt=\"\" class=\"wp-image-7678\" srcset=\"https:\/\/www.wesolyskrzat.edu.pl\/wp-content\/uploads\/2025\/12\/IMG-20251127-WA0115.jpg 1600w, https:\/\/www.wesolyskrzat.edu.pl\/wp-content\/uploads\/2025\/12\/IMG-20251127-WA0115-300x226.jpg 300w, https:\/\/www.wesolyskrzat.edu.pl\/wp-content\/uploads\/2025\/12\/IMG-20251127-WA0115-1024x771.jpg 1024w, https:\/\/www.wesolyskrzat.edu.pl\/wp-content\/uploads\/2025\/12\/IMG-20251127-WA0115-768x578.jpg 768w, https:\/\/www.wesolyskrzat.edu.pl\/wp-content\/uploads\/2025\/12\/IMG-20251127-WA0115-1536x1156.jpg 1536w\" sizes=\"auto, (max-width: 1600px) 100vw, 1600px\" \/><\/figure>\n\n\n\n<figure class=\"wp-block-image size-full\"><img loading=\"lazy\" decoding=\"async\" width=\"1600\" height=\"1204\" data-id=\"7680\" src=\"https:\/\/www.wesolyskrzat.edu.pl\/wp-content\/uploads\/2025\/12\/IMG-20251127-WA0121.jpg\" alt=\"\" class=\"wp-image-7680\" srcset=\"https:\/\/www.wesolyskrzat.edu.pl\/wp-content\/uploads\/2025\/12\/IMG-20251127-WA0121.jpg 1600w, https:\/\/www.wesolyskrzat.edu.pl\/wp-content\/uploads\/2025\/12\/IMG-20251127-WA0121-300x226.jpg 300w, https:\/\/www.wesolyskrzat.edu.pl\/wp-content\/uploads\/2025\/12\/IMG-20251127-WA0121-1024x771.jpg 1024w, https:\/\/www.wesolyskrzat.edu.pl\/wp-content\/uploads\/2025\/12\/IMG-20251127-WA0121-768x578.jpg 768w, https:\/\/www.wesolyskrzat.edu.pl\/wp-content\/uploads\/2025\/12\/IMG-20251127-WA0121-1536x1156.jpg 1536w\" sizes=\"auto, (max-width: 1600px) 100vw, 1600px\" \/><\/figure>\n\n\n\n<figure class=\"wp-block-image size-full\"><img loading=\"lazy\" decoding=\"async\" width=\"1600\" height=\"1204\" data-id=\"7675\" src=\"https:\/\/www.wesolyskrzat.edu.pl\/wp-content\/uploads\/2025\/12\/IMG-20251127-WA0129.jpg\" alt=\"\" class=\"wp-image-7675\" srcset=\"https:\/\/www.wesolyskrzat.edu.pl\/wp-content\/uploads\/2025\/12\/IMG-20251127-WA0129.jpg 1600w, https:\/\/www.wesolyskrzat.edu.pl\/wp-content\/uploads\/2025\/12\/IMG-20251127-WA0129-300x226.jpg 300w, https:\/\/www.wesolyskrzat.edu.pl\/wp-content\/uploads\/2025\/12\/IMG-20251127-WA0129-1024x771.jpg 1024w, https:\/\/www.wesolyskrzat.edu.pl\/wp-content\/uploads\/2025\/12\/IMG-20251127-WA0129-768x578.jpg 768w, https:\/\/www.wesolyskrzat.edu.pl\/wp-content\/uploads\/2025\/12\/IMG-20251127-WA0129-1536x1156.jpg 1536w\" sizes=\"auto, (max-width: 1600px) 100vw, 1600px\" \/><\/figure>\n\n\n\n<figure class=\"wp-block-image size-full\"><img loading=\"lazy\" decoding=\"async\" width=\"1600\" height=\"1204\" data-id=\"7676\" src=\"https:\/\/www.wesolyskrzat.edu.pl\/wp-content\/uploads\/2025\/12\/IMG-20251127-WA0144.jpg\" alt=\"\" class=\"wp-image-7676\" srcset=\"https:\/\/www.wesolyskrzat.edu.pl\/wp-content\/uploads\/2025\/12\/IMG-20251127-WA0144.jpg 1600w, https:\/\/www.wesolyskrzat.edu.pl\/wp-content\/uploads\/2025\/12\/IMG-20251127-WA0144-300x226.jpg 300w, https:\/\/www.wesolyskrzat.edu.pl\/wp-content\/uploads\/2025\/12\/IMG-20251127-WA0144-1024x771.jpg 1024w, https:\/\/www.wesolyskrzat.edu.pl\/wp-content\/uploads\/2025\/12\/IMG-20251127-WA0144-768x578.jpg 768w, https:\/\/www.wesolyskrzat.edu.pl\/wp-content\/uploads\/2025\/12\/IMG-20251127-WA0144-1536x1156.jpg 1536w\" sizes=\"auto, (max-width: 1600px) 100vw, 1600px\" \/><\/figure>\n\n\n\n<figure class=\"wp-block-image size-full\"><img loading=\"lazy\" decoding=\"async\" width=\"1600\" height=\"1204\" data-id=\"7679\" src=\"https:\/\/www.wesolyskrzat.edu.pl\/wp-content\/uploads\/2025\/12\/IMG-20251127-WA0148.jpg\" alt=\"\" class=\"wp-image-7679\" srcset=\"https:\/\/www.wesolyskrzat.edu.pl\/wp-content\/uploads\/2025\/12\/IMG-20251127-WA0148.jpg 1600w, https:\/\/www.wesolyskrzat.edu.pl\/wp-content\/uploads\/2025\/12\/IMG-20251127-WA0148-300x226.jpg 300w, https:\/\/www.wesolyskrzat.edu.pl\/wp-content\/uploads\/2025\/12\/IMG-20251127-WA0148-1024x771.jpg 1024w, https:\/\/www.wesolyskrzat.edu.pl\/wp-content\/uploads\/2025\/12\/IMG-20251127-WA0148-768x578.jpg 768w, https:\/\/www.wesolyskrzat.edu.pl\/wp-content\/uploads\/2025\/12\/IMG-20251127-WA0148-1536x1156.jpg 1536w\" sizes=\"auto, (max-width: 1600px) 100vw, 1600px\" \/><\/figure>\n\n\n\n<figure class=\"wp-block-image size-full\"><img loading=\"lazy\" decoding=\"async\" width=\"1600\" height=\"1204\" data-id=\"7674\" src=\"https:\/\/www.wesolyskrzat.edu.pl\/wp-content\/uploads\/2025\/12\/IMG-20251127-WA0158.jpg\" alt=\"\" class=\"wp-image-7674\" srcset=\"https:\/\/www.wesolyskrzat.edu.pl\/wp-content\/uploads\/2025\/12\/IMG-20251127-WA0158.jpg 1600w, https:\/\/www.wesolyskrzat.edu.pl\/wp-content\/uploads\/2025\/12\/IMG-20251127-WA0158-300x226.jpg 300w, https:\/\/www.wesolyskrzat.edu.pl\/wp-content\/uploads\/2025\/12\/IMG-20251127-WA0158-1024x771.jpg 1024w, https:\/\/www.wesolyskrzat.edu.pl\/wp-content\/uploads\/2025\/12\/IMG-20251127-WA0158-768x578.jpg 768w, https:\/\/www.wesolyskrzat.edu.pl\/wp-content\/uploads\/2025\/12\/IMG-20251127-WA0158-1536x1156.jpg 1536w\" sizes=\"auto, (max-width: 1600px) 100vw, 1600px\" \/><\/figure>\n<\/figure>\n","protected":false},"excerpt":{"rendered":"<p>Dnia 25.11.2025 r. Do grupy motylki zawitali go\u015bcie- s\u0142odkie i bardzo du\u017ce Misie. Dzieci by\u0142y zachwycone taka niespodziank\u0105. Razem z misiami ta\u0144czyli\u015bmy, \u015bmiali\u015bmy si\u0119 i bawili\u015bmy, zabawy nie by\u0142o ko\u0144ca. Dzieci dosta\u0142y od pa\u0144stwa r\u00f3wnie\u017c balony i s\u0142odki drobiazg.\u00a0 Serdecznie dzi\u0119kujemy za zaanga\u017cowanie mam z grupy, za tak mi\u0142a niespodziank\u0119 dla dzieci.\u00a0<\/p>\n","protected":false},"author":3,"featured_media":0,"comment_status":"closed","ping_status":"open","sticky":false,"template":"","format":"standard","meta":{"footnotes":""},"categories":[39],"tags":[],"class_list":["post-7672","post","type-post","status-publish","format-standard","hentry","category-motylki-3-latki"],"yoast_head":"<!-- This site is optimized with the Yoast SEO plugin v18.5.1 - https:\/\/yoast.com\/wordpress\/plugins\/seo\/ -->\n<title>Dzie\u0144 Pluszowego Misia - Weso\u0142y Skrzat<\/title>\n<meta name=\"robots\" content=\"index, follow, max-snippet:-1, max-image-preview:large, max-video-preview:-1\" \/>\n<link rel=\"canonical\" href=\"https:\/\/www.wesolyskrzat.edu.pl\/index.php\/2025\/12\/01\/dzien-pluszowego-misia-13\/\" \/>\n<meta property=\"og:locale\" content=\"pl_PL\" \/>\n<meta property=\"og:type\" content=\"article\" \/>\n<meta property=\"og:title\" content=\"Dzie\u0144 Pluszowego Misia - Weso\u0142y Skrzat\" \/>\n<meta property=\"og:description\" content=\"Dnia 25.11.2025 r. Do grupy motylki zawitali go\u015bcie- s\u0142odkie i bardzo du\u017ce Misie. Dzieci by\u0142y zachwycone taka niespodziank\u0105. Razem z misiami ta\u0144czyli\u015bmy, \u015bmiali\u015bmy si\u0119 i bawili\u015bmy, zabawy nie by\u0142o ko\u0144ca. Dzieci dosta\u0142y od pa\u0144stwa r\u00f3wnie\u017c balony i s\u0142odki drobiazg.\u00a0 Serdecznie dzi\u0119kujemy za zaanga\u017cowanie mam z grupy, za tak mi\u0142a niespodziank\u0119 dla dzieci.\u00a0\" \/>\n<meta property=\"og:url\" content=\"https:\/\/www.wesolyskrzat.edu.pl\/index.php\/2025\/12\/01\/dzien-pluszowego-misia-13\/\" \/>\n<meta property=\"og:site_name\" content=\"Weso\u0142y Skrzat\" \/>\n<meta property=\"article:published_time\" content=\"2025-12-01T15:17:24+00:00\" \/>\n<meta property=\"og:image\" content=\"https:\/\/www.wesolyskrzat.edu.pl\/wp-content\/uploads\/2025\/12\/IMG-20251127-WA0084.jpg\" \/>\n<meta name=\"twitter:card\" content=\"summary_large_image\" \/>\n<meta name=\"twitter:label1\" content=\"Napisane przez\" \/>\n\t<meta name=\"twitter:data1\" content=\"Paulina Pyci\u0144ska\" \/>\n<script type=\"application\/ld+json\" class=\"yoast-schema-graph\">{\"@context\":\"https:\/\/schema.org\",\"@graph\":[{\"@type\":\"WebSite\",\"@id\":\"https:\/\/www.wesolyskrzat.edu.pl\/#website\",\"url\":\"https:\/\/www.wesolyskrzat.edu.pl\/\",\"name\":\"Weso\u0142y Skrzat\",\"description\":\"Najpi\u0119kniejsze przedszkole w Markach\",\"potentialAction\":[{\"@type\":\"SearchAction\",\"target\":{\"@type\":\"EntryPoint\",\"urlTemplate\":\"https:\/\/www.wesolyskrzat.edu.pl\/?s={search_term_string}\"},\"query-input\":\"required name=search_term_string\"}],\"inLanguage\":\"pl-PL\"},{\"@type\":\"ImageObject\",\"@id\":\"https:\/\/www.wesolyskrzat.edu.pl\/index.php\/2025\/12\/01\/dzien-pluszowego-misia-13\/#primaryimage\",\"inLanguage\":\"pl-PL\",\"url\":\"https:\/\/www.wesolyskrzat.edu.pl\/wp-content\/uploads\/2025\/12\/IMG-20251127-WA0084.jpg\",\"contentUrl\":\"https:\/\/www.wesolyskrzat.edu.pl\/wp-content\/uploads\/2025\/12\/IMG-20251127-WA0084.jpg\",\"width\":1600,\"height\":1204},{\"@type\":\"WebPage\",\"@id\":\"https:\/\/www.wesolyskrzat.edu.pl\/index.php\/2025\/12\/01\/dzien-pluszowego-misia-13\/#webpage\",\"url\":\"https:\/\/www.wesolyskrzat.edu.pl\/index.php\/2025\/12\/01\/dzien-pluszowego-misia-13\/\",\"name\":\"Dzie\u0144 Pluszowego Misia - Weso\u0142y Skrzat\",\"isPartOf\":{\"@id\":\"https:\/\/www.wesolyskrzat.edu.pl\/#website\"},\"primaryImageOfPage\":{\"@id\":\"https:\/\/www.wesolyskrzat.edu.pl\/index.php\/2025\/12\/01\/dzien-pluszowego-misia-13\/#primaryimage\"},\"datePublished\":\"2025-12-01T15:17:24+00:00\",\"dateModified\":\"2025-12-01T15:17:24+00:00\",\"author\":{\"@id\":\"https:\/\/www.wesolyskrzat.edu.pl\/#\/schema\/person\/665c990d766e7b21f5731227b7d3f0f6\"},\"breadcrumb\":{\"@id\":\"https:\/\/www.wesolyskrzat.edu.pl\/index.php\/2025\/12\/01\/dzien-pluszowego-misia-13\/#breadcrumb\"},\"inLanguage\":\"pl-PL\",\"potentialAction\":[{\"@type\":\"ReadAction\",\"target\":[\"https:\/\/www.wesolyskrzat.edu.pl\/index.php\/2025\/12\/01\/dzien-pluszowego-misia-13\/\"]}]},{\"@type\":\"BreadcrumbList\",\"@id\":\"https:\/\/www.wesolyskrzat.edu.pl\/index.php\/2025\/12\/01\/dzien-pluszowego-misia-13\/#breadcrumb\",\"itemListElement\":[{\"@type\":\"ListItem\",\"position\":1,\"name\":\"Home\",\"item\":\"https:\/\/www.wesolyskrzat.edu.pl\/\"},{\"@type\":\"ListItem\",\"position\":2,\"name\":\"Dzie\u0144 Pluszowego Misia\"}]},{\"@type\":\"Person\",\"@id\":\"https:\/\/www.wesolyskrzat.edu.pl\/#\/schema\/person\/665c990d766e7b21f5731227b7d3f0f6\",\"name\":\"Paulina Pyci\u0144ska\",\"image\":{\"@type\":\"ImageObject\",\"@id\":\"https:\/\/www.wesolyskrzat.edu.pl\/#personlogo\",\"inLanguage\":\"pl-PL\",\"url\":\"https:\/\/secure.gravatar.com\/avatar\/3e43e454ecfe17681ca5008a70eb6887dad418e79fd9180caf1239bb35b78d67?s=96&d=mm&r=g\",\"contentUrl\":\"https:\/\/secure.gravatar.com\/avatar\/3e43e454ecfe17681ca5008a70eb6887dad418e79fd9180caf1239bb35b78d67?s=96&d=mm&r=g\",\"caption\":\"Paulina Pyci\u0144ska\"},\"url\":\"https:\/\/www.wesolyskrzat.edu.pl\/index.php\/author\/pycinska\/\"}]}<\/script>\n<!-- \/ Yoast SEO plugin. -->","yoast_head_json":{"title":"Dzie\u0144 Pluszowego Misia - Weso\u0142y Skrzat","robots":{"index":"index","follow":"follow","max-snippet":"max-snippet:-1","max-image-preview":"max-image-preview:large","max-video-preview":"max-video-preview:-1"},"canonical":"https:\/\/www.wesolyskrzat.edu.pl\/index.php\/2025\/12\/01\/dzien-pluszowego-misia-13\/","og_locale":"pl_PL","og_type":"article","og_title":"Dzie\u0144 Pluszowego Misia - Weso\u0142y Skrzat","og_description":"Dnia 25.11.2025 r. Do grupy motylki zawitali go\u015bcie- s\u0142odkie i bardzo du\u017ce Misie. Dzieci by\u0142y zachwycone taka niespodziank\u0105. Razem z misiami ta\u0144czyli\u015bmy, \u015bmiali\u015bmy si\u0119 i bawili\u015bmy, zabawy nie by\u0142o ko\u0144ca. Dzieci dosta\u0142y od pa\u0144stwa r\u00f3wnie\u017c balony i s\u0142odki drobiazg.\u00a0 Serdecznie dzi\u0119kujemy za zaanga\u017cowanie mam z grupy, za tak mi\u0142a niespodziank\u0119 dla dzieci.\u00a0","og_url":"https:\/\/www.wesolyskrzat.edu.pl\/index.php\/2025\/12\/01\/dzien-pluszowego-misia-13\/","og_site_name":"Weso\u0142y Skrzat","article_published_time":"2025-12-01T15:17:24+00:00","og_image":[{"url":"https:\/\/www.wesolyskrzat.edu.pl\/wp-content\/uploads\/2025\/12\/IMG-20251127-WA0084.jpg"}],"twitter_card":"summary_large_image","twitter_misc":{"Napisane przez":"Paulina Pyci\u0144ska"},"schema":{"@context":"https:\/\/schema.org","@graph":[{"@type":"WebSite","@id":"https:\/\/www.wesolyskrzat.edu.pl\/#website","url":"https:\/\/www.wesolyskrzat.edu.pl\/","name":"Weso\u0142y Skrzat","description":"Najpi\u0119kniejsze przedszkole w Markach","potentialAction":[{"@type":"SearchAction","target":{"@type":"EntryPoint","urlTemplate":"https:\/\/www.wesolyskrzat.edu.pl\/?s={search_term_string}"},"query-input":"required name=search_term_string"}],"inLanguage":"pl-PL"},{"@type":"ImageObject","@id":"https:\/\/www.wesolyskrzat.edu.pl\/index.php\/2025\/12\/01\/dzien-pluszowego-misia-13\/#primaryimage","inLanguage":"pl-PL","url":"https:\/\/www.wesolyskrzat.edu.pl\/wp-content\/uploads\/2025\/12\/IMG-20251127-WA0084.jpg","contentUrl":"https:\/\/www.wesolyskrzat.edu.pl\/wp-content\/uploads\/2025\/12\/IMG-20251127-WA0084.jpg","width":1600,"height":1204},{"@type":"WebPage","@id":"https:\/\/www.wesolyskrzat.edu.pl\/index.php\/2025\/12\/01\/dzien-pluszowego-misia-13\/#webpage","url":"https:\/\/www.wesolyskrzat.edu.pl\/index.php\/2025\/12\/01\/dzien-pluszowego-misia-13\/","name":"Dzie\u0144 Pluszowego Misia - Weso\u0142y Skrzat","isPartOf":{"@id":"https:\/\/www.wesolyskrzat.edu.pl\/#website"},"primaryImageOfPage":{"@id":"https:\/\/www.wesolyskrzat.edu.pl\/index.php\/2025\/12\/01\/dzien-pluszowego-misia-13\/#primaryimage"},"datePublished":"2025-12-01T15:17:24+00:00","dateModified":"2025-12-01T15:17:24+00:00","author":{"@id":"https:\/\/www.wesolyskrzat.edu.pl\/#\/schema\/person\/665c990d766e7b21f5731227b7d3f0f6"},"breadcrumb":{"@id":"https:\/\/www.wesolyskrzat.edu.pl\/index.php\/2025\/12\/01\/dzien-pluszowego-misia-13\/#breadcrumb"},"inLanguage":"pl-PL","potentialAction":[{"@type":"ReadAction","target":["https:\/\/www.wesolyskrzat.edu.pl\/index.php\/2025\/12\/01\/dzien-pluszowego-misia-13\/"]}]},{"@type":"BreadcrumbList","@id":"https:\/\/www.wesolyskrzat.edu.pl\/index.php\/2025\/12\/01\/dzien-pluszowego-misia-13\/#breadcrumb","itemListElement":[{"@type":"ListItem","position":1,"name":"Home","item":"https:\/\/www.wesolyskrzat.edu.pl\/"},{"@type":"ListItem","position":2,"name":"Dzie\u0144 Pluszowego Misia"}]},{"@type":"Person","@id":"https:\/\/www.wesolyskrzat.edu.pl\/#\/schema\/person\/665c990d766e7b21f5731227b7d3f0f6","name":"Paulina Pyci\u0144ska","image":{"@type":"ImageObject","@id":"https:\/\/www.wesolyskrzat.edu.pl\/#personlogo","inLanguage":"pl-PL","url":"https:\/\/secure.gravatar.com\/avatar\/3e43e454ecfe17681ca5008a70eb6887dad418e79fd9180caf1239bb35b78d67?s=96&d=mm&r=g","contentUrl":"https:\/\/secure.gravatar.com\/avatar\/3e43e454ecfe17681ca5008a70eb6887dad418e79fd9180caf1239bb35b78d67?s=96&d=mm&r=g","caption":"Paulina Pyci\u0144ska"},"url":"https:\/\/www.wesolyskrzat.edu.pl\/index.php\/author\/pycinska\/"}]}},"_links":{"self":[{"href":"https:\/\/www.wesolyskrzat.edu.pl\/index.php\/wp-json\/wp\/v2\/posts\/7672","targetHints":{"allow":["GET"]}}],"collection":[{"href":"https:\/\/www.wesolyskrzat.edu.pl\/index.php\/wp-json\/wp\/v2\/posts"}],"about":[{"href":"https:\/\/www.wesolyskrzat.edu.pl\/index.php\/wp-json\/wp\/v2\/types\/post"}],"author":[{"embeddable":true,"href":"https:\/\/www.wesolyskrzat.edu.pl\/index.php\/wp-json\/wp\/v2\/users\/3"}],"replies":[{"embeddable":true,"href":"https:\/\/www.wesolyskrzat.edu.pl\/index.php\/wp-json\/wp\/v2\/comments?post=7672"}],"version-history":[{"count":1,"href":"https:\/\/www.wesolyskrzat.edu.pl\/index.php\/wp-json\/wp\/v2\/posts\/7672\/revisions"}],"predecessor-version":[{"id":7683,"href":"https:\/\/www.wesolyskrzat.edu.pl\/index.php\/wp-json\/wp\/v2\/posts\/7672\/revisions\/7683"}],"wp:attachment":[{"href":"https:\/\/www.wesolyskrzat.edu.pl\/index.php\/wp-json\/wp\/v2\/media?parent=7672"}],"wp:term":[{"taxonomy":"category","embeddable":true,"href":"https:\/\/www.wesolyskrzat.edu.pl\/index.php\/wp-json\/wp\/v2\/categories?post=7672"},{"taxonomy":"post_tag","embeddable":true,"href":"https:\/\/www.wesolyskrzat.edu.pl\/index.php\/wp-json\/wp\/v2\/tags?post=7672"}],"curies":[{"name":"wp","href":"https:\/\/api.w.org\/{rel}","templated":true}]}}