{"id":7651,"date":"2025-12-01T16:05:33","date_gmt":"2025-12-01T15:05:33","guid":{"rendered":"https:\/\/www.wesolyskrzat.edu.pl\/?p=7651"},"modified":"2025-12-01T16:05:34","modified_gmt":"2025-12-01T15:05:34","slug":"dzien-pluszowego-misia-12","status":"publish","type":"post","link":"https:\/\/www.wesolyskrzat.edu.pl\/index.php\/2025\/12\/01\/dzien-pluszowego-misia-12\/","title":{"rendered":"Dzie\u0144 Pluszowego Misia"},"content":{"rendered":"\n<p>25.11. Smerfy obchodzi\u0142y Dzie\u0144 Pluszowego Misia. Zaznajomi\u0142y si\u0119 z histori\u0105 powstania misia. Poprzez wsp\u00f3ln\u0105 zabaw\u0119, \u015bpiew czytanie i zaj\u0119cia plastyczne rozwija\u0142y umiej\u0119tno\u015bci spo\u0142eczne i tw\u00f3rcze. Dzie\u0144 mia\u0142 te\u017c na celu integracj\u0119 dzieci,\u00a0 dostarczenie im rado\u015bci, wzmacnianie wi\u0119zi i rozwijanie indywidualnych zdolno\u015bci.<\/p>\n\n\n\n<figure class=\"wp-block-gallery has-nested-images columns-2 is-cropped wp-block-gallery-1 is-layout-flex wp-block-gallery-is-layout-flex\">\n<figure class=\"wp-block-image size-full\"><img loading=\"lazy\" decoding=\"async\" width=\"2560\" height=\"1920\" data-id=\"7652\" src=\"https:\/\/www.wesolyskrzat.edu.pl\/wp-content\/uploads\/2025\/12\/1000022581-scaled.jpg\" alt=\"\" class=\"wp-image-7652\" srcset=\"https:\/\/www.wesolyskrzat.edu.pl\/wp-content\/uploads\/2025\/12\/1000022581-scaled.jpg 2560w, https:\/\/www.wesolyskrzat.edu.pl\/wp-content\/uploads\/2025\/12\/1000022581-300x225.jpg 300w, https:\/\/www.wesolyskrzat.edu.pl\/wp-content\/uploads\/2025\/12\/1000022581-1024x768.jpg 1024w, https:\/\/www.wesolyskrzat.edu.pl\/wp-content\/uploads\/2025\/12\/1000022581-768x576.jpg 768w, https:\/\/www.wesolyskrzat.edu.pl\/wp-content\/uploads\/2025\/12\/1000022581-1536x1152.jpg 1536w, https:\/\/www.wesolyskrzat.edu.pl\/wp-content\/uploads\/2025\/12\/1000022581-2048x1536.jpg 2048w\" sizes=\"auto, (max-width: 2560px) 100vw, 2560px\" \/><\/figure>\n\n\n\n<figure class=\"wp-block-image size-full\"><img loading=\"lazy\" decoding=\"async\" width=\"2560\" height=\"1920\" data-id=\"7656\" src=\"https:\/\/www.wesolyskrzat.edu.pl\/wp-content\/uploads\/2025\/12\/1000022582-scaled.jpg\" alt=\"\" class=\"wp-image-7656\" srcset=\"https:\/\/www.wesolyskrzat.edu.pl\/wp-content\/uploads\/2025\/12\/1000022582-scaled.jpg 2560w, https:\/\/www.wesolyskrzat.edu.pl\/wp-content\/uploads\/2025\/12\/1000022582-300x225.jpg 300w, https:\/\/www.wesolyskrzat.edu.pl\/wp-content\/uploads\/2025\/12\/1000022582-1024x768.jpg 1024w, https:\/\/www.wesolyskrzat.edu.pl\/wp-content\/uploads\/2025\/12\/1000022582-768x576.jpg 768w, https:\/\/www.wesolyskrzat.edu.pl\/wp-content\/uploads\/2025\/12\/1000022582-1536x1152.jpg 1536w, https:\/\/www.wesolyskrzat.edu.pl\/wp-content\/uploads\/2025\/12\/1000022582-2048x1536.jpg 2048w\" sizes=\"auto, (max-width: 2560px) 100vw, 2560px\" \/><\/figure>\n\n\n\n<figure class=\"wp-block-image size-full\"><img loading=\"lazy\" decoding=\"async\" width=\"2560\" height=\"1920\" data-id=\"7654\" src=\"https:\/\/www.wesolyskrzat.edu.pl\/wp-content\/uploads\/2025\/12\/1000022587-scaled.jpg\" alt=\"\" class=\"wp-image-7654\" srcset=\"https:\/\/www.wesolyskrzat.edu.pl\/wp-content\/uploads\/2025\/12\/1000022587-scaled.jpg 2560w, https:\/\/www.wesolyskrzat.edu.pl\/wp-content\/uploads\/2025\/12\/1000022587-300x225.jpg 300w, https:\/\/www.wesolyskrzat.edu.pl\/wp-content\/uploads\/2025\/12\/1000022587-1024x768.jpg 1024w, https:\/\/www.wesolyskrzat.edu.pl\/wp-content\/uploads\/2025\/12\/1000022587-768x576.jpg 768w, https:\/\/www.wesolyskrzat.edu.pl\/wp-content\/uploads\/2025\/12\/1000022587-1536x1152.jpg 1536w, https:\/\/www.wesolyskrzat.edu.pl\/wp-content\/uploads\/2025\/12\/1000022587-2048x1536.jpg 2048w\" sizes=\"auto, (max-width: 2560px) 100vw, 2560px\" \/><\/figure>\n\n\n\n<figure class=\"wp-block-image size-full\"><img loading=\"lazy\" decoding=\"async\" width=\"2560\" height=\"1920\" data-id=\"7653\" src=\"https:\/\/www.wesolyskrzat.edu.pl\/wp-content\/uploads\/2025\/12\/1000022593-scaled.jpg\" alt=\"\" class=\"wp-image-7653\" srcset=\"https:\/\/www.wesolyskrzat.edu.pl\/wp-content\/uploads\/2025\/12\/1000022593-scaled.jpg 2560w, https:\/\/www.wesolyskrzat.edu.pl\/wp-content\/uploads\/2025\/12\/1000022593-300x225.jpg 300w, https:\/\/www.wesolyskrzat.edu.pl\/wp-content\/uploads\/2025\/12\/1000022593-1024x768.jpg 1024w, https:\/\/www.wesolyskrzat.edu.pl\/wp-content\/uploads\/2025\/12\/1000022593-768x576.jpg 768w, https:\/\/www.wesolyskrzat.edu.pl\/wp-content\/uploads\/2025\/12\/1000022593-1536x1152.jpg 1536w, https:\/\/www.wesolyskrzat.edu.pl\/wp-content\/uploads\/2025\/12\/1000022593-2048x1536.jpg 2048w\" sizes=\"auto, (max-width: 2560px) 100vw, 2560px\" \/><\/figure>\n\n\n\n<figure class=\"wp-block-image size-full\"><img loading=\"lazy\" decoding=\"async\" width=\"2560\" height=\"1920\" data-id=\"7655\" src=\"https:\/\/www.wesolyskrzat.edu.pl\/wp-content\/uploads\/2025\/12\/1000022594-scaled.jpg\" alt=\"\" class=\"wp-image-7655\" srcset=\"https:\/\/www.wesolyskrzat.edu.pl\/wp-content\/uploads\/2025\/12\/1000022594-scaled.jpg 2560w, https:\/\/www.wesolyskrzat.edu.pl\/wp-content\/uploads\/2025\/12\/1000022594-300x225.jpg 300w, https:\/\/www.wesolyskrzat.edu.pl\/wp-content\/uploads\/2025\/12\/1000022594-1024x768.jpg 1024w, https:\/\/www.wesolyskrzat.edu.pl\/wp-content\/uploads\/2025\/12\/1000022594-768x576.jpg 768w, https:\/\/www.wesolyskrzat.edu.pl\/wp-content\/uploads\/2025\/12\/1000022594-1536x1152.jpg 1536w, https:\/\/www.wesolyskrzat.edu.pl\/wp-content\/uploads\/2025\/12\/1000022594-2048x1536.jpg 2048w\" sizes=\"auto, (max-width: 2560px) 100vw, 2560px\" \/><\/figure>\n<\/figure>\n","protected":false},"excerpt":{"rendered":"<p>25.11. Smerfy obchodzi\u0142y Dzie\u0144 Pluszowego Misia. Zaznajomi\u0142y si\u0119 z histori\u0105 powstania misia. Poprzez wsp\u00f3ln\u0105 zabaw\u0119, \u015bpiew czytanie i zaj\u0119cia plastyczne rozwija\u0142y umiej\u0119tno\u015bci spo\u0142eczne i tw\u00f3rcze. Dzie\u0144 mia\u0142 te\u017c na celu integracj\u0119 dzieci,\u00a0 dostarczenie im rado\u015bci, wzmacnianie wi\u0119zi i rozwijanie indywidualnych zdolno\u015bci.<\/p>\n","protected":false},"author":3,"featured_media":0,"comment_status":"closed","ping_status":"open","sticky":false,"template":"","format":"standard","meta":{"footnotes":""},"categories":[47],"tags":[],"class_list":["post-7651","post","type-post","status-publish","format-standard","hentry","category-smerfy-4-latki"],"yoast_head":"<!-- This site is optimized with the Yoast SEO plugin v18.5.1 - https:\/\/yoast.com\/wordpress\/plugins\/seo\/ -->\n<title>Dzie\u0144 Pluszowego Misia - Weso\u0142y Skrzat<\/title>\n<meta name=\"robots\" content=\"index, follow, max-snippet:-1, max-image-preview:large, max-video-preview:-1\" \/>\n<link rel=\"canonical\" href=\"https:\/\/www.wesolyskrzat.edu.pl\/index.php\/2025\/12\/01\/dzien-pluszowego-misia-12\/\" \/>\n<meta property=\"og:locale\" content=\"pl_PL\" \/>\n<meta property=\"og:type\" content=\"article\" \/>\n<meta property=\"og:title\" content=\"Dzie\u0144 Pluszowego Misia - Weso\u0142y Skrzat\" \/>\n<meta property=\"og:description\" content=\"25.11. Smerfy obchodzi\u0142y Dzie\u0144 Pluszowego Misia. Zaznajomi\u0142y si\u0119 z histori\u0105 powstania misia. Poprzez wsp\u00f3ln\u0105 zabaw\u0119, \u015bpiew czytanie i zaj\u0119cia plastyczne rozwija\u0142y umiej\u0119tno\u015bci spo\u0142eczne i tw\u00f3rcze. Dzie\u0144 mia\u0142 te\u017c na celu integracj\u0119 dzieci,\u00a0 dostarczenie im rado\u015bci, wzmacnianie wi\u0119zi i rozwijanie indywidualnych zdolno\u015bci.\" \/>\n<meta property=\"og:url\" content=\"https:\/\/www.wesolyskrzat.edu.pl\/index.php\/2025\/12\/01\/dzien-pluszowego-misia-12\/\" \/>\n<meta property=\"og:site_name\" content=\"Weso\u0142y Skrzat\" \/>\n<meta property=\"article:published_time\" content=\"2025-12-01T15:05:33+00:00\" \/>\n<meta property=\"article:modified_time\" content=\"2025-12-01T15:05:34+00:00\" \/>\n<meta property=\"og:image\" content=\"https:\/\/www.wesolyskrzat.edu.pl\/wp-content\/uploads\/2025\/12\/1000022581-scaled.jpg\" \/>\n<meta name=\"twitter:card\" content=\"summary_large_image\" \/>\n<meta name=\"twitter:label1\" content=\"Napisane przez\" \/>\n\t<meta name=\"twitter:data1\" content=\"Paulina Pyci\u0144ska\" \/>\n<script type=\"application\/ld+json\" class=\"yoast-schema-graph\">{\"@context\":\"https:\/\/schema.org\",\"@graph\":[{\"@type\":\"WebSite\",\"@id\":\"https:\/\/www.wesolyskrzat.edu.pl\/#website\",\"url\":\"https:\/\/www.wesolyskrzat.edu.pl\/\",\"name\":\"Weso\u0142y Skrzat\",\"description\":\"Najpi\u0119kniejsze przedszkole w Markach\",\"potentialAction\":[{\"@type\":\"SearchAction\",\"target\":{\"@type\":\"EntryPoint\",\"urlTemplate\":\"https:\/\/www.wesolyskrzat.edu.pl\/?s={search_term_string}\"},\"query-input\":\"required name=search_term_string\"}],\"inLanguage\":\"pl-PL\"},{\"@type\":\"ImageObject\",\"@id\":\"https:\/\/www.wesolyskrzat.edu.pl\/index.php\/2025\/12\/01\/dzien-pluszowego-misia-12\/#primaryimage\",\"inLanguage\":\"pl-PL\",\"url\":\"https:\/\/www.wesolyskrzat.edu.pl\/wp-content\/uploads\/2025\/12\/1000022581-scaled.jpg\",\"contentUrl\":\"https:\/\/www.wesolyskrzat.edu.pl\/wp-content\/uploads\/2025\/12\/1000022581-scaled.jpg\",\"width\":2560,\"height\":1920},{\"@type\":\"WebPage\",\"@id\":\"https:\/\/www.wesolyskrzat.edu.pl\/index.php\/2025\/12\/01\/dzien-pluszowego-misia-12\/#webpage\",\"url\":\"https:\/\/www.wesolyskrzat.edu.pl\/index.php\/2025\/12\/01\/dzien-pluszowego-misia-12\/\",\"name\":\"Dzie\u0144 Pluszowego Misia - Weso\u0142y Skrzat\",\"isPartOf\":{\"@id\":\"https:\/\/www.wesolyskrzat.edu.pl\/#website\"},\"primaryImageOfPage\":{\"@id\":\"https:\/\/www.wesolyskrzat.edu.pl\/index.php\/2025\/12\/01\/dzien-pluszowego-misia-12\/#primaryimage\"},\"datePublished\":\"2025-12-01T15:05:33+00:00\",\"dateModified\":\"2025-12-01T15:05:34+00:00\",\"author\":{\"@id\":\"https:\/\/www.wesolyskrzat.edu.pl\/#\/schema\/person\/665c990d766e7b21f5731227b7d3f0f6\"},\"breadcrumb\":{\"@id\":\"https:\/\/www.wesolyskrzat.edu.pl\/index.php\/2025\/12\/01\/dzien-pluszowego-misia-12\/#breadcrumb\"},\"inLanguage\":\"pl-PL\",\"potentialAction\":[{\"@type\":\"ReadAction\",\"target\":[\"https:\/\/www.wesolyskrzat.edu.pl\/index.php\/2025\/12\/01\/dzien-pluszowego-misia-12\/\"]}]},{\"@type\":\"BreadcrumbList\",\"@id\":\"https:\/\/www.wesolyskrzat.edu.pl\/index.php\/2025\/12\/01\/dzien-pluszowego-misia-12\/#breadcrumb\",\"itemListElement\":[{\"@type\":\"ListItem\",\"position\":1,\"name\":\"Home\",\"item\":\"https:\/\/www.wesolyskrzat.edu.pl\/\"},{\"@type\":\"ListItem\",\"position\":2,\"name\":\"Dzie\u0144 Pluszowego Misia\"}]},{\"@type\":\"Person\",\"@id\":\"https:\/\/www.wesolyskrzat.edu.pl\/#\/schema\/person\/665c990d766e7b21f5731227b7d3f0f6\",\"name\":\"Paulina Pyci\u0144ska\",\"image\":{\"@type\":\"ImageObject\",\"@id\":\"https:\/\/www.wesolyskrzat.edu.pl\/#personlogo\",\"inLanguage\":\"pl-PL\",\"url\":\"https:\/\/secure.gravatar.com\/avatar\/3e43e454ecfe17681ca5008a70eb6887dad418e79fd9180caf1239bb35b78d67?s=96&d=mm&r=g\",\"contentUrl\":\"https:\/\/secure.gravatar.com\/avatar\/3e43e454ecfe17681ca5008a70eb6887dad418e79fd9180caf1239bb35b78d67?s=96&d=mm&r=g\",\"caption\":\"Paulina Pyci\u0144ska\"},\"url\":\"https:\/\/www.wesolyskrzat.edu.pl\/index.php\/author\/pycinska\/\"}]}<\/script>\n<!-- \/ Yoast SEO plugin. -->","yoast_head_json":{"title":"Dzie\u0144 Pluszowego Misia - Weso\u0142y Skrzat","robots":{"index":"index","follow":"follow","max-snippet":"max-snippet:-1","max-image-preview":"max-image-preview:large","max-video-preview":"max-video-preview:-1"},"canonical":"https:\/\/www.wesolyskrzat.edu.pl\/index.php\/2025\/12\/01\/dzien-pluszowego-misia-12\/","og_locale":"pl_PL","og_type":"article","og_title":"Dzie\u0144 Pluszowego Misia - Weso\u0142y Skrzat","og_description":"25.11. Smerfy obchodzi\u0142y Dzie\u0144 Pluszowego Misia. Zaznajomi\u0142y si\u0119 z histori\u0105 powstania misia. Poprzez wsp\u00f3ln\u0105 zabaw\u0119, \u015bpiew czytanie i zaj\u0119cia plastyczne rozwija\u0142y umiej\u0119tno\u015bci spo\u0142eczne i tw\u00f3rcze. Dzie\u0144 mia\u0142 te\u017c na celu integracj\u0119 dzieci,\u00a0 dostarczenie im rado\u015bci, wzmacnianie wi\u0119zi i rozwijanie indywidualnych zdolno\u015bci.","og_url":"https:\/\/www.wesolyskrzat.edu.pl\/index.php\/2025\/12\/01\/dzien-pluszowego-misia-12\/","og_site_name":"Weso\u0142y Skrzat","article_published_time":"2025-12-01T15:05:33+00:00","article_modified_time":"2025-12-01T15:05:34+00:00","og_image":[{"url":"https:\/\/www.wesolyskrzat.edu.pl\/wp-content\/uploads\/2025\/12\/1000022581-scaled.jpg"}],"twitter_card":"summary_large_image","twitter_misc":{"Napisane przez":"Paulina Pyci\u0144ska"},"schema":{"@context":"https:\/\/schema.org","@graph":[{"@type":"WebSite","@id":"https:\/\/www.wesolyskrzat.edu.pl\/#website","url":"https:\/\/www.wesolyskrzat.edu.pl\/","name":"Weso\u0142y Skrzat","description":"Najpi\u0119kniejsze przedszkole w Markach","potentialAction":[{"@type":"SearchAction","target":{"@type":"EntryPoint","urlTemplate":"https:\/\/www.wesolyskrzat.edu.pl\/?s={search_term_string}"},"query-input":"required name=search_term_string"}],"inLanguage":"pl-PL"},{"@type":"ImageObject","@id":"https:\/\/www.wesolyskrzat.edu.pl\/index.php\/2025\/12\/01\/dzien-pluszowego-misia-12\/#primaryimage","inLanguage":"pl-PL","url":"https:\/\/www.wesolyskrzat.edu.pl\/wp-content\/uploads\/2025\/12\/1000022581-scaled.jpg","contentUrl":"https:\/\/www.wesolyskrzat.edu.pl\/wp-content\/uploads\/2025\/12\/1000022581-scaled.jpg","width":2560,"height":1920},{"@type":"WebPage","@id":"https:\/\/www.wesolyskrzat.edu.pl\/index.php\/2025\/12\/01\/dzien-pluszowego-misia-12\/#webpage","url":"https:\/\/www.wesolyskrzat.edu.pl\/index.php\/2025\/12\/01\/dzien-pluszowego-misia-12\/","name":"Dzie\u0144 Pluszowego Misia - Weso\u0142y Skrzat","isPartOf":{"@id":"https:\/\/www.wesolyskrzat.edu.pl\/#website"},"primaryImageOfPage":{"@id":"https:\/\/www.wesolyskrzat.edu.pl\/index.php\/2025\/12\/01\/dzien-pluszowego-misia-12\/#primaryimage"},"datePublished":"2025-12-01T15:05:33+00:00","dateModified":"2025-12-01T15:05:34+00:00","author":{"@id":"https:\/\/www.wesolyskrzat.edu.pl\/#\/schema\/person\/665c990d766e7b21f5731227b7d3f0f6"},"breadcrumb":{"@id":"https:\/\/www.wesolyskrzat.edu.pl\/index.php\/2025\/12\/01\/dzien-pluszowego-misia-12\/#breadcrumb"},"inLanguage":"pl-PL","potentialAction":[{"@type":"ReadAction","target":["https:\/\/www.wesolyskrzat.edu.pl\/index.php\/2025\/12\/01\/dzien-pluszowego-misia-12\/"]}]},{"@type":"BreadcrumbList","@id":"https:\/\/www.wesolyskrzat.edu.pl\/index.php\/2025\/12\/01\/dzien-pluszowego-misia-12\/#breadcrumb","itemListElement":[{"@type":"ListItem","position":1,"name":"Home","item":"https:\/\/www.wesolyskrzat.edu.pl\/"},{"@type":"ListItem","position":2,"name":"Dzie\u0144 Pluszowego Misia"}]},{"@type":"Person","@id":"https:\/\/www.wesolyskrzat.edu.pl\/#\/schema\/person\/665c990d766e7b21f5731227b7d3f0f6","name":"Paulina Pyci\u0144ska","image":{"@type":"ImageObject","@id":"https:\/\/www.wesolyskrzat.edu.pl\/#personlogo","inLanguage":"pl-PL","url":"https:\/\/secure.gravatar.com\/avatar\/3e43e454ecfe17681ca5008a70eb6887dad418e79fd9180caf1239bb35b78d67?s=96&d=mm&r=g","contentUrl":"https:\/\/secure.gravatar.com\/avatar\/3e43e454ecfe17681ca5008a70eb6887dad418e79fd9180caf1239bb35b78d67?s=96&d=mm&r=g","caption":"Paulina Pyci\u0144ska"},"url":"https:\/\/www.wesolyskrzat.edu.pl\/index.php\/author\/pycinska\/"}]}},"_links":{"self":[{"href":"https:\/\/www.wesolyskrzat.edu.pl\/index.php\/wp-json\/wp\/v2\/posts\/7651","targetHints":{"allow":["GET"]}}],"collection":[{"href":"https:\/\/www.wesolyskrzat.edu.pl\/index.php\/wp-json\/wp\/v2\/posts"}],"about":[{"href":"https:\/\/www.wesolyskrzat.edu.pl\/index.php\/wp-json\/wp\/v2\/types\/post"}],"author":[{"embeddable":true,"href":"https:\/\/www.wesolyskrzat.edu.pl\/index.php\/wp-json\/wp\/v2\/users\/3"}],"replies":[{"embeddable":true,"href":"https:\/\/www.wesolyskrzat.edu.pl\/index.php\/wp-json\/wp\/v2\/comments?post=7651"}],"version-history":[{"count":1,"href":"https:\/\/www.wesolyskrzat.edu.pl\/index.php\/wp-json\/wp\/v2\/posts\/7651\/revisions"}],"predecessor-version":[{"id":7657,"href":"https:\/\/www.wesolyskrzat.edu.pl\/index.php\/wp-json\/wp\/v2\/posts\/7651\/revisions\/7657"}],"wp:attachment":[{"href":"https:\/\/www.wesolyskrzat.edu.pl\/index.php\/wp-json\/wp\/v2\/media?parent=7651"}],"wp:term":[{"taxonomy":"category","embeddable":true,"href":"https:\/\/www.wesolyskrzat.edu.pl\/index.php\/wp-json\/wp\/v2\/categories?post=7651"},{"taxonomy":"post_tag","embeddable":true,"href":"https:\/\/www.wesolyskrzat.edu.pl\/index.php\/wp-json\/wp\/v2\/tags?post=7651"}],"curies":[{"name":"wp","href":"https:\/\/api.w.org\/{rel}","templated":true}]}}