{"id":7583,"date":"2025-12-01T15:28:42","date_gmt":"2025-12-01T14:28:42","guid":{"rendered":"https:\/\/www.wesolyskrzat.edu.pl\/?p=7583"},"modified":"2025-12-02T15:00:21","modified_gmt":"2025-12-02T14:00:21","slug":"dzien-pluszowego-misia-8","status":"publish","type":"post","link":"https:\/\/www.wesolyskrzat.edu.pl\/index.php\/2025\/12\/01\/dzien-pluszowego-misia-8\/","title":{"rendered":"Dzie\u0144 Pluszowego Misia"},"content":{"rendered":"\n<p>25 listopada 2025 r. dzieci z grupy Krasnale obchodzi\u0142y \u015awi\u0119to Pluszowego Misia. Przyniesione pluszaki towarzyszy\u0142y im we wsp\u00f3lnej zabawie, a dzieci bawi\u0142y si\u0119 wy\u015bmienicie ze swoimi ulubionymi przytulankami.<\/p>\n\n\n\n<figure class=\"wp-block-gallery has-nested-images columns-default is-cropped wp-block-gallery-1 is-layout-flex wp-block-gallery-is-layout-flex\">\n<figure class=\"wp-block-image size-full\"><img loading=\"lazy\" decoding=\"async\" width=\"2560\" height=\"2560\" data-id=\"7703\" src=\"https:\/\/www.wesolyskrzat.edu.pl\/wp-content\/uploads\/2025\/12\/IMG_20251125_102756-scaled.jpg\" alt=\"\" class=\"wp-image-7703\" srcset=\"https:\/\/www.wesolyskrzat.edu.pl\/wp-content\/uploads\/2025\/12\/IMG_20251125_102756-scaled.jpg 2560w, https:\/\/www.wesolyskrzat.edu.pl\/wp-content\/uploads\/2025\/12\/IMG_20251125_102756-300x300.jpg 300w, https:\/\/www.wesolyskrzat.edu.pl\/wp-content\/uploads\/2025\/12\/IMG_20251125_102756-1024x1024.jpg 1024w, https:\/\/www.wesolyskrzat.edu.pl\/wp-content\/uploads\/2025\/12\/IMG_20251125_102756-150x150.jpg 150w, https:\/\/www.wesolyskrzat.edu.pl\/wp-content\/uploads\/2025\/12\/IMG_20251125_102756-768x768.jpg 768w, https:\/\/www.wesolyskrzat.edu.pl\/wp-content\/uploads\/2025\/12\/IMG_20251125_102756-1536x1536.jpg 1536w, https:\/\/www.wesolyskrzat.edu.pl\/wp-content\/uploads\/2025\/12\/IMG_20251125_102756-2048x2048.jpg 2048w\" sizes=\"auto, (max-width: 2560px) 100vw, 2560px\" \/><\/figure>\n<\/figure>\n\n\n\n<figure class=\"wp-block-gallery has-nested-images columns-2 is-cropped wp-block-gallery-2 is-layout-flex wp-block-gallery-is-layout-flex\">\n<figure class=\"wp-block-image size-full\"><img loading=\"lazy\" decoding=\"async\" width=\"2560\" height=\"2560\" data-id=\"7589\" src=\"https:\/\/www.wesolyskrzat.edu.pl\/wp-content\/uploads\/2025\/12\/IMG_20251125_134851-scaled.jpg\" alt=\"\" class=\"wp-image-7589\" srcset=\"https:\/\/www.wesolyskrzat.edu.pl\/wp-content\/uploads\/2025\/12\/IMG_20251125_134851-scaled.jpg 2560w, https:\/\/www.wesolyskrzat.edu.pl\/wp-content\/uploads\/2025\/12\/IMG_20251125_134851-300x300.jpg 300w, https:\/\/www.wesolyskrzat.edu.pl\/wp-content\/uploads\/2025\/12\/IMG_20251125_134851-1024x1024.jpg 1024w, https:\/\/www.wesolyskrzat.edu.pl\/wp-content\/uploads\/2025\/12\/IMG_20251125_134851-150x150.jpg 150w, https:\/\/www.wesolyskrzat.edu.pl\/wp-content\/uploads\/2025\/12\/IMG_20251125_134851-768x768.jpg 768w, https:\/\/www.wesolyskrzat.edu.pl\/wp-content\/uploads\/2025\/12\/IMG_20251125_134851-1536x1536.jpg 1536w, https:\/\/www.wesolyskrzat.edu.pl\/wp-content\/uploads\/2025\/12\/IMG_20251125_134851-2048x2048.jpg 2048w\" sizes=\"auto, (max-width: 2560px) 100vw, 2560px\" \/><\/figure>\n\n\n\n<figure class=\"wp-block-image size-full\"><img loading=\"lazy\" decoding=\"async\" width=\"1775\" height=\"2560\" data-id=\"7588\" src=\"https:\/\/www.wesolyskrzat.edu.pl\/wp-content\/uploads\/2025\/12\/IMG_20251125_181244-scaled.jpg\" alt=\"\" class=\"wp-image-7588\" srcset=\"https:\/\/www.wesolyskrzat.edu.pl\/wp-content\/uploads\/2025\/12\/IMG_20251125_181244-scaled.jpg 1775w, https:\/\/www.wesolyskrzat.edu.pl\/wp-content\/uploads\/2025\/12\/IMG_20251125_181244-208x300.jpg 208w, https:\/\/www.wesolyskrzat.edu.pl\/wp-content\/uploads\/2025\/12\/IMG_20251125_181244-710x1024.jpg 710w, https:\/\/www.wesolyskrzat.edu.pl\/wp-content\/uploads\/2025\/12\/IMG_20251125_181244-768x1108.jpg 768w, https:\/\/www.wesolyskrzat.edu.pl\/wp-content\/uploads\/2025\/12\/IMG_20251125_181244-1065x1536.jpg 1065w, https:\/\/www.wesolyskrzat.edu.pl\/wp-content\/uploads\/2025\/12\/IMG_20251125_181244-1420x2048.jpg 1420w\" sizes=\"auto, (max-width: 1775px) 100vw, 1775px\" \/><\/figure>\n\n\n\n<figure class=\"wp-block-image size-full\"><img loading=\"lazy\" decoding=\"async\" width=\"1917\" height=\"2560\" data-id=\"7587\" src=\"https:\/\/www.wesolyskrzat.edu.pl\/wp-content\/uploads\/2025\/12\/IMG_20251125_180934-scaled.jpg\" alt=\"\" class=\"wp-image-7587\" srcset=\"https:\/\/www.wesolyskrzat.edu.pl\/wp-content\/uploads\/2025\/12\/IMG_20251125_180934-scaled.jpg 1917w, https:\/\/www.wesolyskrzat.edu.pl\/wp-content\/uploads\/2025\/12\/IMG_20251125_180934-225x300.jpg 225w, https:\/\/www.wesolyskrzat.edu.pl\/wp-content\/uploads\/2025\/12\/IMG_20251125_180934-767x1024.jpg 767w, https:\/\/www.wesolyskrzat.edu.pl\/wp-content\/uploads\/2025\/12\/IMG_20251125_180934-768x1025.jpg 768w, https:\/\/www.wesolyskrzat.edu.pl\/wp-content\/uploads\/2025\/12\/IMG_20251125_180934-1150x1536.jpg 1150w, https:\/\/www.wesolyskrzat.edu.pl\/wp-content\/uploads\/2025\/12\/IMG_20251125_180934-1534x2048.jpg 1534w\" sizes=\"auto, (max-width: 1917px) 100vw, 1917px\" \/><\/figure>\n\n\n\n<figure class=\"wp-block-image size-full\"><img loading=\"lazy\" decoding=\"async\" width=\"1080\" height=\"1819\" data-id=\"7586\" src=\"https:\/\/www.wesolyskrzat.edu.pl\/wp-content\/uploads\/2025\/12\/IMG_20251125_140106.jpg\" alt=\"\" class=\"wp-image-7586\" srcset=\"https:\/\/www.wesolyskrzat.edu.pl\/wp-content\/uploads\/2025\/12\/IMG_20251125_140106.jpg 1080w, https:\/\/www.wesolyskrzat.edu.pl\/wp-content\/uploads\/2025\/12\/IMG_20251125_140106-178x300.jpg 178w, https:\/\/www.wesolyskrzat.edu.pl\/wp-content\/uploads\/2025\/12\/IMG_20251125_140106-608x1024.jpg 608w, https:\/\/www.wesolyskrzat.edu.pl\/wp-content\/uploads\/2025\/12\/IMG_20251125_140106-768x1294.jpg 768w, https:\/\/www.wesolyskrzat.edu.pl\/wp-content\/uploads\/2025\/12\/IMG_20251125_140106-912x1536.jpg 912w\" sizes=\"auto, (max-width: 1080px) 100vw, 1080px\" \/><\/figure>\n\n\n\n<figure class=\"wp-block-image size-full\"><img loading=\"lazy\" decoding=\"async\" width=\"1536\" height=\"2048\" data-id=\"7585\" src=\"https:\/\/www.wesolyskrzat.edu.pl\/wp-content\/uploads\/2025\/12\/Messenger_creation_D2377738-690E-4D59-9F9D-DCB18211D01F.jpeg\" alt=\"\" class=\"wp-image-7585\" srcset=\"https:\/\/www.wesolyskrzat.edu.pl\/wp-content\/uploads\/2025\/12\/Messenger_creation_D2377738-690E-4D59-9F9D-DCB18211D01F.jpeg 1536w, https:\/\/www.wesolyskrzat.edu.pl\/wp-content\/uploads\/2025\/12\/Messenger_creation_D2377738-690E-4D59-9F9D-DCB18211D01F-225x300.jpeg 225w, https:\/\/www.wesolyskrzat.edu.pl\/wp-content\/uploads\/2025\/12\/Messenger_creation_D2377738-690E-4D59-9F9D-DCB18211D01F-768x1024.jpeg 768w, https:\/\/www.wesolyskrzat.edu.pl\/wp-content\/uploads\/2025\/12\/Messenger_creation_D2377738-690E-4D59-9F9D-DCB18211D01F-1152x1536.jpeg 1152w\" sizes=\"auto, (max-width: 1536px) 100vw, 1536px\" \/><\/figure>\n\n\n\n<figure class=\"wp-block-image size-full\"><img loading=\"lazy\" decoding=\"async\" width=\"1536\" height=\"2048\" data-id=\"7584\" src=\"https:\/\/www.wesolyskrzat.edu.pl\/wp-content\/uploads\/2025\/12\/Messenger_creation_4AB632A1-ECB0-416C-B8C0-B229681F1D26.jpeg\" alt=\"\" class=\"wp-image-7584\" srcset=\"https:\/\/www.wesolyskrzat.edu.pl\/wp-content\/uploads\/2025\/12\/Messenger_creation_4AB632A1-ECB0-416C-B8C0-B229681F1D26.jpeg 1536w, https:\/\/www.wesolyskrzat.edu.pl\/wp-content\/uploads\/2025\/12\/Messenger_creation_4AB632A1-ECB0-416C-B8C0-B229681F1D26-225x300.jpeg 225w, https:\/\/www.wesolyskrzat.edu.pl\/wp-content\/uploads\/2025\/12\/Messenger_creation_4AB632A1-ECB0-416C-B8C0-B229681F1D26-768x1024.jpeg 768w, https:\/\/www.wesolyskrzat.edu.pl\/wp-content\/uploads\/2025\/12\/Messenger_creation_4AB632A1-ECB0-416C-B8C0-B229681F1D26-1152x1536.jpeg 1152w\" sizes=\"auto, (max-width: 1536px) 100vw, 1536px\" \/><\/figure>\n<\/figure>\n","protected":false},"excerpt":{"rendered":"<p>25 listopada 2025 r. dzieci z grupy Krasnale obchodzi\u0142y \u015awi\u0119to Pluszowego Misia. Przyniesione pluszaki towarzyszy\u0142y im we wsp\u00f3lnej zabawie, a dzieci bawi\u0142y si\u0119 wy\u015bmienicie ze swoimi ulubionymi przytulankami.<\/p>\n","protected":false},"author":3,"featured_media":0,"comment_status":"closed","ping_status":"open","sticky":false,"template":"","format":"standard","meta":{"footnotes":""},"categories":[46],"tags":[],"class_list":["post-7583","post","type-post","status-publish","format-standard","hentry","category-krasnale-3-latki"],"yoast_head":"<!-- This site is optimized with the Yoast SEO plugin v18.5.1 - https:\/\/yoast.com\/wordpress\/plugins\/seo\/ -->\n<title>Dzie\u0144 Pluszowego Misia - Weso\u0142y Skrzat<\/title>\n<meta name=\"robots\" content=\"index, follow, max-snippet:-1, max-image-preview:large, max-video-preview:-1\" \/>\n<link rel=\"canonical\" href=\"https:\/\/www.wesolyskrzat.edu.pl\/index.php\/2025\/12\/01\/dzien-pluszowego-misia-8\/\" \/>\n<meta property=\"og:locale\" content=\"pl_PL\" \/>\n<meta property=\"og:type\" content=\"article\" \/>\n<meta property=\"og:title\" content=\"Dzie\u0144 Pluszowego Misia - Weso\u0142y Skrzat\" \/>\n<meta property=\"og:description\" content=\"25 listopada 2025 r. dzieci z grupy Krasnale obchodzi\u0142y \u015awi\u0119to Pluszowego Misia. Przyniesione pluszaki towarzyszy\u0142y im we wsp\u00f3lnej zabawie, a dzieci bawi\u0142y si\u0119 wy\u015bmienicie ze swoimi ulubionymi przytulankami.\" \/>\n<meta property=\"og:url\" content=\"https:\/\/www.wesolyskrzat.edu.pl\/index.php\/2025\/12\/01\/dzien-pluszowego-misia-8\/\" \/>\n<meta property=\"og:site_name\" content=\"Weso\u0142y Skrzat\" \/>\n<meta property=\"article:published_time\" content=\"2025-12-01T14:28:42+00:00\" \/>\n<meta property=\"article:modified_time\" content=\"2025-12-02T14:00:21+00:00\" \/>\n<meta property=\"og:image\" content=\"https:\/\/www.wesolyskrzat.edu.pl\/wp-content\/uploads\/2025\/12\/IMG_20251125_102756-scaled.jpg\" \/>\n<meta name=\"twitter:card\" content=\"summary_large_image\" \/>\n<meta name=\"twitter:label1\" content=\"Napisane przez\" \/>\n\t<meta name=\"twitter:data1\" content=\"Paulina Pyci\u0144ska\" \/>\n<script type=\"application\/ld+json\" class=\"yoast-schema-graph\">{\"@context\":\"https:\/\/schema.org\",\"@graph\":[{\"@type\":\"WebSite\",\"@id\":\"https:\/\/www.wesolyskrzat.edu.pl\/#website\",\"url\":\"https:\/\/www.wesolyskrzat.edu.pl\/\",\"name\":\"Weso\u0142y Skrzat\",\"description\":\"Najpi\u0119kniejsze przedszkole w Markach\",\"potentialAction\":[{\"@type\":\"SearchAction\",\"target\":{\"@type\":\"EntryPoint\",\"urlTemplate\":\"https:\/\/www.wesolyskrzat.edu.pl\/?s={search_term_string}\"},\"query-input\":\"required name=search_term_string\"}],\"inLanguage\":\"pl-PL\"},{\"@type\":\"ImageObject\",\"@id\":\"https:\/\/www.wesolyskrzat.edu.pl\/index.php\/2025\/12\/01\/dzien-pluszowego-misia-8\/#primaryimage\",\"inLanguage\":\"pl-PL\",\"url\":\"https:\/\/www.wesolyskrzat.edu.pl\/wp-content\/uploads\/2025\/12\/IMG_20251125_102756-scaled.jpg\",\"contentUrl\":\"https:\/\/www.wesolyskrzat.edu.pl\/wp-content\/uploads\/2025\/12\/IMG_20251125_102756-scaled.jpg\",\"width\":2560,\"height\":2560},{\"@type\":\"WebPage\",\"@id\":\"https:\/\/www.wesolyskrzat.edu.pl\/index.php\/2025\/12\/01\/dzien-pluszowego-misia-8\/#webpage\",\"url\":\"https:\/\/www.wesolyskrzat.edu.pl\/index.php\/2025\/12\/01\/dzien-pluszowego-misia-8\/\",\"name\":\"Dzie\u0144 Pluszowego Misia - Weso\u0142y Skrzat\",\"isPartOf\":{\"@id\":\"https:\/\/www.wesolyskrzat.edu.pl\/#website\"},\"primaryImageOfPage\":{\"@id\":\"https:\/\/www.wesolyskrzat.edu.pl\/index.php\/2025\/12\/01\/dzien-pluszowego-misia-8\/#primaryimage\"},\"datePublished\":\"2025-12-01T14:28:42+00:00\",\"dateModified\":\"2025-12-02T14:00:21+00:00\",\"author\":{\"@id\":\"https:\/\/www.wesolyskrzat.edu.pl\/#\/schema\/person\/665c990d766e7b21f5731227b7d3f0f6\"},\"breadcrumb\":{\"@id\":\"https:\/\/www.wesolyskrzat.edu.pl\/index.php\/2025\/12\/01\/dzien-pluszowego-misia-8\/#breadcrumb\"},\"inLanguage\":\"pl-PL\",\"potentialAction\":[{\"@type\":\"ReadAction\",\"target\":[\"https:\/\/www.wesolyskrzat.edu.pl\/index.php\/2025\/12\/01\/dzien-pluszowego-misia-8\/\"]}]},{\"@type\":\"BreadcrumbList\",\"@id\":\"https:\/\/www.wesolyskrzat.edu.pl\/index.php\/2025\/12\/01\/dzien-pluszowego-misia-8\/#breadcrumb\",\"itemListElement\":[{\"@type\":\"ListItem\",\"position\":1,\"name\":\"Home\",\"item\":\"https:\/\/www.wesolyskrzat.edu.pl\/\"},{\"@type\":\"ListItem\",\"position\":2,\"name\":\"Dzie\u0144 Pluszowego Misia\"}]},{\"@type\":\"Person\",\"@id\":\"https:\/\/www.wesolyskrzat.edu.pl\/#\/schema\/person\/665c990d766e7b21f5731227b7d3f0f6\",\"name\":\"Paulina Pyci\u0144ska\",\"image\":{\"@type\":\"ImageObject\",\"@id\":\"https:\/\/www.wesolyskrzat.edu.pl\/#personlogo\",\"inLanguage\":\"pl-PL\",\"url\":\"https:\/\/secure.gravatar.com\/avatar\/3e43e454ecfe17681ca5008a70eb6887dad418e79fd9180caf1239bb35b78d67?s=96&d=mm&r=g\",\"contentUrl\":\"https:\/\/secure.gravatar.com\/avatar\/3e43e454ecfe17681ca5008a70eb6887dad418e79fd9180caf1239bb35b78d67?s=96&d=mm&r=g\",\"caption\":\"Paulina Pyci\u0144ska\"},\"url\":\"https:\/\/www.wesolyskrzat.edu.pl\/index.php\/author\/pycinska\/\"}]}<\/script>\n<!-- \/ Yoast SEO plugin. -->","yoast_head_json":{"title":"Dzie\u0144 Pluszowego Misia - Weso\u0142y Skrzat","robots":{"index":"index","follow":"follow","max-snippet":"max-snippet:-1","max-image-preview":"max-image-preview:large","max-video-preview":"max-video-preview:-1"},"canonical":"https:\/\/www.wesolyskrzat.edu.pl\/index.php\/2025\/12\/01\/dzien-pluszowego-misia-8\/","og_locale":"pl_PL","og_type":"article","og_title":"Dzie\u0144 Pluszowego Misia - Weso\u0142y Skrzat","og_description":"25 listopada 2025 r. dzieci z grupy Krasnale obchodzi\u0142y \u015awi\u0119to Pluszowego Misia. Przyniesione pluszaki towarzyszy\u0142y im we wsp\u00f3lnej zabawie, a dzieci bawi\u0142y si\u0119 wy\u015bmienicie ze swoimi ulubionymi przytulankami.","og_url":"https:\/\/www.wesolyskrzat.edu.pl\/index.php\/2025\/12\/01\/dzien-pluszowego-misia-8\/","og_site_name":"Weso\u0142y Skrzat","article_published_time":"2025-12-01T14:28:42+00:00","article_modified_time":"2025-12-02T14:00:21+00:00","og_image":[{"url":"https:\/\/www.wesolyskrzat.edu.pl\/wp-content\/uploads\/2025\/12\/IMG_20251125_102756-scaled.jpg"}],"twitter_card":"summary_large_image","twitter_misc":{"Napisane przez":"Paulina Pyci\u0144ska"},"schema":{"@context":"https:\/\/schema.org","@graph":[{"@type":"WebSite","@id":"https:\/\/www.wesolyskrzat.edu.pl\/#website","url":"https:\/\/www.wesolyskrzat.edu.pl\/","name":"Weso\u0142y Skrzat","description":"Najpi\u0119kniejsze przedszkole w Markach","potentialAction":[{"@type":"SearchAction","target":{"@type":"EntryPoint","urlTemplate":"https:\/\/www.wesolyskrzat.edu.pl\/?s={search_term_string}"},"query-input":"required name=search_term_string"}],"inLanguage":"pl-PL"},{"@type":"ImageObject","@id":"https:\/\/www.wesolyskrzat.edu.pl\/index.php\/2025\/12\/01\/dzien-pluszowego-misia-8\/#primaryimage","inLanguage":"pl-PL","url":"https:\/\/www.wesolyskrzat.edu.pl\/wp-content\/uploads\/2025\/12\/IMG_20251125_102756-scaled.jpg","contentUrl":"https:\/\/www.wesolyskrzat.edu.pl\/wp-content\/uploads\/2025\/12\/IMG_20251125_102756-scaled.jpg","width":2560,"height":2560},{"@type":"WebPage","@id":"https:\/\/www.wesolyskrzat.edu.pl\/index.php\/2025\/12\/01\/dzien-pluszowego-misia-8\/#webpage","url":"https:\/\/www.wesolyskrzat.edu.pl\/index.php\/2025\/12\/01\/dzien-pluszowego-misia-8\/","name":"Dzie\u0144 Pluszowego Misia - Weso\u0142y Skrzat","isPartOf":{"@id":"https:\/\/www.wesolyskrzat.edu.pl\/#website"},"primaryImageOfPage":{"@id":"https:\/\/www.wesolyskrzat.edu.pl\/index.php\/2025\/12\/01\/dzien-pluszowego-misia-8\/#primaryimage"},"datePublished":"2025-12-01T14:28:42+00:00","dateModified":"2025-12-02T14:00:21+00:00","author":{"@id":"https:\/\/www.wesolyskrzat.edu.pl\/#\/schema\/person\/665c990d766e7b21f5731227b7d3f0f6"},"breadcrumb":{"@id":"https:\/\/www.wesolyskrzat.edu.pl\/index.php\/2025\/12\/01\/dzien-pluszowego-misia-8\/#breadcrumb"},"inLanguage":"pl-PL","potentialAction":[{"@type":"ReadAction","target":["https:\/\/www.wesolyskrzat.edu.pl\/index.php\/2025\/12\/01\/dzien-pluszowego-misia-8\/"]}]},{"@type":"BreadcrumbList","@id":"https:\/\/www.wesolyskrzat.edu.pl\/index.php\/2025\/12\/01\/dzien-pluszowego-misia-8\/#breadcrumb","itemListElement":[{"@type":"ListItem","position":1,"name":"Home","item":"https:\/\/www.wesolyskrzat.edu.pl\/"},{"@type":"ListItem","position":2,"name":"Dzie\u0144 Pluszowego Misia"}]},{"@type":"Person","@id":"https:\/\/www.wesolyskrzat.edu.pl\/#\/schema\/person\/665c990d766e7b21f5731227b7d3f0f6","name":"Paulina Pyci\u0144ska","image":{"@type":"ImageObject","@id":"https:\/\/www.wesolyskrzat.edu.pl\/#personlogo","inLanguage":"pl-PL","url":"https:\/\/secure.gravatar.com\/avatar\/3e43e454ecfe17681ca5008a70eb6887dad418e79fd9180caf1239bb35b78d67?s=96&d=mm&r=g","contentUrl":"https:\/\/secure.gravatar.com\/avatar\/3e43e454ecfe17681ca5008a70eb6887dad418e79fd9180caf1239bb35b78d67?s=96&d=mm&r=g","caption":"Paulina Pyci\u0144ska"},"url":"https:\/\/www.wesolyskrzat.edu.pl\/index.php\/author\/pycinska\/"}]}},"_links":{"self":[{"href":"https:\/\/www.wesolyskrzat.edu.pl\/index.php\/wp-json\/wp\/v2\/posts\/7583","targetHints":{"allow":["GET"]}}],"collection":[{"href":"https:\/\/www.wesolyskrzat.edu.pl\/index.php\/wp-json\/wp\/v2\/posts"}],"about":[{"href":"https:\/\/www.wesolyskrzat.edu.pl\/index.php\/wp-json\/wp\/v2\/types\/post"}],"author":[{"embeddable":true,"href":"https:\/\/www.wesolyskrzat.edu.pl\/index.php\/wp-json\/wp\/v2\/users\/3"}],"replies":[{"embeddable":true,"href":"https:\/\/www.wesolyskrzat.edu.pl\/index.php\/wp-json\/wp\/v2\/comments?post=7583"}],"version-history":[{"count":2,"href":"https:\/\/www.wesolyskrzat.edu.pl\/index.php\/wp-json\/wp\/v2\/posts\/7583\/revisions"}],"predecessor-version":[{"id":7704,"href":"https:\/\/www.wesolyskrzat.edu.pl\/index.php\/wp-json\/wp\/v2\/posts\/7583\/revisions\/7704"}],"wp:attachment":[{"href":"https:\/\/www.wesolyskrzat.edu.pl\/index.php\/wp-json\/wp\/v2\/media?parent=7583"}],"wp:term":[{"taxonomy":"category","embeddable":true,"href":"https:\/\/www.wesolyskrzat.edu.pl\/index.php\/wp-json\/wp\/v2\/categories?post=7583"},{"taxonomy":"post_tag","embeddable":true,"href":"https:\/\/www.wesolyskrzat.edu.pl\/index.php\/wp-json\/wp\/v2\/tags?post=7583"}],"curies":[{"name":"wp","href":"https:\/\/api.w.org\/{rel}","templated":true}]}}