{"id":7470,"date":"2025-11-21T16:01:51","date_gmt":"2025-11-21T15:01:51","guid":{"rendered":"https:\/\/www.wesolyskrzat.edu.pl\/?p=7470"},"modified":"2025-11-21T16:01:53","modified_gmt":"2025-11-21T15:01:53","slug":"dzien-wczesniaka","status":"publish","type":"post","link":"https:\/\/www.wesolyskrzat.edu.pl\/index.php\/2025\/11\/21\/dzien-wczesniaka\/","title":{"rendered":"Dzie\u0144 Wcze\u015bniaka"},"content":{"rendered":"\n<p>Dnia 17 listopada 2025 r. grupa \u201eSmerfy\u201d obchodzi\u0142a Dzie\u0144 Wcze\u015bniaka.<\/p>\n\n\n\n<p>Z tej okazji dzieci pozna\u0142y temat wcze\u015bniactwa w spos\u00f3b dostosowany do ich wieku. Przedszkolaki mog\u0142y z bliska obejrze\u0107 malutk\u0105 czapeczk\u0119 oraz ubranka przeznaczone dla dzieci urodzonych przedwcze\u015bnie. Du\u017ce poruszenie wywo\u0142a\u0142 fakt, jak niewielkie s\u0105 takie elementy garderoby \u2013 dzieci por\u00f3wnywa\u0142y je ze swoimi ubraniami i z zainteresowaniem s\u0142ucha\u0142y, komu s\u0105 potrzebne.<\/p>\n\n\n\n<p>&nbsp;W zwi\u0105zku z tym, \u017ce kolorem symbolizuj\u0105cym Dzie\u0144 Wcze\u015bniaka jest fioletowy, Smerfy wykona\u0142y prac\u0119 plastyczn\u0105 w\u0142a\u015bnie w tym kolorze.&nbsp;<\/p>\n\n\n\n<figure class=\"wp-block-gallery has-nested-images columns-2 is-cropped wp-block-gallery-1 is-layout-flex wp-block-gallery-is-layout-flex\">\n<figure class=\"wp-block-image size-full\"><img loading=\"lazy\" decoding=\"async\" width=\"2560\" height=\"1920\" data-id=\"7474\" src=\"https:\/\/www.wesolyskrzat.edu.pl\/wp-content\/uploads\/2025\/11\/IMG_9708-scaled.jpeg\" alt=\"\" class=\"wp-image-7474\" srcset=\"https:\/\/www.wesolyskrzat.edu.pl\/wp-content\/uploads\/2025\/11\/IMG_9708-scaled.jpeg 2560w, https:\/\/www.wesolyskrzat.edu.pl\/wp-content\/uploads\/2025\/11\/IMG_9708-300x225.jpeg 300w, https:\/\/www.wesolyskrzat.edu.pl\/wp-content\/uploads\/2025\/11\/IMG_9708-1024x768.jpeg 1024w, https:\/\/www.wesolyskrzat.edu.pl\/wp-content\/uploads\/2025\/11\/IMG_9708-768x576.jpeg 768w, https:\/\/www.wesolyskrzat.edu.pl\/wp-content\/uploads\/2025\/11\/IMG_9708-1536x1152.jpeg 1536w, https:\/\/www.wesolyskrzat.edu.pl\/wp-content\/uploads\/2025\/11\/IMG_9708-2048x1536.jpeg 2048w\" sizes=\"auto, (max-width: 2560px) 100vw, 2560px\" \/><\/figure>\n\n\n\n<figure class=\"wp-block-image size-full\"><img loading=\"lazy\" decoding=\"async\" width=\"2560\" height=\"1920\" data-id=\"7475\" src=\"https:\/\/www.wesolyskrzat.edu.pl\/wp-content\/uploads\/2025\/11\/IMG_9709-scaled.jpeg\" alt=\"\" class=\"wp-image-7475\" srcset=\"https:\/\/www.wesolyskrzat.edu.pl\/wp-content\/uploads\/2025\/11\/IMG_9709-scaled.jpeg 2560w, https:\/\/www.wesolyskrzat.edu.pl\/wp-content\/uploads\/2025\/11\/IMG_9709-300x225.jpeg 300w, https:\/\/www.wesolyskrzat.edu.pl\/wp-content\/uploads\/2025\/11\/IMG_9709-1024x768.jpeg 1024w, https:\/\/www.wesolyskrzat.edu.pl\/wp-content\/uploads\/2025\/11\/IMG_9709-768x576.jpeg 768w, https:\/\/www.wesolyskrzat.edu.pl\/wp-content\/uploads\/2025\/11\/IMG_9709-1536x1152.jpeg 1536w, https:\/\/www.wesolyskrzat.edu.pl\/wp-content\/uploads\/2025\/11\/IMG_9709-2048x1536.jpeg 2048w\" sizes=\"auto, (max-width: 2560px) 100vw, 2560px\" \/><\/figure>\n\n\n\n<figure class=\"wp-block-image size-full\"><img loading=\"lazy\" decoding=\"async\" width=\"2560\" height=\"1920\" data-id=\"7476\" src=\"https:\/\/www.wesolyskrzat.edu.pl\/wp-content\/uploads\/2025\/11\/IMG_9710-scaled.jpeg\" alt=\"\" class=\"wp-image-7476\" srcset=\"https:\/\/www.wesolyskrzat.edu.pl\/wp-content\/uploads\/2025\/11\/IMG_9710-scaled.jpeg 2560w, https:\/\/www.wesolyskrzat.edu.pl\/wp-content\/uploads\/2025\/11\/IMG_9710-300x225.jpeg 300w, https:\/\/www.wesolyskrzat.edu.pl\/wp-content\/uploads\/2025\/11\/IMG_9710-1024x768.jpeg 1024w, https:\/\/www.wesolyskrzat.edu.pl\/wp-content\/uploads\/2025\/11\/IMG_9710-768x576.jpeg 768w, https:\/\/www.wesolyskrzat.edu.pl\/wp-content\/uploads\/2025\/11\/IMG_9710-1536x1152.jpeg 1536w, https:\/\/www.wesolyskrzat.edu.pl\/wp-content\/uploads\/2025\/11\/IMG_9710-2048x1536.jpeg 2048w\" sizes=\"auto, (max-width: 2560px) 100vw, 2560px\" \/><\/figure>\n\n\n\n<figure class=\"wp-block-image size-full\"><img loading=\"lazy\" decoding=\"async\" width=\"1920\" height=\"2560\" data-id=\"7477\" src=\"https:\/\/www.wesolyskrzat.edu.pl\/wp-content\/uploads\/2025\/11\/IMG_9711-scaled.jpeg\" alt=\"\" class=\"wp-image-7477\" srcset=\"https:\/\/www.wesolyskrzat.edu.pl\/wp-content\/uploads\/2025\/11\/IMG_9711-scaled.jpeg 1920w, https:\/\/www.wesolyskrzat.edu.pl\/wp-content\/uploads\/2025\/11\/IMG_9711-225x300.jpeg 225w, https:\/\/www.wesolyskrzat.edu.pl\/wp-content\/uploads\/2025\/11\/IMG_9711-768x1024.jpeg 768w, https:\/\/www.wesolyskrzat.edu.pl\/wp-content\/uploads\/2025\/11\/IMG_9711-1152x1536.jpeg 1152w, https:\/\/www.wesolyskrzat.edu.pl\/wp-content\/uploads\/2025\/11\/IMG_9711-1536x2048.jpeg 1536w\" sizes=\"auto, (max-width: 1920px) 100vw, 1920px\" \/><\/figure>\n\n\n\n<figure class=\"wp-block-image size-full\"><img loading=\"lazy\" decoding=\"async\" width=\"1920\" height=\"2560\" data-id=\"7478\" src=\"https:\/\/www.wesolyskrzat.edu.pl\/wp-content\/uploads\/2025\/11\/IMG_9712-scaled.jpeg\" alt=\"\" class=\"wp-image-7478\" srcset=\"https:\/\/www.wesolyskrzat.edu.pl\/wp-content\/uploads\/2025\/11\/IMG_9712-scaled.jpeg 1920w, https:\/\/www.wesolyskrzat.edu.pl\/wp-content\/uploads\/2025\/11\/IMG_9712-225x300.jpeg 225w, https:\/\/www.wesolyskrzat.edu.pl\/wp-content\/uploads\/2025\/11\/IMG_9712-768x1024.jpeg 768w, https:\/\/www.wesolyskrzat.edu.pl\/wp-content\/uploads\/2025\/11\/IMG_9712-1152x1536.jpeg 1152w, https:\/\/www.wesolyskrzat.edu.pl\/wp-content\/uploads\/2025\/11\/IMG_9712-1536x2048.jpeg 1536w\" sizes=\"auto, (max-width: 1920px) 100vw, 1920px\" \/><\/figure>\n\n\n\n<figure class=\"wp-block-image size-full\"><img loading=\"lazy\" decoding=\"async\" width=\"1920\" height=\"2560\" data-id=\"7471\" src=\"https:\/\/www.wesolyskrzat.edu.pl\/wp-content\/uploads\/2025\/11\/IMG_9714-scaled.jpeg\" alt=\"\" class=\"wp-image-7471\" srcset=\"https:\/\/www.wesolyskrzat.edu.pl\/wp-content\/uploads\/2025\/11\/IMG_9714-scaled.jpeg 1920w, https:\/\/www.wesolyskrzat.edu.pl\/wp-content\/uploads\/2025\/11\/IMG_9714-225x300.jpeg 225w, https:\/\/www.wesolyskrzat.edu.pl\/wp-content\/uploads\/2025\/11\/IMG_9714-768x1024.jpeg 768w, https:\/\/www.wesolyskrzat.edu.pl\/wp-content\/uploads\/2025\/11\/IMG_9714-1152x1536.jpeg 1152w, https:\/\/www.wesolyskrzat.edu.pl\/wp-content\/uploads\/2025\/11\/IMG_9714-1536x2048.jpeg 1536w\" sizes=\"auto, (max-width: 1920px) 100vw, 1920px\" \/><\/figure>\n\n\n\n<figure class=\"wp-block-image size-full\"><img loading=\"lazy\" decoding=\"async\" width=\"2560\" height=\"1920\" data-id=\"7473\" src=\"https:\/\/www.wesolyskrzat.edu.pl\/wp-content\/uploads\/2025\/11\/IMG_9715-scaled.jpeg\" alt=\"\" class=\"wp-image-7473\" srcset=\"https:\/\/www.wesolyskrzat.edu.pl\/wp-content\/uploads\/2025\/11\/IMG_9715-scaled.jpeg 2560w, https:\/\/www.wesolyskrzat.edu.pl\/wp-content\/uploads\/2025\/11\/IMG_9715-300x225.jpeg 300w, https:\/\/www.wesolyskrzat.edu.pl\/wp-content\/uploads\/2025\/11\/IMG_9715-1024x768.jpeg 1024w, https:\/\/www.wesolyskrzat.edu.pl\/wp-content\/uploads\/2025\/11\/IMG_9715-768x576.jpeg 768w, https:\/\/www.wesolyskrzat.edu.pl\/wp-content\/uploads\/2025\/11\/IMG_9715-1536x1152.jpeg 1536w, https:\/\/www.wesolyskrzat.edu.pl\/wp-content\/uploads\/2025\/11\/IMG_9715-2048x1536.jpeg 2048w\" sizes=\"auto, (max-width: 2560px) 100vw, 2560px\" \/><\/figure>\n\n\n\n<figure class=\"wp-block-image size-full\"><img loading=\"lazy\" decoding=\"async\" width=\"1920\" height=\"2560\" data-id=\"7472\" src=\"https:\/\/www.wesolyskrzat.edu.pl\/wp-content\/uploads\/2025\/11\/IMG_9716-scaled.jpeg\" alt=\"\" class=\"wp-image-7472\" srcset=\"https:\/\/www.wesolyskrzat.edu.pl\/wp-content\/uploads\/2025\/11\/IMG_9716-scaled.jpeg 1920w, https:\/\/www.wesolyskrzat.edu.pl\/wp-content\/uploads\/2025\/11\/IMG_9716-225x300.jpeg 225w, https:\/\/www.wesolyskrzat.edu.pl\/wp-content\/uploads\/2025\/11\/IMG_9716-768x1024.jpeg 768w, https:\/\/www.wesolyskrzat.edu.pl\/wp-content\/uploads\/2025\/11\/IMG_9716-1152x1536.jpeg 1152w, https:\/\/www.wesolyskrzat.edu.pl\/wp-content\/uploads\/2025\/11\/IMG_9716-1536x2048.jpeg 1536w\" sizes=\"auto, (max-width: 1920px) 100vw, 1920px\" \/><\/figure>\n<\/figure>\n","protected":false},"excerpt":{"rendered":"<p>Dnia 17 listopada 2025 r. grupa \u201eSmerfy\u201d obchodzi\u0142a Dzie\u0144 Wcze\u015bniaka. Z tej okazji dzieci pozna\u0142y temat wcze\u015bniactwa w spos\u00f3b dostosowany do ich wieku. Przedszkolaki mog\u0142y z bliska obejrze\u0107 malutk\u0105 czapeczk\u0119 oraz ubranka przeznaczone dla dzieci urodzonych przedwcze\u015bnie. Du\u017ce poruszenie wywo\u0142a\u0142 fakt, jak niewielkie s\u0105 takie elementy garderoby \u2013 dzieci por\u00f3wnywa\u0142y je ze swoimi ubraniami i [&hellip;]<\/p>\n","protected":false},"author":3,"featured_media":0,"comment_status":"closed","ping_status":"open","sticky":false,"template":"","format":"standard","meta":{"footnotes":""},"categories":[47],"tags":[],"class_list":["post-7470","post","type-post","status-publish","format-standard","hentry","category-smerfy-4-latki"],"yoast_head":"<!-- This site is optimized with the Yoast SEO plugin v18.5.1 - https:\/\/yoast.com\/wordpress\/plugins\/seo\/ -->\n<title>Dzie\u0144 Wcze\u015bniaka - Weso\u0142y Skrzat<\/title>\n<meta name=\"robots\" content=\"index, follow, max-snippet:-1, max-image-preview:large, max-video-preview:-1\" \/>\n<link rel=\"canonical\" href=\"https:\/\/www.wesolyskrzat.edu.pl\/index.php\/2025\/11\/21\/dzien-wczesniaka\/\" \/>\n<meta property=\"og:locale\" content=\"pl_PL\" \/>\n<meta property=\"og:type\" content=\"article\" \/>\n<meta property=\"og:title\" content=\"Dzie\u0144 Wcze\u015bniaka - Weso\u0142y Skrzat\" \/>\n<meta property=\"og:description\" content=\"Dnia 17 listopada 2025 r. grupa \u201eSmerfy\u201d obchodzi\u0142a Dzie\u0144 Wcze\u015bniaka. Z tej okazji dzieci pozna\u0142y temat wcze\u015bniactwa w spos\u00f3b dostosowany do ich wieku. Przedszkolaki mog\u0142y z bliska obejrze\u0107 malutk\u0105 czapeczk\u0119 oraz ubranka przeznaczone dla dzieci urodzonych przedwcze\u015bnie. Du\u017ce poruszenie wywo\u0142a\u0142 fakt, jak niewielkie s\u0105 takie elementy garderoby \u2013 dzieci por\u00f3wnywa\u0142y je ze swoimi ubraniami i [&hellip;]\" \/>\n<meta property=\"og:url\" content=\"https:\/\/www.wesolyskrzat.edu.pl\/index.php\/2025\/11\/21\/dzien-wczesniaka\/\" \/>\n<meta property=\"og:site_name\" content=\"Weso\u0142y Skrzat\" \/>\n<meta property=\"article:published_time\" content=\"2025-11-21T15:01:51+00:00\" \/>\n<meta property=\"article:modified_time\" content=\"2025-11-21T15:01:53+00:00\" \/>\n<meta property=\"og:image\" content=\"https:\/\/www.wesolyskrzat.edu.pl\/wp-content\/uploads\/2025\/11\/IMG_9708-scaled.jpeg\" \/>\n<meta name=\"twitter:card\" content=\"summary_large_image\" \/>\n<meta name=\"twitter:label1\" content=\"Napisane przez\" \/>\n\t<meta name=\"twitter:data1\" content=\"Paulina Pyci\u0144ska\" \/>\n<script type=\"application\/ld+json\" class=\"yoast-schema-graph\">{\"@context\":\"https:\/\/schema.org\",\"@graph\":[{\"@type\":\"WebSite\",\"@id\":\"https:\/\/www.wesolyskrzat.edu.pl\/#website\",\"url\":\"https:\/\/www.wesolyskrzat.edu.pl\/\",\"name\":\"Weso\u0142y Skrzat\",\"description\":\"Najpi\u0119kniejsze przedszkole w Markach\",\"potentialAction\":[{\"@type\":\"SearchAction\",\"target\":{\"@type\":\"EntryPoint\",\"urlTemplate\":\"https:\/\/www.wesolyskrzat.edu.pl\/?s={search_term_string}\"},\"query-input\":\"required name=search_term_string\"}],\"inLanguage\":\"pl-PL\"},{\"@type\":\"ImageObject\",\"@id\":\"https:\/\/www.wesolyskrzat.edu.pl\/index.php\/2025\/11\/21\/dzien-wczesniaka\/#primaryimage\",\"inLanguage\":\"pl-PL\",\"url\":\"https:\/\/www.wesolyskrzat.edu.pl\/wp-content\/uploads\/2025\/11\/IMG_9708-scaled.jpeg\",\"contentUrl\":\"https:\/\/www.wesolyskrzat.edu.pl\/wp-content\/uploads\/2025\/11\/IMG_9708-scaled.jpeg\",\"width\":2560,\"height\":1920},{\"@type\":\"WebPage\",\"@id\":\"https:\/\/www.wesolyskrzat.edu.pl\/index.php\/2025\/11\/21\/dzien-wczesniaka\/#webpage\",\"url\":\"https:\/\/www.wesolyskrzat.edu.pl\/index.php\/2025\/11\/21\/dzien-wczesniaka\/\",\"name\":\"Dzie\u0144 Wcze\u015bniaka - Weso\u0142y Skrzat\",\"isPartOf\":{\"@id\":\"https:\/\/www.wesolyskrzat.edu.pl\/#website\"},\"primaryImageOfPage\":{\"@id\":\"https:\/\/www.wesolyskrzat.edu.pl\/index.php\/2025\/11\/21\/dzien-wczesniaka\/#primaryimage\"},\"datePublished\":\"2025-11-21T15:01:51+00:00\",\"dateModified\":\"2025-11-21T15:01:53+00:00\",\"author\":{\"@id\":\"https:\/\/www.wesolyskrzat.edu.pl\/#\/schema\/person\/665c990d766e7b21f5731227b7d3f0f6\"},\"breadcrumb\":{\"@id\":\"https:\/\/www.wesolyskrzat.edu.pl\/index.php\/2025\/11\/21\/dzien-wczesniaka\/#breadcrumb\"},\"inLanguage\":\"pl-PL\",\"potentialAction\":[{\"@type\":\"ReadAction\",\"target\":[\"https:\/\/www.wesolyskrzat.edu.pl\/index.php\/2025\/11\/21\/dzien-wczesniaka\/\"]}]},{\"@type\":\"BreadcrumbList\",\"@id\":\"https:\/\/www.wesolyskrzat.edu.pl\/index.php\/2025\/11\/21\/dzien-wczesniaka\/#breadcrumb\",\"itemListElement\":[{\"@type\":\"ListItem\",\"position\":1,\"name\":\"Home\",\"item\":\"https:\/\/www.wesolyskrzat.edu.pl\/\"},{\"@type\":\"ListItem\",\"position\":2,\"name\":\"Dzie\u0144 Wcze\u015bniaka\"}]},{\"@type\":\"Person\",\"@id\":\"https:\/\/www.wesolyskrzat.edu.pl\/#\/schema\/person\/665c990d766e7b21f5731227b7d3f0f6\",\"name\":\"Paulina Pyci\u0144ska\",\"image\":{\"@type\":\"ImageObject\",\"@id\":\"https:\/\/www.wesolyskrzat.edu.pl\/#personlogo\",\"inLanguage\":\"pl-PL\",\"url\":\"https:\/\/secure.gravatar.com\/avatar\/3e43e454ecfe17681ca5008a70eb6887dad418e79fd9180caf1239bb35b78d67?s=96&d=mm&r=g\",\"contentUrl\":\"https:\/\/secure.gravatar.com\/avatar\/3e43e454ecfe17681ca5008a70eb6887dad418e79fd9180caf1239bb35b78d67?s=96&d=mm&r=g\",\"caption\":\"Paulina Pyci\u0144ska\"},\"url\":\"https:\/\/www.wesolyskrzat.edu.pl\/index.php\/author\/pycinska\/\"}]}<\/script>\n<!-- \/ Yoast SEO plugin. -->","yoast_head_json":{"title":"Dzie\u0144 Wcze\u015bniaka - Weso\u0142y Skrzat","robots":{"index":"index","follow":"follow","max-snippet":"max-snippet:-1","max-image-preview":"max-image-preview:large","max-video-preview":"max-video-preview:-1"},"canonical":"https:\/\/www.wesolyskrzat.edu.pl\/index.php\/2025\/11\/21\/dzien-wczesniaka\/","og_locale":"pl_PL","og_type":"article","og_title":"Dzie\u0144 Wcze\u015bniaka - Weso\u0142y Skrzat","og_description":"Dnia 17 listopada 2025 r. grupa \u201eSmerfy\u201d obchodzi\u0142a Dzie\u0144 Wcze\u015bniaka. Z tej okazji dzieci pozna\u0142y temat wcze\u015bniactwa w spos\u00f3b dostosowany do ich wieku. Przedszkolaki mog\u0142y z bliska obejrze\u0107 malutk\u0105 czapeczk\u0119 oraz ubranka przeznaczone dla dzieci urodzonych przedwcze\u015bnie. Du\u017ce poruszenie wywo\u0142a\u0142 fakt, jak niewielkie s\u0105 takie elementy garderoby \u2013 dzieci por\u00f3wnywa\u0142y je ze swoimi ubraniami i [&hellip;]","og_url":"https:\/\/www.wesolyskrzat.edu.pl\/index.php\/2025\/11\/21\/dzien-wczesniaka\/","og_site_name":"Weso\u0142y Skrzat","article_published_time":"2025-11-21T15:01:51+00:00","article_modified_time":"2025-11-21T15:01:53+00:00","og_image":[{"url":"https:\/\/www.wesolyskrzat.edu.pl\/wp-content\/uploads\/2025\/11\/IMG_9708-scaled.jpeg"}],"twitter_card":"summary_large_image","twitter_misc":{"Napisane przez":"Paulina Pyci\u0144ska"},"schema":{"@context":"https:\/\/schema.org","@graph":[{"@type":"WebSite","@id":"https:\/\/www.wesolyskrzat.edu.pl\/#website","url":"https:\/\/www.wesolyskrzat.edu.pl\/","name":"Weso\u0142y Skrzat","description":"Najpi\u0119kniejsze przedszkole w Markach","potentialAction":[{"@type":"SearchAction","target":{"@type":"EntryPoint","urlTemplate":"https:\/\/www.wesolyskrzat.edu.pl\/?s={search_term_string}"},"query-input":"required name=search_term_string"}],"inLanguage":"pl-PL"},{"@type":"ImageObject","@id":"https:\/\/www.wesolyskrzat.edu.pl\/index.php\/2025\/11\/21\/dzien-wczesniaka\/#primaryimage","inLanguage":"pl-PL","url":"https:\/\/www.wesolyskrzat.edu.pl\/wp-content\/uploads\/2025\/11\/IMG_9708-scaled.jpeg","contentUrl":"https:\/\/www.wesolyskrzat.edu.pl\/wp-content\/uploads\/2025\/11\/IMG_9708-scaled.jpeg","width":2560,"height":1920},{"@type":"WebPage","@id":"https:\/\/www.wesolyskrzat.edu.pl\/index.php\/2025\/11\/21\/dzien-wczesniaka\/#webpage","url":"https:\/\/www.wesolyskrzat.edu.pl\/index.php\/2025\/11\/21\/dzien-wczesniaka\/","name":"Dzie\u0144 Wcze\u015bniaka - Weso\u0142y Skrzat","isPartOf":{"@id":"https:\/\/www.wesolyskrzat.edu.pl\/#website"},"primaryImageOfPage":{"@id":"https:\/\/www.wesolyskrzat.edu.pl\/index.php\/2025\/11\/21\/dzien-wczesniaka\/#primaryimage"},"datePublished":"2025-11-21T15:01:51+00:00","dateModified":"2025-11-21T15:01:53+00:00","author":{"@id":"https:\/\/www.wesolyskrzat.edu.pl\/#\/schema\/person\/665c990d766e7b21f5731227b7d3f0f6"},"breadcrumb":{"@id":"https:\/\/www.wesolyskrzat.edu.pl\/index.php\/2025\/11\/21\/dzien-wczesniaka\/#breadcrumb"},"inLanguage":"pl-PL","potentialAction":[{"@type":"ReadAction","target":["https:\/\/www.wesolyskrzat.edu.pl\/index.php\/2025\/11\/21\/dzien-wczesniaka\/"]}]},{"@type":"BreadcrumbList","@id":"https:\/\/www.wesolyskrzat.edu.pl\/index.php\/2025\/11\/21\/dzien-wczesniaka\/#breadcrumb","itemListElement":[{"@type":"ListItem","position":1,"name":"Home","item":"https:\/\/www.wesolyskrzat.edu.pl\/"},{"@type":"ListItem","position":2,"name":"Dzie\u0144 Wcze\u015bniaka"}]},{"@type":"Person","@id":"https:\/\/www.wesolyskrzat.edu.pl\/#\/schema\/person\/665c990d766e7b21f5731227b7d3f0f6","name":"Paulina Pyci\u0144ska","image":{"@type":"ImageObject","@id":"https:\/\/www.wesolyskrzat.edu.pl\/#personlogo","inLanguage":"pl-PL","url":"https:\/\/secure.gravatar.com\/avatar\/3e43e454ecfe17681ca5008a70eb6887dad418e79fd9180caf1239bb35b78d67?s=96&d=mm&r=g","contentUrl":"https:\/\/secure.gravatar.com\/avatar\/3e43e454ecfe17681ca5008a70eb6887dad418e79fd9180caf1239bb35b78d67?s=96&d=mm&r=g","caption":"Paulina Pyci\u0144ska"},"url":"https:\/\/www.wesolyskrzat.edu.pl\/index.php\/author\/pycinska\/"}]}},"_links":{"self":[{"href":"https:\/\/www.wesolyskrzat.edu.pl\/index.php\/wp-json\/wp\/v2\/posts\/7470","targetHints":{"allow":["GET"]}}],"collection":[{"href":"https:\/\/www.wesolyskrzat.edu.pl\/index.php\/wp-json\/wp\/v2\/posts"}],"about":[{"href":"https:\/\/www.wesolyskrzat.edu.pl\/index.php\/wp-json\/wp\/v2\/types\/post"}],"author":[{"embeddable":true,"href":"https:\/\/www.wesolyskrzat.edu.pl\/index.php\/wp-json\/wp\/v2\/users\/3"}],"replies":[{"embeddable":true,"href":"https:\/\/www.wesolyskrzat.edu.pl\/index.php\/wp-json\/wp\/v2\/comments?post=7470"}],"version-history":[{"count":1,"href":"https:\/\/www.wesolyskrzat.edu.pl\/index.php\/wp-json\/wp\/v2\/posts\/7470\/revisions"}],"predecessor-version":[{"id":7479,"href":"https:\/\/www.wesolyskrzat.edu.pl\/index.php\/wp-json\/wp\/v2\/posts\/7470\/revisions\/7479"}],"wp:attachment":[{"href":"https:\/\/www.wesolyskrzat.edu.pl\/index.php\/wp-json\/wp\/v2\/media?parent=7470"}],"wp:term":[{"taxonomy":"category","embeddable":true,"href":"https:\/\/www.wesolyskrzat.edu.pl\/index.php\/wp-json\/wp\/v2\/categories?post=7470"},{"taxonomy":"post_tag","embeddable":true,"href":"https:\/\/www.wesolyskrzat.edu.pl\/index.php\/wp-json\/wp\/v2\/tags?post=7470"}],"curies":[{"name":"wp","href":"https:\/\/api.w.org\/{rel}","templated":true}]}}