{"id":7461,"date":"2025-11-21T15:56:32","date_gmt":"2025-11-21T14:56:32","guid":{"rendered":"https:\/\/www.wesolyskrzat.edu.pl\/?p=7461"},"modified":"2025-11-21T15:56:33","modified_gmt":"2025-11-21T14:56:33","slug":"narodowe-swieto-niepodleglosci-7","status":"publish","type":"post","link":"https:\/\/www.wesolyskrzat.edu.pl\/index.php\/2025\/11\/21\/narodowe-swieto-niepodleglosci-7\/","title":{"rendered":"Narodowe \u015awi\u0119to Niepodleg\u0142o\u015bci"},"content":{"rendered":"\n<p>W naszym przedszkolu&nbsp;w dniu 12 listopada obchodzili\u015bmy&nbsp;<strong>\u015awi\u0119to Niepodleg\u0142o\u015bci<\/strong>.<\/p>\n\n\n\n<p>Z tej okazji wszystkie dzieci\u00a0 uroczy\u015bcie \u015bwi\u0119towa\u0142y ten wyj\u0105tkowy dla Nas \u2013 Polak\u00f3w dzie\u0144..\u00a0<\/p>\n\n\n\n<p>Dzieci tego dnia do przedszkola przysz\u0142y ubrane w od\u015bwi\u0119tnych strojach. Wszyscy wsp\u00f3lnie obejrzeli\u015bmy akademi\u0119 z okazji Dnia Niepodleg\u0142o\u015bci wykonan\u0105 przez naszych koleg\u00f3w i kole\u017canki ze starszych grup. Zapoznawali\u015bmy si\u0119 z walut\u0105, granicami kraju, stolic\u0105. Pi\u0119knie byli\u015bmy przygotowani do Hymnu przez nasze Panie, zrobili\u015bmy bardzo pi\u0119kne prace plastyczne &#8211; flag\u0119 w kszta\u0142cie serca.\u00a0<\/p>\n\n\n\n<figure class=\"wp-block-gallery has-nested-images columns-2 is-cropped wp-block-gallery-1 is-layout-flex wp-block-gallery-is-layout-flex\">\n<figure class=\"wp-block-image size-full\"><img loading=\"lazy\" decoding=\"async\" width=\"1600\" height=\"1204\" data-id=\"7462\" src=\"https:\/\/www.wesolyskrzat.edu.pl\/wp-content\/uploads\/2025\/11\/Dzien-Niepodleglosci-12.11.2025-Motylki-11.jpg\" alt=\"\" class=\"wp-image-7462\" srcset=\"https:\/\/www.wesolyskrzat.edu.pl\/wp-content\/uploads\/2025\/11\/Dzien-Niepodleglosci-12.11.2025-Motylki-11.jpg 1600w, https:\/\/www.wesolyskrzat.edu.pl\/wp-content\/uploads\/2025\/11\/Dzien-Niepodleglosci-12.11.2025-Motylki-11-300x226.jpg 300w, https:\/\/www.wesolyskrzat.edu.pl\/wp-content\/uploads\/2025\/11\/Dzien-Niepodleglosci-12.11.2025-Motylki-11-1024x771.jpg 1024w, https:\/\/www.wesolyskrzat.edu.pl\/wp-content\/uploads\/2025\/11\/Dzien-Niepodleglosci-12.11.2025-Motylki-11-768x578.jpg 768w, https:\/\/www.wesolyskrzat.edu.pl\/wp-content\/uploads\/2025\/11\/Dzien-Niepodleglosci-12.11.2025-Motylki-11-1536x1156.jpg 1536w\" sizes=\"auto, (max-width: 1600px) 100vw, 1600px\" \/><\/figure>\n\n\n\n<figure class=\"wp-block-image size-full\"><img loading=\"lazy\" decoding=\"async\" width=\"2560\" height=\"1927\" data-id=\"7464\" src=\"https:\/\/www.wesolyskrzat.edu.pl\/wp-content\/uploads\/2025\/11\/Dzien-Niepodleglosci-12.11.2025-Motylki-3-scaled.jpeg\" alt=\"\" class=\"wp-image-7464\" srcset=\"https:\/\/www.wesolyskrzat.edu.pl\/wp-content\/uploads\/2025\/11\/Dzien-Niepodleglosci-12.11.2025-Motylki-3-scaled.jpeg 2560w, https:\/\/www.wesolyskrzat.edu.pl\/wp-content\/uploads\/2025\/11\/Dzien-Niepodleglosci-12.11.2025-Motylki-3-300x226.jpeg 300w, https:\/\/www.wesolyskrzat.edu.pl\/wp-content\/uploads\/2025\/11\/Dzien-Niepodleglosci-12.11.2025-Motylki-3-1024x771.jpeg 1024w, https:\/\/www.wesolyskrzat.edu.pl\/wp-content\/uploads\/2025\/11\/Dzien-Niepodleglosci-12.11.2025-Motylki-3-768x578.jpeg 768w, https:\/\/www.wesolyskrzat.edu.pl\/wp-content\/uploads\/2025\/11\/Dzien-Niepodleglosci-12.11.2025-Motylki-3-1536x1156.jpeg 1536w, https:\/\/www.wesolyskrzat.edu.pl\/wp-content\/uploads\/2025\/11\/Dzien-Niepodleglosci-12.11.2025-Motylki-3-2048x1542.jpeg 2048w\" sizes=\"auto, (max-width: 2560px) 100vw, 2560px\" \/><\/figure>\n\n\n\n<figure class=\"wp-block-image size-full\"><img loading=\"lazy\" decoding=\"async\" width=\"1542\" height=\"2047\" data-id=\"7463\" src=\"https:\/\/www.wesolyskrzat.edu.pl\/wp-content\/uploads\/2025\/11\/Dzien-Niepodleglosci-12.11.2025-Motylki-4.jpeg\" alt=\"\" class=\"wp-image-7463\" srcset=\"https:\/\/www.wesolyskrzat.edu.pl\/wp-content\/uploads\/2025\/11\/Dzien-Niepodleglosci-12.11.2025-Motylki-4.jpeg 1542w, https:\/\/www.wesolyskrzat.edu.pl\/wp-content\/uploads\/2025\/11\/Dzien-Niepodleglosci-12.11.2025-Motylki-4-226x300.jpeg 226w, https:\/\/www.wesolyskrzat.edu.pl\/wp-content\/uploads\/2025\/11\/Dzien-Niepodleglosci-12.11.2025-Motylki-4-771x1024.jpeg 771w, https:\/\/www.wesolyskrzat.edu.pl\/wp-content\/uploads\/2025\/11\/Dzien-Niepodleglosci-12.11.2025-Motylki-4-768x1020.jpeg 768w, https:\/\/www.wesolyskrzat.edu.pl\/wp-content\/uploads\/2025\/11\/Dzien-Niepodleglosci-12.11.2025-Motylki-4-1157x1536.jpeg 1157w\" sizes=\"auto, (max-width: 1542px) 100vw, 1542px\" \/><\/figure>\n\n\n\n<figure class=\"wp-block-image size-full\"><img loading=\"lazy\" decoding=\"async\" width=\"2040\" height=\"1536\" data-id=\"7467\" src=\"https:\/\/www.wesolyskrzat.edu.pl\/wp-content\/uploads\/2025\/11\/Dzien-Niepodleglosci-12.11.2025-Motylki-4.jpg\" alt=\"\" class=\"wp-image-7467\" srcset=\"https:\/\/www.wesolyskrzat.edu.pl\/wp-content\/uploads\/2025\/11\/Dzien-Niepodleglosci-12.11.2025-Motylki-4.jpg 2040w, https:\/\/www.wesolyskrzat.edu.pl\/wp-content\/uploads\/2025\/11\/Dzien-Niepodleglosci-12.11.2025-Motylki-4-300x226.jpg 300w, https:\/\/www.wesolyskrzat.edu.pl\/wp-content\/uploads\/2025\/11\/Dzien-Niepodleglosci-12.11.2025-Motylki-4-1024x771.jpg 1024w, https:\/\/www.wesolyskrzat.edu.pl\/wp-content\/uploads\/2025\/11\/Dzien-Niepodleglosci-12.11.2025-Motylki-4-768x578.jpg 768w, https:\/\/www.wesolyskrzat.edu.pl\/wp-content\/uploads\/2025\/11\/Dzien-Niepodleglosci-12.11.2025-Motylki-4-1536x1157.jpg 1536w\" sizes=\"auto, (max-width: 2040px) 100vw, 2040px\" \/><\/figure>\n\n\n\n<figure class=\"wp-block-image size-full\"><img loading=\"lazy\" decoding=\"async\" width=\"2560\" height=\"1920\" data-id=\"7468\" src=\"https:\/\/www.wesolyskrzat.edu.pl\/wp-content\/uploads\/2025\/11\/Dzien-Niepodleglosci-12.11.2025-Motylki-5-scaled.jpg\" alt=\"\" class=\"wp-image-7468\" srcset=\"https:\/\/www.wesolyskrzat.edu.pl\/wp-content\/uploads\/2025\/11\/Dzien-Niepodleglosci-12.11.2025-Motylki-5-scaled.jpg 2560w, https:\/\/www.wesolyskrzat.edu.pl\/wp-content\/uploads\/2025\/11\/Dzien-Niepodleglosci-12.11.2025-Motylki-5-300x225.jpg 300w, https:\/\/www.wesolyskrzat.edu.pl\/wp-content\/uploads\/2025\/11\/Dzien-Niepodleglosci-12.11.2025-Motylki-5-1024x768.jpg 1024w, https:\/\/www.wesolyskrzat.edu.pl\/wp-content\/uploads\/2025\/11\/Dzien-Niepodleglosci-12.11.2025-Motylki-5-768x576.jpg 768w, https:\/\/www.wesolyskrzat.edu.pl\/wp-content\/uploads\/2025\/11\/Dzien-Niepodleglosci-12.11.2025-Motylki-5-1536x1152.jpg 1536w, https:\/\/www.wesolyskrzat.edu.pl\/wp-content\/uploads\/2025\/11\/Dzien-Niepodleglosci-12.11.2025-Motylki-5-2048x1536.jpg 2048w\" sizes=\"auto, (max-width: 2560px) 100vw, 2560px\" \/><\/figure>\n\n\n\n<figure class=\"wp-block-image size-full\"><img loading=\"lazy\" decoding=\"async\" width=\"2040\" height=\"1536\" data-id=\"7465\" src=\"https:\/\/www.wesolyskrzat.edu.pl\/wp-content\/uploads\/2025\/11\/Dzien-Niepodleglosci-12.11.2025-Motylki-6.jpg\" alt=\"\" class=\"wp-image-7465\" srcset=\"https:\/\/www.wesolyskrzat.edu.pl\/wp-content\/uploads\/2025\/11\/Dzien-Niepodleglosci-12.11.2025-Motylki-6.jpg 2040w, https:\/\/www.wesolyskrzat.edu.pl\/wp-content\/uploads\/2025\/11\/Dzien-Niepodleglosci-12.11.2025-Motylki-6-300x226.jpg 300w, https:\/\/www.wesolyskrzat.edu.pl\/wp-content\/uploads\/2025\/11\/Dzien-Niepodleglosci-12.11.2025-Motylki-6-1024x771.jpg 1024w, https:\/\/www.wesolyskrzat.edu.pl\/wp-content\/uploads\/2025\/11\/Dzien-Niepodleglosci-12.11.2025-Motylki-6-768x578.jpg 768w, https:\/\/www.wesolyskrzat.edu.pl\/wp-content\/uploads\/2025\/11\/Dzien-Niepodleglosci-12.11.2025-Motylki-6-1536x1157.jpg 1536w\" sizes=\"auto, (max-width: 2040px) 100vw, 2040px\" \/><\/figure>\n\n\n\n<figure class=\"wp-block-image size-full\"><img loading=\"lazy\" decoding=\"async\" width=\"2040\" height=\"1536\" data-id=\"7466\" src=\"https:\/\/www.wesolyskrzat.edu.pl\/wp-content\/uploads\/2025\/11\/Dzien-Niepodleglosci-12.11.2025-Motylki-7.jpg\" alt=\"\" class=\"wp-image-7466\" srcset=\"https:\/\/www.wesolyskrzat.edu.pl\/wp-content\/uploads\/2025\/11\/Dzien-Niepodleglosci-12.11.2025-Motylki-7.jpg 2040w, https:\/\/www.wesolyskrzat.edu.pl\/wp-content\/uploads\/2025\/11\/Dzien-Niepodleglosci-12.11.2025-Motylki-7-300x226.jpg 300w, https:\/\/www.wesolyskrzat.edu.pl\/wp-content\/uploads\/2025\/11\/Dzien-Niepodleglosci-12.11.2025-Motylki-7-1024x771.jpg 1024w, https:\/\/www.wesolyskrzat.edu.pl\/wp-content\/uploads\/2025\/11\/Dzien-Niepodleglosci-12.11.2025-Motylki-7-768x578.jpg 768w, https:\/\/www.wesolyskrzat.edu.pl\/wp-content\/uploads\/2025\/11\/Dzien-Niepodleglosci-12.11.2025-Motylki-7-1536x1157.jpg 1536w\" sizes=\"auto, (max-width: 2040px) 100vw, 2040px\" \/><\/figure>\n<\/figure>\n","protected":false},"excerpt":{"rendered":"<p>W naszym przedszkolu&nbsp;w dniu 12 listopada obchodzili\u015bmy&nbsp;\u015awi\u0119to Niepodleg\u0142o\u015bci. Z tej okazji wszystkie dzieci\u00a0 uroczy\u015bcie \u015bwi\u0119towa\u0142y ten wyj\u0105tkowy dla Nas \u2013 Polak\u00f3w dzie\u0144..\u00a0 Dzieci tego dnia do przedszkola przysz\u0142y ubrane w od\u015bwi\u0119tnych strojach. Wszyscy wsp\u00f3lnie obejrzeli\u015bmy akademi\u0119 z okazji Dnia Niepodleg\u0142o\u015bci wykonan\u0105 przez naszych koleg\u00f3w i kole\u017canki ze starszych grup. Zapoznawali\u015bmy si\u0119 z walut\u0105, granicami kraju, [&hellip;]<\/p>\n","protected":false},"author":3,"featured_media":0,"comment_status":"closed","ping_status":"open","sticky":false,"template":"","format":"standard","meta":{"footnotes":""},"categories":[39],"tags":[],"class_list":["post-7461","post","type-post","status-publish","format-standard","hentry","category-motylki-3-latki"],"yoast_head":"<!-- This site is optimized with the Yoast SEO plugin v18.5.1 - https:\/\/yoast.com\/wordpress\/plugins\/seo\/ -->\n<title>Narodowe \u015awi\u0119to Niepodleg\u0142o\u015bci - Weso\u0142y Skrzat<\/title>\n<meta name=\"robots\" content=\"index, follow, max-snippet:-1, max-image-preview:large, max-video-preview:-1\" \/>\n<link rel=\"canonical\" href=\"https:\/\/www.wesolyskrzat.edu.pl\/index.php\/2025\/11\/21\/narodowe-swieto-niepodleglosci-7\/\" \/>\n<meta property=\"og:locale\" content=\"pl_PL\" \/>\n<meta property=\"og:type\" content=\"article\" \/>\n<meta property=\"og:title\" content=\"Narodowe \u015awi\u0119to Niepodleg\u0142o\u015bci - Weso\u0142y Skrzat\" \/>\n<meta property=\"og:description\" content=\"W naszym przedszkolu&nbsp;w dniu 12 listopada obchodzili\u015bmy&nbsp;\u015awi\u0119to Niepodleg\u0142o\u015bci. Z tej okazji wszystkie dzieci\u00a0 uroczy\u015bcie \u015bwi\u0119towa\u0142y ten wyj\u0105tkowy dla Nas \u2013 Polak\u00f3w dzie\u0144..\u00a0 Dzieci tego dnia do przedszkola przysz\u0142y ubrane w od\u015bwi\u0119tnych strojach. Wszyscy wsp\u00f3lnie obejrzeli\u015bmy akademi\u0119 z okazji Dnia Niepodleg\u0142o\u015bci wykonan\u0105 przez naszych koleg\u00f3w i kole\u017canki ze starszych grup. Zapoznawali\u015bmy si\u0119 z walut\u0105, granicami kraju, [&hellip;]\" \/>\n<meta property=\"og:url\" content=\"https:\/\/www.wesolyskrzat.edu.pl\/index.php\/2025\/11\/21\/narodowe-swieto-niepodleglosci-7\/\" \/>\n<meta property=\"og:site_name\" content=\"Weso\u0142y Skrzat\" \/>\n<meta property=\"article:published_time\" content=\"2025-11-21T14:56:32+00:00\" \/>\n<meta property=\"article:modified_time\" content=\"2025-11-21T14:56:33+00:00\" \/>\n<meta property=\"og:image\" content=\"https:\/\/www.wesolyskrzat.edu.pl\/wp-content\/uploads\/2025\/11\/Dzien-Niepodleglosci-12.11.2025-Motylki-11.jpg\" \/>\n<meta name=\"twitter:card\" content=\"summary_large_image\" \/>\n<meta name=\"twitter:label1\" content=\"Napisane przez\" \/>\n\t<meta name=\"twitter:data1\" content=\"Paulina Pyci\u0144ska\" \/>\n\t<meta name=\"twitter:label2\" content=\"Szacowany czas czytania\" \/>\n\t<meta name=\"twitter:data2\" content=\"1 minuta\" \/>\n<script type=\"application\/ld+json\" class=\"yoast-schema-graph\">{\"@context\":\"https:\/\/schema.org\",\"@graph\":[{\"@type\":\"WebSite\",\"@id\":\"https:\/\/www.wesolyskrzat.edu.pl\/#website\",\"url\":\"https:\/\/www.wesolyskrzat.edu.pl\/\",\"name\":\"Weso\u0142y Skrzat\",\"description\":\"Najpi\u0119kniejsze przedszkole w Markach\",\"potentialAction\":[{\"@type\":\"SearchAction\",\"target\":{\"@type\":\"EntryPoint\",\"urlTemplate\":\"https:\/\/www.wesolyskrzat.edu.pl\/?s={search_term_string}\"},\"query-input\":\"required name=search_term_string\"}],\"inLanguage\":\"pl-PL\"},{\"@type\":\"ImageObject\",\"@id\":\"https:\/\/www.wesolyskrzat.edu.pl\/index.php\/2025\/11\/21\/narodowe-swieto-niepodleglosci-7\/#primaryimage\",\"inLanguage\":\"pl-PL\",\"url\":\"https:\/\/www.wesolyskrzat.edu.pl\/wp-content\/uploads\/2025\/11\/Dzien-Niepodleglosci-12.11.2025-Motylki-11.jpg\",\"contentUrl\":\"https:\/\/www.wesolyskrzat.edu.pl\/wp-content\/uploads\/2025\/11\/Dzien-Niepodleglosci-12.11.2025-Motylki-11.jpg\",\"width\":1600,\"height\":1204},{\"@type\":\"WebPage\",\"@id\":\"https:\/\/www.wesolyskrzat.edu.pl\/index.php\/2025\/11\/21\/narodowe-swieto-niepodleglosci-7\/#webpage\",\"url\":\"https:\/\/www.wesolyskrzat.edu.pl\/index.php\/2025\/11\/21\/narodowe-swieto-niepodleglosci-7\/\",\"name\":\"Narodowe \u015awi\u0119to Niepodleg\u0142o\u015bci - Weso\u0142y Skrzat\",\"isPartOf\":{\"@id\":\"https:\/\/www.wesolyskrzat.edu.pl\/#website\"},\"primaryImageOfPage\":{\"@id\":\"https:\/\/www.wesolyskrzat.edu.pl\/index.php\/2025\/11\/21\/narodowe-swieto-niepodleglosci-7\/#primaryimage\"},\"datePublished\":\"2025-11-21T14:56:32+00:00\",\"dateModified\":\"2025-11-21T14:56:33+00:00\",\"author\":{\"@id\":\"https:\/\/www.wesolyskrzat.edu.pl\/#\/schema\/person\/665c990d766e7b21f5731227b7d3f0f6\"},\"breadcrumb\":{\"@id\":\"https:\/\/www.wesolyskrzat.edu.pl\/index.php\/2025\/11\/21\/narodowe-swieto-niepodleglosci-7\/#breadcrumb\"},\"inLanguage\":\"pl-PL\",\"potentialAction\":[{\"@type\":\"ReadAction\",\"target\":[\"https:\/\/www.wesolyskrzat.edu.pl\/index.php\/2025\/11\/21\/narodowe-swieto-niepodleglosci-7\/\"]}]},{\"@type\":\"BreadcrumbList\",\"@id\":\"https:\/\/www.wesolyskrzat.edu.pl\/index.php\/2025\/11\/21\/narodowe-swieto-niepodleglosci-7\/#breadcrumb\",\"itemListElement\":[{\"@type\":\"ListItem\",\"position\":1,\"name\":\"Home\",\"item\":\"https:\/\/www.wesolyskrzat.edu.pl\/\"},{\"@type\":\"ListItem\",\"position\":2,\"name\":\"Narodowe \u015awi\u0119to Niepodleg\u0142o\u015bci\"}]},{\"@type\":\"Person\",\"@id\":\"https:\/\/www.wesolyskrzat.edu.pl\/#\/schema\/person\/665c990d766e7b21f5731227b7d3f0f6\",\"name\":\"Paulina Pyci\u0144ska\",\"image\":{\"@type\":\"ImageObject\",\"@id\":\"https:\/\/www.wesolyskrzat.edu.pl\/#personlogo\",\"inLanguage\":\"pl-PL\",\"url\":\"https:\/\/secure.gravatar.com\/avatar\/3e43e454ecfe17681ca5008a70eb6887dad418e79fd9180caf1239bb35b78d67?s=96&d=mm&r=g\",\"contentUrl\":\"https:\/\/secure.gravatar.com\/avatar\/3e43e454ecfe17681ca5008a70eb6887dad418e79fd9180caf1239bb35b78d67?s=96&d=mm&r=g\",\"caption\":\"Paulina Pyci\u0144ska\"},\"url\":\"https:\/\/www.wesolyskrzat.edu.pl\/index.php\/author\/pycinska\/\"}]}<\/script>\n<!-- \/ Yoast SEO plugin. -->","yoast_head_json":{"title":"Narodowe \u015awi\u0119to Niepodleg\u0142o\u015bci - Weso\u0142y Skrzat","robots":{"index":"index","follow":"follow","max-snippet":"max-snippet:-1","max-image-preview":"max-image-preview:large","max-video-preview":"max-video-preview:-1"},"canonical":"https:\/\/www.wesolyskrzat.edu.pl\/index.php\/2025\/11\/21\/narodowe-swieto-niepodleglosci-7\/","og_locale":"pl_PL","og_type":"article","og_title":"Narodowe \u015awi\u0119to Niepodleg\u0142o\u015bci - Weso\u0142y Skrzat","og_description":"W naszym przedszkolu&nbsp;w dniu 12 listopada obchodzili\u015bmy&nbsp;\u015awi\u0119to Niepodleg\u0142o\u015bci. Z tej okazji wszystkie dzieci\u00a0 uroczy\u015bcie \u015bwi\u0119towa\u0142y ten wyj\u0105tkowy dla Nas \u2013 Polak\u00f3w dzie\u0144..\u00a0 Dzieci tego dnia do przedszkola przysz\u0142y ubrane w od\u015bwi\u0119tnych strojach. Wszyscy wsp\u00f3lnie obejrzeli\u015bmy akademi\u0119 z okazji Dnia Niepodleg\u0142o\u015bci wykonan\u0105 przez naszych koleg\u00f3w i kole\u017canki ze starszych grup. Zapoznawali\u015bmy si\u0119 z walut\u0105, granicami kraju, [&hellip;]","og_url":"https:\/\/www.wesolyskrzat.edu.pl\/index.php\/2025\/11\/21\/narodowe-swieto-niepodleglosci-7\/","og_site_name":"Weso\u0142y Skrzat","article_published_time":"2025-11-21T14:56:32+00:00","article_modified_time":"2025-11-21T14:56:33+00:00","og_image":[{"url":"https:\/\/www.wesolyskrzat.edu.pl\/wp-content\/uploads\/2025\/11\/Dzien-Niepodleglosci-12.11.2025-Motylki-11.jpg"}],"twitter_card":"summary_large_image","twitter_misc":{"Napisane przez":"Paulina Pyci\u0144ska","Szacowany czas czytania":"1 minuta"},"schema":{"@context":"https:\/\/schema.org","@graph":[{"@type":"WebSite","@id":"https:\/\/www.wesolyskrzat.edu.pl\/#website","url":"https:\/\/www.wesolyskrzat.edu.pl\/","name":"Weso\u0142y Skrzat","description":"Najpi\u0119kniejsze przedszkole w Markach","potentialAction":[{"@type":"SearchAction","target":{"@type":"EntryPoint","urlTemplate":"https:\/\/www.wesolyskrzat.edu.pl\/?s={search_term_string}"},"query-input":"required name=search_term_string"}],"inLanguage":"pl-PL"},{"@type":"ImageObject","@id":"https:\/\/www.wesolyskrzat.edu.pl\/index.php\/2025\/11\/21\/narodowe-swieto-niepodleglosci-7\/#primaryimage","inLanguage":"pl-PL","url":"https:\/\/www.wesolyskrzat.edu.pl\/wp-content\/uploads\/2025\/11\/Dzien-Niepodleglosci-12.11.2025-Motylki-11.jpg","contentUrl":"https:\/\/www.wesolyskrzat.edu.pl\/wp-content\/uploads\/2025\/11\/Dzien-Niepodleglosci-12.11.2025-Motylki-11.jpg","width":1600,"height":1204},{"@type":"WebPage","@id":"https:\/\/www.wesolyskrzat.edu.pl\/index.php\/2025\/11\/21\/narodowe-swieto-niepodleglosci-7\/#webpage","url":"https:\/\/www.wesolyskrzat.edu.pl\/index.php\/2025\/11\/21\/narodowe-swieto-niepodleglosci-7\/","name":"Narodowe \u015awi\u0119to Niepodleg\u0142o\u015bci - Weso\u0142y Skrzat","isPartOf":{"@id":"https:\/\/www.wesolyskrzat.edu.pl\/#website"},"primaryImageOfPage":{"@id":"https:\/\/www.wesolyskrzat.edu.pl\/index.php\/2025\/11\/21\/narodowe-swieto-niepodleglosci-7\/#primaryimage"},"datePublished":"2025-11-21T14:56:32+00:00","dateModified":"2025-11-21T14:56:33+00:00","author":{"@id":"https:\/\/www.wesolyskrzat.edu.pl\/#\/schema\/person\/665c990d766e7b21f5731227b7d3f0f6"},"breadcrumb":{"@id":"https:\/\/www.wesolyskrzat.edu.pl\/index.php\/2025\/11\/21\/narodowe-swieto-niepodleglosci-7\/#breadcrumb"},"inLanguage":"pl-PL","potentialAction":[{"@type":"ReadAction","target":["https:\/\/www.wesolyskrzat.edu.pl\/index.php\/2025\/11\/21\/narodowe-swieto-niepodleglosci-7\/"]}]},{"@type":"BreadcrumbList","@id":"https:\/\/www.wesolyskrzat.edu.pl\/index.php\/2025\/11\/21\/narodowe-swieto-niepodleglosci-7\/#breadcrumb","itemListElement":[{"@type":"ListItem","position":1,"name":"Home","item":"https:\/\/www.wesolyskrzat.edu.pl\/"},{"@type":"ListItem","position":2,"name":"Narodowe \u015awi\u0119to Niepodleg\u0142o\u015bci"}]},{"@type":"Person","@id":"https:\/\/www.wesolyskrzat.edu.pl\/#\/schema\/person\/665c990d766e7b21f5731227b7d3f0f6","name":"Paulina Pyci\u0144ska","image":{"@type":"ImageObject","@id":"https:\/\/www.wesolyskrzat.edu.pl\/#personlogo","inLanguage":"pl-PL","url":"https:\/\/secure.gravatar.com\/avatar\/3e43e454ecfe17681ca5008a70eb6887dad418e79fd9180caf1239bb35b78d67?s=96&d=mm&r=g","contentUrl":"https:\/\/secure.gravatar.com\/avatar\/3e43e454ecfe17681ca5008a70eb6887dad418e79fd9180caf1239bb35b78d67?s=96&d=mm&r=g","caption":"Paulina Pyci\u0144ska"},"url":"https:\/\/www.wesolyskrzat.edu.pl\/index.php\/author\/pycinska\/"}]}},"_links":{"self":[{"href":"https:\/\/www.wesolyskrzat.edu.pl\/index.php\/wp-json\/wp\/v2\/posts\/7461","targetHints":{"allow":["GET"]}}],"collection":[{"href":"https:\/\/www.wesolyskrzat.edu.pl\/index.php\/wp-json\/wp\/v2\/posts"}],"about":[{"href":"https:\/\/www.wesolyskrzat.edu.pl\/index.php\/wp-json\/wp\/v2\/types\/post"}],"author":[{"embeddable":true,"href":"https:\/\/www.wesolyskrzat.edu.pl\/index.php\/wp-json\/wp\/v2\/users\/3"}],"replies":[{"embeddable":true,"href":"https:\/\/www.wesolyskrzat.edu.pl\/index.php\/wp-json\/wp\/v2\/comments?post=7461"}],"version-history":[{"count":1,"href":"https:\/\/www.wesolyskrzat.edu.pl\/index.php\/wp-json\/wp\/v2\/posts\/7461\/revisions"}],"predecessor-version":[{"id":7469,"href":"https:\/\/www.wesolyskrzat.edu.pl\/index.php\/wp-json\/wp\/v2\/posts\/7461\/revisions\/7469"}],"wp:attachment":[{"href":"https:\/\/www.wesolyskrzat.edu.pl\/index.php\/wp-json\/wp\/v2\/media?parent=7461"}],"wp:term":[{"taxonomy":"category","embeddable":true,"href":"https:\/\/www.wesolyskrzat.edu.pl\/index.php\/wp-json\/wp\/v2\/categories?post=7461"},{"taxonomy":"post_tag","embeddable":true,"href":"https:\/\/www.wesolyskrzat.edu.pl\/index.php\/wp-json\/wp\/v2\/tags?post=7461"}],"curies":[{"name":"wp","href":"https:\/\/api.w.org\/{rel}","templated":true}]}}