{"id":7313,"date":"2025-11-07T15:03:59","date_gmt":"2025-11-07T14:03:59","guid":{"rendered":"https:\/\/www.wesolyskrzat.edu.pl\/?p=7313"},"modified":"2025-11-07T15:04:01","modified_gmt":"2025-11-07T14:04:01","slug":"dzien-dyni-16","status":"publish","type":"post","link":"https:\/\/www.wesolyskrzat.edu.pl\/index.php\/2025\/11\/07\/dzien-dyni-16\/","title":{"rendered":"Dzie\u0144 Dyni"},"content":{"rendered":"\n<p>DZIE\u0143 DYNI<br>W dniu 30 pa\u017adziernika 2025 roku w Naszym Przedszkolu\u00a0 obchodzili\u015bmy Dzie\u0144 Dyni. Tego dnia nasze przedszkolaki przysz\u0142y ubrane na pomara\u0144czowo. Dzieci dowiedzia\u0142y si\u0119 jak wygl\u0105da dynia, nast\u0119pnie by\u0142 czas na wsp\u00f3lne zabawy z dyniami takie jak turlanie, slalom, &#8222;Dyniowe&#8221; k\u00f3\u0142ko i krzy\u017cyk, wyklejanie dyni, segregowanie ze wzgl\u0119du na kszta\u0142t, kolor itp. A na koniec dzieci zrobi\u0142y sobie zdj\u0119cia w &#8222;dyniowej&#8221; ramce.<\/p>\n\n\n\n<figure class=\"wp-block-gallery has-nested-images columns-2 is-cropped wp-block-gallery-1 is-layout-flex wp-block-gallery-is-layout-flex\">\n<figure class=\"wp-block-image size-full\"><img loading=\"lazy\" decoding=\"async\" width=\"1440\" height=\"2560\" data-id=\"7314\" src=\"https:\/\/www.wesolyskrzat.edu.pl\/wp-content\/uploads\/2025\/11\/1000051241-scaled.jpg\" alt=\"\" class=\"wp-image-7314\" srcset=\"https:\/\/www.wesolyskrzat.edu.pl\/wp-content\/uploads\/2025\/11\/1000051241-scaled.jpg 1440w, https:\/\/www.wesolyskrzat.edu.pl\/wp-content\/uploads\/2025\/11\/1000051241-169x300.jpg 169w, https:\/\/www.wesolyskrzat.edu.pl\/wp-content\/uploads\/2025\/11\/1000051241-576x1024.jpg 576w, https:\/\/www.wesolyskrzat.edu.pl\/wp-content\/uploads\/2025\/11\/1000051241-768x1365.jpg 768w, https:\/\/www.wesolyskrzat.edu.pl\/wp-content\/uploads\/2025\/11\/1000051241-864x1536.jpg 864w, https:\/\/www.wesolyskrzat.edu.pl\/wp-content\/uploads\/2025\/11\/1000051241-1152x2048.jpg 1152w\" sizes=\"auto, (max-width: 1440px) 100vw, 1440px\" \/><\/figure>\n\n\n\n<figure class=\"wp-block-image size-full\"><img loading=\"lazy\" decoding=\"async\" width=\"1440\" height=\"2560\" data-id=\"7318\" src=\"https:\/\/www.wesolyskrzat.edu.pl\/wp-content\/uploads\/2025\/11\/1000051242-scaled.jpg\" alt=\"\" class=\"wp-image-7318\" srcset=\"https:\/\/www.wesolyskrzat.edu.pl\/wp-content\/uploads\/2025\/11\/1000051242-scaled.jpg 1440w, https:\/\/www.wesolyskrzat.edu.pl\/wp-content\/uploads\/2025\/11\/1000051242-169x300.jpg 169w, https:\/\/www.wesolyskrzat.edu.pl\/wp-content\/uploads\/2025\/11\/1000051242-576x1024.jpg 576w, https:\/\/www.wesolyskrzat.edu.pl\/wp-content\/uploads\/2025\/11\/1000051242-768x1365.jpg 768w, https:\/\/www.wesolyskrzat.edu.pl\/wp-content\/uploads\/2025\/11\/1000051242-864x1536.jpg 864w, https:\/\/www.wesolyskrzat.edu.pl\/wp-content\/uploads\/2025\/11\/1000051242-1152x2048.jpg 1152w\" sizes=\"auto, (max-width: 1440px) 100vw, 1440px\" \/><\/figure>\n\n\n\n<figure class=\"wp-block-image size-full\"><img loading=\"lazy\" decoding=\"async\" width=\"1440\" height=\"2560\" data-id=\"7317\" src=\"https:\/\/www.wesolyskrzat.edu.pl\/wp-content\/uploads\/2025\/11\/1000051243-scaled.jpg\" alt=\"\" class=\"wp-image-7317\" srcset=\"https:\/\/www.wesolyskrzat.edu.pl\/wp-content\/uploads\/2025\/11\/1000051243-scaled.jpg 1440w, https:\/\/www.wesolyskrzat.edu.pl\/wp-content\/uploads\/2025\/11\/1000051243-169x300.jpg 169w, https:\/\/www.wesolyskrzat.edu.pl\/wp-content\/uploads\/2025\/11\/1000051243-576x1024.jpg 576w, https:\/\/www.wesolyskrzat.edu.pl\/wp-content\/uploads\/2025\/11\/1000051243-768x1365.jpg 768w, https:\/\/www.wesolyskrzat.edu.pl\/wp-content\/uploads\/2025\/11\/1000051243-864x1536.jpg 864w, https:\/\/www.wesolyskrzat.edu.pl\/wp-content\/uploads\/2025\/11\/1000051243-1152x2048.jpg 1152w\" sizes=\"auto, (max-width: 1440px) 100vw, 1440px\" \/><\/figure>\n\n\n\n<figure class=\"wp-block-image size-full\"><img loading=\"lazy\" decoding=\"async\" width=\"1440\" height=\"2560\" data-id=\"7316\" src=\"https:\/\/www.wesolyskrzat.edu.pl\/wp-content\/uploads\/2025\/11\/1000051244-scaled.jpg\" alt=\"\" class=\"wp-image-7316\" srcset=\"https:\/\/www.wesolyskrzat.edu.pl\/wp-content\/uploads\/2025\/11\/1000051244-scaled.jpg 1440w, https:\/\/www.wesolyskrzat.edu.pl\/wp-content\/uploads\/2025\/11\/1000051244-169x300.jpg 169w, https:\/\/www.wesolyskrzat.edu.pl\/wp-content\/uploads\/2025\/11\/1000051244-576x1024.jpg 576w, https:\/\/www.wesolyskrzat.edu.pl\/wp-content\/uploads\/2025\/11\/1000051244-768x1365.jpg 768w, https:\/\/www.wesolyskrzat.edu.pl\/wp-content\/uploads\/2025\/11\/1000051244-864x1536.jpg 864w, https:\/\/www.wesolyskrzat.edu.pl\/wp-content\/uploads\/2025\/11\/1000051244-1152x2048.jpg 1152w\" sizes=\"auto, (max-width: 1440px) 100vw, 1440px\" \/><\/figure>\n\n\n\n<figure class=\"wp-block-image size-full\"><img loading=\"lazy\" decoding=\"async\" width=\"1440\" height=\"2560\" data-id=\"7315\" src=\"https:\/\/www.wesolyskrzat.edu.pl\/wp-content\/uploads\/2025\/11\/1000051245-scaled.jpg\" alt=\"\" class=\"wp-image-7315\" srcset=\"https:\/\/www.wesolyskrzat.edu.pl\/wp-content\/uploads\/2025\/11\/1000051245-scaled.jpg 1440w, https:\/\/www.wesolyskrzat.edu.pl\/wp-content\/uploads\/2025\/11\/1000051245-169x300.jpg 169w, https:\/\/www.wesolyskrzat.edu.pl\/wp-content\/uploads\/2025\/11\/1000051245-576x1024.jpg 576w, https:\/\/www.wesolyskrzat.edu.pl\/wp-content\/uploads\/2025\/11\/1000051245-768x1365.jpg 768w, https:\/\/www.wesolyskrzat.edu.pl\/wp-content\/uploads\/2025\/11\/1000051245-864x1536.jpg 864w, https:\/\/www.wesolyskrzat.edu.pl\/wp-content\/uploads\/2025\/11\/1000051245-1152x2048.jpg 1152w\" sizes=\"auto, (max-width: 1440px) 100vw, 1440px\" \/><\/figure>\n\n\n\n<figure class=\"wp-block-image size-full\"><img loading=\"lazy\" decoding=\"async\" width=\"1440\" height=\"2560\" data-id=\"7321\" src=\"https:\/\/www.wesolyskrzat.edu.pl\/wp-content\/uploads\/2025\/11\/1000051246-scaled.jpg\" alt=\"\" class=\"wp-image-7321\" srcset=\"https:\/\/www.wesolyskrzat.edu.pl\/wp-content\/uploads\/2025\/11\/1000051246-scaled.jpg 1440w, https:\/\/www.wesolyskrzat.edu.pl\/wp-content\/uploads\/2025\/11\/1000051246-169x300.jpg 169w, https:\/\/www.wesolyskrzat.edu.pl\/wp-content\/uploads\/2025\/11\/1000051246-576x1024.jpg 576w, https:\/\/www.wesolyskrzat.edu.pl\/wp-content\/uploads\/2025\/11\/1000051246-768x1365.jpg 768w, https:\/\/www.wesolyskrzat.edu.pl\/wp-content\/uploads\/2025\/11\/1000051246-864x1536.jpg 864w, https:\/\/www.wesolyskrzat.edu.pl\/wp-content\/uploads\/2025\/11\/1000051246-1152x2048.jpg 1152w\" sizes=\"auto, (max-width: 1440px) 100vw, 1440px\" \/><\/figure>\n\n\n\n<figure class=\"wp-block-image size-full\"><img loading=\"lazy\" decoding=\"async\" width=\"1440\" height=\"2560\" data-id=\"7320\" src=\"https:\/\/www.wesolyskrzat.edu.pl\/wp-content\/uploads\/2025\/11\/1000051247-scaled.jpg\" alt=\"\" class=\"wp-image-7320\" srcset=\"https:\/\/www.wesolyskrzat.edu.pl\/wp-content\/uploads\/2025\/11\/1000051247-scaled.jpg 1440w, https:\/\/www.wesolyskrzat.edu.pl\/wp-content\/uploads\/2025\/11\/1000051247-169x300.jpg 169w, https:\/\/www.wesolyskrzat.edu.pl\/wp-content\/uploads\/2025\/11\/1000051247-576x1024.jpg 576w, https:\/\/www.wesolyskrzat.edu.pl\/wp-content\/uploads\/2025\/11\/1000051247-768x1365.jpg 768w, https:\/\/www.wesolyskrzat.edu.pl\/wp-content\/uploads\/2025\/11\/1000051247-864x1536.jpg 864w, https:\/\/www.wesolyskrzat.edu.pl\/wp-content\/uploads\/2025\/11\/1000051247-1152x2048.jpg 1152w\" sizes=\"auto, (max-width: 1440px) 100vw, 1440px\" \/><\/figure>\n\n\n\n<figure class=\"wp-block-image size-full\"><img loading=\"lazy\" decoding=\"async\" width=\"1440\" height=\"2560\" data-id=\"7319\" src=\"https:\/\/www.wesolyskrzat.edu.pl\/wp-content\/uploads\/2025\/11\/1000051248-scaled.jpg\" alt=\"\" class=\"wp-image-7319\" srcset=\"https:\/\/www.wesolyskrzat.edu.pl\/wp-content\/uploads\/2025\/11\/1000051248-scaled.jpg 1440w, https:\/\/www.wesolyskrzat.edu.pl\/wp-content\/uploads\/2025\/11\/1000051248-169x300.jpg 169w, https:\/\/www.wesolyskrzat.edu.pl\/wp-content\/uploads\/2025\/11\/1000051248-576x1024.jpg 576w, https:\/\/www.wesolyskrzat.edu.pl\/wp-content\/uploads\/2025\/11\/1000051248-768x1365.jpg 768w, https:\/\/www.wesolyskrzat.edu.pl\/wp-content\/uploads\/2025\/11\/1000051248-864x1536.jpg 864w, https:\/\/www.wesolyskrzat.edu.pl\/wp-content\/uploads\/2025\/11\/1000051248-1152x2048.jpg 1152w\" sizes=\"auto, (max-width: 1440px) 100vw, 1440px\" \/><\/figure>\n<\/figure>\n","protected":false},"excerpt":{"rendered":"<p>DZIE\u0143 DYNIW dniu 30 pa\u017adziernika 2025 roku w Naszym Przedszkolu\u00a0 obchodzili\u015bmy Dzie\u0144 Dyni. Tego dnia nasze przedszkolaki przysz\u0142y ubrane na pomara\u0144czowo. Dzieci dowiedzia\u0142y si\u0119 jak wygl\u0105da dynia, nast\u0119pnie by\u0142 czas na wsp\u00f3lne zabawy z dyniami takie jak turlanie, slalom, &#8222;Dyniowe&#8221; k\u00f3\u0142ko i krzy\u017cyk, wyklejanie dyni, segregowanie ze wzgl\u0119du na kszta\u0142t, kolor itp. A na koniec [&hellip;]<\/p>\n","protected":false},"author":3,"featured_media":0,"comment_status":"closed","ping_status":"open","sticky":false,"template":"","format":"standard","meta":{"footnotes":""},"categories":[41],"tags":[],"class_list":["post-7313","post","type-post","status-publish","format-standard","hentry","category-misie-5-latki"],"yoast_head":"<!-- This site is optimized with the Yoast SEO plugin v18.5.1 - https:\/\/yoast.com\/wordpress\/plugins\/seo\/ -->\n<title>Dzie\u0144 Dyni - Weso\u0142y Skrzat<\/title>\n<meta name=\"robots\" content=\"index, follow, max-snippet:-1, max-image-preview:large, max-video-preview:-1\" \/>\n<link rel=\"canonical\" href=\"https:\/\/www.wesolyskrzat.edu.pl\/index.php\/2025\/11\/07\/dzien-dyni-16\/\" \/>\n<meta property=\"og:locale\" content=\"pl_PL\" \/>\n<meta property=\"og:type\" content=\"article\" \/>\n<meta property=\"og:title\" content=\"Dzie\u0144 Dyni - Weso\u0142y Skrzat\" \/>\n<meta property=\"og:description\" content=\"DZIE\u0143 DYNIW dniu 30 pa\u017adziernika 2025 roku w Naszym Przedszkolu\u00a0 obchodzili\u015bmy Dzie\u0144 Dyni. Tego dnia nasze przedszkolaki przysz\u0142y ubrane na pomara\u0144czowo. Dzieci dowiedzia\u0142y si\u0119 jak wygl\u0105da dynia, nast\u0119pnie by\u0142 czas na wsp\u00f3lne zabawy z dyniami takie jak turlanie, slalom, &#8222;Dyniowe&#8221; k\u00f3\u0142ko i krzy\u017cyk, wyklejanie dyni, segregowanie ze wzgl\u0119du na kszta\u0142t, kolor itp. A na koniec [&hellip;]\" \/>\n<meta property=\"og:url\" content=\"https:\/\/www.wesolyskrzat.edu.pl\/index.php\/2025\/11\/07\/dzien-dyni-16\/\" \/>\n<meta property=\"og:site_name\" content=\"Weso\u0142y Skrzat\" \/>\n<meta property=\"article:published_time\" content=\"2025-11-07T14:03:59+00:00\" \/>\n<meta property=\"article:modified_time\" content=\"2025-11-07T14:04:01+00:00\" \/>\n<meta property=\"og:image\" content=\"https:\/\/www.wesolyskrzat.edu.pl\/wp-content\/uploads\/2025\/11\/1000051241-scaled.jpg\" \/>\n<meta name=\"twitter:card\" content=\"summary_large_image\" \/>\n<meta name=\"twitter:label1\" content=\"Napisane przez\" \/>\n\t<meta name=\"twitter:data1\" content=\"Paulina Pyci\u0144ska\" \/>\n<script type=\"application\/ld+json\" class=\"yoast-schema-graph\">{\"@context\":\"https:\/\/schema.org\",\"@graph\":[{\"@type\":\"WebSite\",\"@id\":\"https:\/\/www.wesolyskrzat.edu.pl\/#website\",\"url\":\"https:\/\/www.wesolyskrzat.edu.pl\/\",\"name\":\"Weso\u0142y Skrzat\",\"description\":\"Najpi\u0119kniejsze przedszkole w Markach\",\"potentialAction\":[{\"@type\":\"SearchAction\",\"target\":{\"@type\":\"EntryPoint\",\"urlTemplate\":\"https:\/\/www.wesolyskrzat.edu.pl\/?s={search_term_string}\"},\"query-input\":\"required name=search_term_string\"}],\"inLanguage\":\"pl-PL\"},{\"@type\":\"ImageObject\",\"@id\":\"https:\/\/www.wesolyskrzat.edu.pl\/index.php\/2025\/11\/07\/dzien-dyni-16\/#primaryimage\",\"inLanguage\":\"pl-PL\",\"url\":\"https:\/\/www.wesolyskrzat.edu.pl\/wp-content\/uploads\/2025\/11\/1000051241-scaled.jpg\",\"contentUrl\":\"https:\/\/www.wesolyskrzat.edu.pl\/wp-content\/uploads\/2025\/11\/1000051241-scaled.jpg\",\"width\":1440,\"height\":2560},{\"@type\":\"WebPage\",\"@id\":\"https:\/\/www.wesolyskrzat.edu.pl\/index.php\/2025\/11\/07\/dzien-dyni-16\/#webpage\",\"url\":\"https:\/\/www.wesolyskrzat.edu.pl\/index.php\/2025\/11\/07\/dzien-dyni-16\/\",\"name\":\"Dzie\u0144 Dyni - Weso\u0142y Skrzat\",\"isPartOf\":{\"@id\":\"https:\/\/www.wesolyskrzat.edu.pl\/#website\"},\"primaryImageOfPage\":{\"@id\":\"https:\/\/www.wesolyskrzat.edu.pl\/index.php\/2025\/11\/07\/dzien-dyni-16\/#primaryimage\"},\"datePublished\":\"2025-11-07T14:03:59+00:00\",\"dateModified\":\"2025-11-07T14:04:01+00:00\",\"author\":{\"@id\":\"https:\/\/www.wesolyskrzat.edu.pl\/#\/schema\/person\/665c990d766e7b21f5731227b7d3f0f6\"},\"breadcrumb\":{\"@id\":\"https:\/\/www.wesolyskrzat.edu.pl\/index.php\/2025\/11\/07\/dzien-dyni-16\/#breadcrumb\"},\"inLanguage\":\"pl-PL\",\"potentialAction\":[{\"@type\":\"ReadAction\",\"target\":[\"https:\/\/www.wesolyskrzat.edu.pl\/index.php\/2025\/11\/07\/dzien-dyni-16\/\"]}]},{\"@type\":\"BreadcrumbList\",\"@id\":\"https:\/\/www.wesolyskrzat.edu.pl\/index.php\/2025\/11\/07\/dzien-dyni-16\/#breadcrumb\",\"itemListElement\":[{\"@type\":\"ListItem\",\"position\":1,\"name\":\"Home\",\"item\":\"https:\/\/www.wesolyskrzat.edu.pl\/\"},{\"@type\":\"ListItem\",\"position\":2,\"name\":\"Dzie\u0144 Dyni\"}]},{\"@type\":\"Person\",\"@id\":\"https:\/\/www.wesolyskrzat.edu.pl\/#\/schema\/person\/665c990d766e7b21f5731227b7d3f0f6\",\"name\":\"Paulina Pyci\u0144ska\",\"image\":{\"@type\":\"ImageObject\",\"@id\":\"https:\/\/www.wesolyskrzat.edu.pl\/#personlogo\",\"inLanguage\":\"pl-PL\",\"url\":\"https:\/\/secure.gravatar.com\/avatar\/3e43e454ecfe17681ca5008a70eb6887dad418e79fd9180caf1239bb35b78d67?s=96&d=mm&r=g\",\"contentUrl\":\"https:\/\/secure.gravatar.com\/avatar\/3e43e454ecfe17681ca5008a70eb6887dad418e79fd9180caf1239bb35b78d67?s=96&d=mm&r=g\",\"caption\":\"Paulina Pyci\u0144ska\"},\"url\":\"https:\/\/www.wesolyskrzat.edu.pl\/index.php\/author\/pycinska\/\"}]}<\/script>\n<!-- \/ Yoast SEO plugin. -->","yoast_head_json":{"title":"Dzie\u0144 Dyni - Weso\u0142y Skrzat","robots":{"index":"index","follow":"follow","max-snippet":"max-snippet:-1","max-image-preview":"max-image-preview:large","max-video-preview":"max-video-preview:-1"},"canonical":"https:\/\/www.wesolyskrzat.edu.pl\/index.php\/2025\/11\/07\/dzien-dyni-16\/","og_locale":"pl_PL","og_type":"article","og_title":"Dzie\u0144 Dyni - Weso\u0142y Skrzat","og_description":"DZIE\u0143 DYNIW dniu 30 pa\u017adziernika 2025 roku w Naszym Przedszkolu\u00a0 obchodzili\u015bmy Dzie\u0144 Dyni. Tego dnia nasze przedszkolaki przysz\u0142y ubrane na pomara\u0144czowo. Dzieci dowiedzia\u0142y si\u0119 jak wygl\u0105da dynia, nast\u0119pnie by\u0142 czas na wsp\u00f3lne zabawy z dyniami takie jak turlanie, slalom, &#8222;Dyniowe&#8221; k\u00f3\u0142ko i krzy\u017cyk, wyklejanie dyni, segregowanie ze wzgl\u0119du na kszta\u0142t, kolor itp. A na koniec [&hellip;]","og_url":"https:\/\/www.wesolyskrzat.edu.pl\/index.php\/2025\/11\/07\/dzien-dyni-16\/","og_site_name":"Weso\u0142y Skrzat","article_published_time":"2025-11-07T14:03:59+00:00","article_modified_time":"2025-11-07T14:04:01+00:00","og_image":[{"url":"https:\/\/www.wesolyskrzat.edu.pl\/wp-content\/uploads\/2025\/11\/1000051241-scaled.jpg"}],"twitter_card":"summary_large_image","twitter_misc":{"Napisane przez":"Paulina Pyci\u0144ska"},"schema":{"@context":"https:\/\/schema.org","@graph":[{"@type":"WebSite","@id":"https:\/\/www.wesolyskrzat.edu.pl\/#website","url":"https:\/\/www.wesolyskrzat.edu.pl\/","name":"Weso\u0142y Skrzat","description":"Najpi\u0119kniejsze przedszkole w Markach","potentialAction":[{"@type":"SearchAction","target":{"@type":"EntryPoint","urlTemplate":"https:\/\/www.wesolyskrzat.edu.pl\/?s={search_term_string}"},"query-input":"required name=search_term_string"}],"inLanguage":"pl-PL"},{"@type":"ImageObject","@id":"https:\/\/www.wesolyskrzat.edu.pl\/index.php\/2025\/11\/07\/dzien-dyni-16\/#primaryimage","inLanguage":"pl-PL","url":"https:\/\/www.wesolyskrzat.edu.pl\/wp-content\/uploads\/2025\/11\/1000051241-scaled.jpg","contentUrl":"https:\/\/www.wesolyskrzat.edu.pl\/wp-content\/uploads\/2025\/11\/1000051241-scaled.jpg","width":1440,"height":2560},{"@type":"WebPage","@id":"https:\/\/www.wesolyskrzat.edu.pl\/index.php\/2025\/11\/07\/dzien-dyni-16\/#webpage","url":"https:\/\/www.wesolyskrzat.edu.pl\/index.php\/2025\/11\/07\/dzien-dyni-16\/","name":"Dzie\u0144 Dyni - Weso\u0142y Skrzat","isPartOf":{"@id":"https:\/\/www.wesolyskrzat.edu.pl\/#website"},"primaryImageOfPage":{"@id":"https:\/\/www.wesolyskrzat.edu.pl\/index.php\/2025\/11\/07\/dzien-dyni-16\/#primaryimage"},"datePublished":"2025-11-07T14:03:59+00:00","dateModified":"2025-11-07T14:04:01+00:00","author":{"@id":"https:\/\/www.wesolyskrzat.edu.pl\/#\/schema\/person\/665c990d766e7b21f5731227b7d3f0f6"},"breadcrumb":{"@id":"https:\/\/www.wesolyskrzat.edu.pl\/index.php\/2025\/11\/07\/dzien-dyni-16\/#breadcrumb"},"inLanguage":"pl-PL","potentialAction":[{"@type":"ReadAction","target":["https:\/\/www.wesolyskrzat.edu.pl\/index.php\/2025\/11\/07\/dzien-dyni-16\/"]}]},{"@type":"BreadcrumbList","@id":"https:\/\/www.wesolyskrzat.edu.pl\/index.php\/2025\/11\/07\/dzien-dyni-16\/#breadcrumb","itemListElement":[{"@type":"ListItem","position":1,"name":"Home","item":"https:\/\/www.wesolyskrzat.edu.pl\/"},{"@type":"ListItem","position":2,"name":"Dzie\u0144 Dyni"}]},{"@type":"Person","@id":"https:\/\/www.wesolyskrzat.edu.pl\/#\/schema\/person\/665c990d766e7b21f5731227b7d3f0f6","name":"Paulina Pyci\u0144ska","image":{"@type":"ImageObject","@id":"https:\/\/www.wesolyskrzat.edu.pl\/#personlogo","inLanguage":"pl-PL","url":"https:\/\/secure.gravatar.com\/avatar\/3e43e454ecfe17681ca5008a70eb6887dad418e79fd9180caf1239bb35b78d67?s=96&d=mm&r=g","contentUrl":"https:\/\/secure.gravatar.com\/avatar\/3e43e454ecfe17681ca5008a70eb6887dad418e79fd9180caf1239bb35b78d67?s=96&d=mm&r=g","caption":"Paulina Pyci\u0144ska"},"url":"https:\/\/www.wesolyskrzat.edu.pl\/index.php\/author\/pycinska\/"}]}},"_links":{"self":[{"href":"https:\/\/www.wesolyskrzat.edu.pl\/index.php\/wp-json\/wp\/v2\/posts\/7313","targetHints":{"allow":["GET"]}}],"collection":[{"href":"https:\/\/www.wesolyskrzat.edu.pl\/index.php\/wp-json\/wp\/v2\/posts"}],"about":[{"href":"https:\/\/www.wesolyskrzat.edu.pl\/index.php\/wp-json\/wp\/v2\/types\/post"}],"author":[{"embeddable":true,"href":"https:\/\/www.wesolyskrzat.edu.pl\/index.php\/wp-json\/wp\/v2\/users\/3"}],"replies":[{"embeddable":true,"href":"https:\/\/www.wesolyskrzat.edu.pl\/index.php\/wp-json\/wp\/v2\/comments?post=7313"}],"version-history":[{"count":1,"href":"https:\/\/www.wesolyskrzat.edu.pl\/index.php\/wp-json\/wp\/v2\/posts\/7313\/revisions"}],"predecessor-version":[{"id":7322,"href":"https:\/\/www.wesolyskrzat.edu.pl\/index.php\/wp-json\/wp\/v2\/posts\/7313\/revisions\/7322"}],"wp:attachment":[{"href":"https:\/\/www.wesolyskrzat.edu.pl\/index.php\/wp-json\/wp\/v2\/media?parent=7313"}],"wp:term":[{"taxonomy":"category","embeddable":true,"href":"https:\/\/www.wesolyskrzat.edu.pl\/index.php\/wp-json\/wp\/v2\/categories?post=7313"},{"taxonomy":"post_tag","embeddable":true,"href":"https:\/\/www.wesolyskrzat.edu.pl\/index.php\/wp-json\/wp\/v2\/tags?post=7313"}],"curies":[{"name":"wp","href":"https:\/\/api.w.org\/{rel}","templated":true}]}}