{"id":7297,"date":"2025-11-07T14:52:41","date_gmt":"2025-11-07T13:52:41","guid":{"rendered":"https:\/\/www.wesolyskrzat.edu.pl\/?p=7297"},"modified":"2025-11-07T15:18:29","modified_gmt":"2025-11-07T14:18:29","slug":"dzien-postaci-z-bajek-8","status":"publish","type":"post","link":"https:\/\/www.wesolyskrzat.edu.pl\/index.php\/2025\/11\/07\/dzien-postaci-z-bajek-8\/","title":{"rendered":"Dzie\u0144 postaci z bajek i odwiedziny Pa\u0144 z biblioteki"},"content":{"rendered":"\n<p>Dnia 5 listopada grupa \u017babki obchodzi\u0142a dzie\u0144 postaci z bajek.&nbsp; By\u0142y ta\u0144ce przy muzyce, kolorowanki z bohaterami z bajek i ciekawe rozmowy o ulubionych kresk\u00f3wkach. Tego dnia odwiedzi\u0142y nas r\u00f3wnie\u017c panie z biblioteki miejskiej w Markach. Czyta\u0142y dzieciom ksi\u0105\u017cki oraz zach\u0119ca\u0142y do odwiedzania biblioteki.<\/p>\n\n\n\n<p><\/p>\n\n\n\n<figure class=\"wp-block-gallery has-nested-images columns-2 is-cropped wp-block-gallery-1 is-layout-flex wp-block-gallery-is-layout-flex\">\n<figure class=\"wp-block-image size-full\"><img loading=\"lazy\" decoding=\"async\" width=\"2560\" height=\"1920\" data-id=\"7301\" src=\"https:\/\/www.wesolyskrzat.edu.pl\/wp-content\/uploads\/2025\/11\/20251105_092657-scaled.jpg\" alt=\"\" class=\"wp-image-7301\" srcset=\"https:\/\/www.wesolyskrzat.edu.pl\/wp-content\/uploads\/2025\/11\/20251105_092657-scaled.jpg 2560w, https:\/\/www.wesolyskrzat.edu.pl\/wp-content\/uploads\/2025\/11\/20251105_092657-300x225.jpg 300w, https:\/\/www.wesolyskrzat.edu.pl\/wp-content\/uploads\/2025\/11\/20251105_092657-1024x768.jpg 1024w, https:\/\/www.wesolyskrzat.edu.pl\/wp-content\/uploads\/2025\/11\/20251105_092657-768x576.jpg 768w, https:\/\/www.wesolyskrzat.edu.pl\/wp-content\/uploads\/2025\/11\/20251105_092657-1536x1152.jpg 1536w, https:\/\/www.wesolyskrzat.edu.pl\/wp-content\/uploads\/2025\/11\/20251105_092657-2048x1536.jpg 2048w\" sizes=\"auto, (max-width: 2560px) 100vw, 2560px\" \/><\/figure>\n\n\n\n<figure class=\"wp-block-image size-full\"><img loading=\"lazy\" decoding=\"async\" width=\"2560\" height=\"1920\" data-id=\"7298\" src=\"https:\/\/www.wesolyskrzat.edu.pl\/wp-content\/uploads\/2025\/11\/20251105_092703-scaled.jpg\" alt=\"\" class=\"wp-image-7298\" srcset=\"https:\/\/www.wesolyskrzat.edu.pl\/wp-content\/uploads\/2025\/11\/20251105_092703-scaled.jpg 2560w, https:\/\/www.wesolyskrzat.edu.pl\/wp-content\/uploads\/2025\/11\/20251105_092703-300x225.jpg 300w, https:\/\/www.wesolyskrzat.edu.pl\/wp-content\/uploads\/2025\/11\/20251105_092703-1024x768.jpg 1024w, https:\/\/www.wesolyskrzat.edu.pl\/wp-content\/uploads\/2025\/11\/20251105_092703-768x576.jpg 768w, https:\/\/www.wesolyskrzat.edu.pl\/wp-content\/uploads\/2025\/11\/20251105_092703-1536x1152.jpg 1536w, https:\/\/www.wesolyskrzat.edu.pl\/wp-content\/uploads\/2025\/11\/20251105_092703-2048x1536.jpg 2048w\" sizes=\"auto, (max-width: 2560px) 100vw, 2560px\" \/><\/figure>\n\n\n\n<figure class=\"wp-block-image size-full\"><img loading=\"lazy\" decoding=\"async\" width=\"2560\" height=\"1920\" data-id=\"7299\" src=\"https:\/\/www.wesolyskrzat.edu.pl\/wp-content\/uploads\/2025\/11\/20251105_092706-scaled.jpg\" alt=\"\" class=\"wp-image-7299\" srcset=\"https:\/\/www.wesolyskrzat.edu.pl\/wp-content\/uploads\/2025\/11\/20251105_092706-scaled.jpg 2560w, https:\/\/www.wesolyskrzat.edu.pl\/wp-content\/uploads\/2025\/11\/20251105_092706-300x225.jpg 300w, https:\/\/www.wesolyskrzat.edu.pl\/wp-content\/uploads\/2025\/11\/20251105_092706-1024x768.jpg 1024w, https:\/\/www.wesolyskrzat.edu.pl\/wp-content\/uploads\/2025\/11\/20251105_092706-768x576.jpg 768w, https:\/\/www.wesolyskrzat.edu.pl\/wp-content\/uploads\/2025\/11\/20251105_092706-1536x1152.jpg 1536w, https:\/\/www.wesolyskrzat.edu.pl\/wp-content\/uploads\/2025\/11\/20251105_092706-2048x1536.jpg 2048w\" sizes=\"auto, (max-width: 2560px) 100vw, 2560px\" \/><\/figure>\n\n\n\n<figure class=\"wp-block-image size-full\"><img loading=\"lazy\" decoding=\"async\" width=\"2560\" height=\"1920\" data-id=\"7302\" src=\"https:\/\/www.wesolyskrzat.edu.pl\/wp-content\/uploads\/2025\/11\/20251105_092708-scaled.jpg\" alt=\"\" class=\"wp-image-7302\" srcset=\"https:\/\/www.wesolyskrzat.edu.pl\/wp-content\/uploads\/2025\/11\/20251105_092708-scaled.jpg 2560w, https:\/\/www.wesolyskrzat.edu.pl\/wp-content\/uploads\/2025\/11\/20251105_092708-300x225.jpg 300w, https:\/\/www.wesolyskrzat.edu.pl\/wp-content\/uploads\/2025\/11\/20251105_092708-1024x768.jpg 1024w, https:\/\/www.wesolyskrzat.edu.pl\/wp-content\/uploads\/2025\/11\/20251105_092708-768x576.jpg 768w, https:\/\/www.wesolyskrzat.edu.pl\/wp-content\/uploads\/2025\/11\/20251105_092708-1536x1152.jpg 1536w, https:\/\/www.wesolyskrzat.edu.pl\/wp-content\/uploads\/2025\/11\/20251105_092708-2048x1536.jpg 2048w\" sizes=\"auto, (max-width: 2560px) 100vw, 2560px\" \/><\/figure>\n\n\n\n<figure class=\"wp-block-image size-full\"><img loading=\"lazy\" decoding=\"async\" width=\"2560\" height=\"1920\" data-id=\"7300\" src=\"https:\/\/www.wesolyskrzat.edu.pl\/wp-content\/uploads\/2025\/11\/20251105_092709-scaled.jpg\" alt=\"\" class=\"wp-image-7300\" srcset=\"https:\/\/www.wesolyskrzat.edu.pl\/wp-content\/uploads\/2025\/11\/20251105_092709-scaled.jpg 2560w, https:\/\/www.wesolyskrzat.edu.pl\/wp-content\/uploads\/2025\/11\/20251105_092709-300x225.jpg 300w, https:\/\/www.wesolyskrzat.edu.pl\/wp-content\/uploads\/2025\/11\/20251105_092709-1024x768.jpg 1024w, https:\/\/www.wesolyskrzat.edu.pl\/wp-content\/uploads\/2025\/11\/20251105_092709-768x576.jpg 768w, https:\/\/www.wesolyskrzat.edu.pl\/wp-content\/uploads\/2025\/11\/20251105_092709-1536x1152.jpg 1536w, https:\/\/www.wesolyskrzat.edu.pl\/wp-content\/uploads\/2025\/11\/20251105_092709-2048x1536.jpg 2048w\" sizes=\"auto, (max-width: 2560px) 100vw, 2560px\" \/><\/figure>\n<\/figure>\n\n\n\n<figure class=\"wp-block-gallery has-nested-images columns-2 is-cropped wp-block-gallery-2 is-layout-flex wp-block-gallery-is-layout-flex\">\n<figure class=\"wp-block-image size-full\"><img loading=\"lazy\" decoding=\"async\" width=\"2560\" height=\"1920\" data-id=\"7308\" src=\"https:\/\/www.wesolyskrzat.edu.pl\/wp-content\/uploads\/2025\/11\/20251105_100914-scaled.jpg\" alt=\"\" class=\"wp-image-7308\" srcset=\"https:\/\/www.wesolyskrzat.edu.pl\/wp-content\/uploads\/2025\/11\/20251105_100914-scaled.jpg 2560w, https:\/\/www.wesolyskrzat.edu.pl\/wp-content\/uploads\/2025\/11\/20251105_100914-300x225.jpg 300w, https:\/\/www.wesolyskrzat.edu.pl\/wp-content\/uploads\/2025\/11\/20251105_100914-1024x768.jpg 1024w, https:\/\/www.wesolyskrzat.edu.pl\/wp-content\/uploads\/2025\/11\/20251105_100914-768x576.jpg 768w, https:\/\/www.wesolyskrzat.edu.pl\/wp-content\/uploads\/2025\/11\/20251105_100914-1536x1152.jpg 1536w, https:\/\/www.wesolyskrzat.edu.pl\/wp-content\/uploads\/2025\/11\/20251105_100914-2048x1536.jpg 2048w\" sizes=\"auto, (max-width: 2560px) 100vw, 2560px\" \/><\/figure>\n\n\n\n<figure class=\"wp-block-image size-full\"><img loading=\"lazy\" decoding=\"async\" width=\"2560\" height=\"1920\" data-id=\"7305\" src=\"https:\/\/www.wesolyskrzat.edu.pl\/wp-content\/uploads\/2025\/11\/20251105_102023-scaled.jpg\" alt=\"\" class=\"wp-image-7305\" srcset=\"https:\/\/www.wesolyskrzat.edu.pl\/wp-content\/uploads\/2025\/11\/20251105_102023-scaled.jpg 2560w, https:\/\/www.wesolyskrzat.edu.pl\/wp-content\/uploads\/2025\/11\/20251105_102023-300x225.jpg 300w, https:\/\/www.wesolyskrzat.edu.pl\/wp-content\/uploads\/2025\/11\/20251105_102023-1024x768.jpg 1024w, https:\/\/www.wesolyskrzat.edu.pl\/wp-content\/uploads\/2025\/11\/20251105_102023-768x576.jpg 768w, https:\/\/www.wesolyskrzat.edu.pl\/wp-content\/uploads\/2025\/11\/20251105_102023-1536x1152.jpg 1536w, https:\/\/www.wesolyskrzat.edu.pl\/wp-content\/uploads\/2025\/11\/20251105_102023-2048x1536.jpg 2048w\" sizes=\"auto, (max-width: 2560px) 100vw, 2560px\" \/><\/figure>\n\n\n\n<figure class=\"wp-block-image size-full\"><img loading=\"lazy\" decoding=\"async\" width=\"2560\" height=\"1920\" data-id=\"7307\" src=\"https:\/\/www.wesolyskrzat.edu.pl\/wp-content\/uploads\/2025\/11\/20251105_102205-scaled.jpg\" alt=\"\" class=\"wp-image-7307\" srcset=\"https:\/\/www.wesolyskrzat.edu.pl\/wp-content\/uploads\/2025\/11\/20251105_102205-scaled.jpg 2560w, https:\/\/www.wesolyskrzat.edu.pl\/wp-content\/uploads\/2025\/11\/20251105_102205-300x225.jpg 300w, https:\/\/www.wesolyskrzat.edu.pl\/wp-content\/uploads\/2025\/11\/20251105_102205-1024x768.jpg 1024w, https:\/\/www.wesolyskrzat.edu.pl\/wp-content\/uploads\/2025\/11\/20251105_102205-768x576.jpg 768w, https:\/\/www.wesolyskrzat.edu.pl\/wp-content\/uploads\/2025\/11\/20251105_102205-1536x1152.jpg 1536w, https:\/\/www.wesolyskrzat.edu.pl\/wp-content\/uploads\/2025\/11\/20251105_102205-2048x1536.jpg 2048w\" sizes=\"auto, (max-width: 2560px) 100vw, 2560px\" \/><\/figure>\n\n\n\n<figure class=\"wp-block-image size-full\"><img loading=\"lazy\" decoding=\"async\" width=\"2560\" height=\"1920\" data-id=\"7306\" src=\"https:\/\/www.wesolyskrzat.edu.pl\/wp-content\/uploads\/2025\/11\/20251105_102209-scaled.jpg\" alt=\"\" class=\"wp-image-7306\" srcset=\"https:\/\/www.wesolyskrzat.edu.pl\/wp-content\/uploads\/2025\/11\/20251105_102209-scaled.jpg 2560w, https:\/\/www.wesolyskrzat.edu.pl\/wp-content\/uploads\/2025\/11\/20251105_102209-300x225.jpg 300w, https:\/\/www.wesolyskrzat.edu.pl\/wp-content\/uploads\/2025\/11\/20251105_102209-1024x768.jpg 1024w, https:\/\/www.wesolyskrzat.edu.pl\/wp-content\/uploads\/2025\/11\/20251105_102209-768x576.jpg 768w, https:\/\/www.wesolyskrzat.edu.pl\/wp-content\/uploads\/2025\/11\/20251105_102209-1536x1152.jpg 1536w, https:\/\/www.wesolyskrzat.edu.pl\/wp-content\/uploads\/2025\/11\/20251105_102209-2048x1536.jpg 2048w\" sizes=\"auto, (max-width: 2560px) 100vw, 2560px\" \/><\/figure>\n\n\n\n<figure class=\"wp-block-image size-full\"><img loading=\"lazy\" decoding=\"async\" width=\"2560\" height=\"1920\" data-id=\"7309\" src=\"https:\/\/www.wesolyskrzat.edu.pl\/wp-content\/uploads\/2025\/11\/20251105_102217-scaled.jpg\" alt=\"\" class=\"wp-image-7309\" srcset=\"https:\/\/www.wesolyskrzat.edu.pl\/wp-content\/uploads\/2025\/11\/20251105_102217-scaled.jpg 2560w, https:\/\/www.wesolyskrzat.edu.pl\/wp-content\/uploads\/2025\/11\/20251105_102217-300x225.jpg 300w, https:\/\/www.wesolyskrzat.edu.pl\/wp-content\/uploads\/2025\/11\/20251105_102217-1024x768.jpg 1024w, https:\/\/www.wesolyskrzat.edu.pl\/wp-content\/uploads\/2025\/11\/20251105_102217-768x576.jpg 768w, https:\/\/www.wesolyskrzat.edu.pl\/wp-content\/uploads\/2025\/11\/20251105_102217-1536x1152.jpg 1536w, https:\/\/www.wesolyskrzat.edu.pl\/wp-content\/uploads\/2025\/11\/20251105_102217-2048x1536.jpg 2048w\" sizes=\"auto, (max-width: 2560px) 100vw, 2560px\" \/><\/figure>\n<\/figure>\n\n\n\n<figure class=\"wp-block-gallery has-nested-images columns-2 is-cropped wp-block-gallery-3 is-layout-flex wp-block-gallery-is-layout-flex\">\n<figure class=\"wp-block-image size-full\"><img loading=\"lazy\" decoding=\"async\" width=\"2560\" height=\"1920\" data-id=\"7343\" src=\"https:\/\/www.wesolyskrzat.edu.pl\/wp-content\/uploads\/2025\/11\/20251105_092845-scaled.jpg\" alt=\"\" class=\"wp-image-7343\" srcset=\"https:\/\/www.wesolyskrzat.edu.pl\/wp-content\/uploads\/2025\/11\/20251105_092845-scaled.jpg 2560w, https:\/\/www.wesolyskrzat.edu.pl\/wp-content\/uploads\/2025\/11\/20251105_092845-300x225.jpg 300w, https:\/\/www.wesolyskrzat.edu.pl\/wp-content\/uploads\/2025\/11\/20251105_092845-1024x768.jpg 1024w, https:\/\/www.wesolyskrzat.edu.pl\/wp-content\/uploads\/2025\/11\/20251105_092845-768x576.jpg 768w, https:\/\/www.wesolyskrzat.edu.pl\/wp-content\/uploads\/2025\/11\/20251105_092845-1536x1152.jpg 1536w, https:\/\/www.wesolyskrzat.edu.pl\/wp-content\/uploads\/2025\/11\/20251105_092845-2048x1536.jpg 2048w\" sizes=\"auto, (max-width: 2560px) 100vw, 2560px\" \/><\/figure>\n\n\n\n<figure class=\"wp-block-image size-full\"><img loading=\"lazy\" decoding=\"async\" width=\"2560\" height=\"1920\" data-id=\"7342\" src=\"https:\/\/www.wesolyskrzat.edu.pl\/wp-content\/uploads\/2025\/11\/20251105_092851-scaled.jpg\" alt=\"\" class=\"wp-image-7342\" srcset=\"https:\/\/www.wesolyskrzat.edu.pl\/wp-content\/uploads\/2025\/11\/20251105_092851-scaled.jpg 2560w, https:\/\/www.wesolyskrzat.edu.pl\/wp-content\/uploads\/2025\/11\/20251105_092851-300x225.jpg 300w, https:\/\/www.wesolyskrzat.edu.pl\/wp-content\/uploads\/2025\/11\/20251105_092851-1024x768.jpg 1024w, https:\/\/www.wesolyskrzat.edu.pl\/wp-content\/uploads\/2025\/11\/20251105_092851-768x576.jpg 768w, https:\/\/www.wesolyskrzat.edu.pl\/wp-content\/uploads\/2025\/11\/20251105_092851-1536x1152.jpg 1536w, https:\/\/www.wesolyskrzat.edu.pl\/wp-content\/uploads\/2025\/11\/20251105_092851-2048x1536.jpg 2048w\" sizes=\"auto, (max-width: 2560px) 100vw, 2560px\" \/><\/figure>\n\n\n\n<figure class=\"wp-block-image size-full\"><img loading=\"lazy\" decoding=\"async\" width=\"2560\" height=\"1920\" data-id=\"7339\" src=\"https:\/\/www.wesolyskrzat.edu.pl\/wp-content\/uploads\/2025\/11\/20251105_094134-scaled.jpg\" alt=\"\" class=\"wp-image-7339\" srcset=\"https:\/\/www.wesolyskrzat.edu.pl\/wp-content\/uploads\/2025\/11\/20251105_094134-scaled.jpg 2560w, https:\/\/www.wesolyskrzat.edu.pl\/wp-content\/uploads\/2025\/11\/20251105_094134-300x225.jpg 300w, https:\/\/www.wesolyskrzat.edu.pl\/wp-content\/uploads\/2025\/11\/20251105_094134-1024x768.jpg 1024w, https:\/\/www.wesolyskrzat.edu.pl\/wp-content\/uploads\/2025\/11\/20251105_094134-768x576.jpg 768w, https:\/\/www.wesolyskrzat.edu.pl\/wp-content\/uploads\/2025\/11\/20251105_094134-1536x1152.jpg 1536w, https:\/\/www.wesolyskrzat.edu.pl\/wp-content\/uploads\/2025\/11\/20251105_094134-2048x1536.jpg 2048w\" sizes=\"auto, (max-width: 2560px) 100vw, 2560px\" \/><\/figure>\n\n\n\n<figure class=\"wp-block-image size-full\"><img loading=\"lazy\" decoding=\"async\" width=\"2560\" height=\"1920\" data-id=\"7341\" src=\"https:\/\/www.wesolyskrzat.edu.pl\/wp-content\/uploads\/2025\/11\/20251105_094140-scaled.jpg\" alt=\"\" class=\"wp-image-7341\" srcset=\"https:\/\/www.wesolyskrzat.edu.pl\/wp-content\/uploads\/2025\/11\/20251105_094140-scaled.jpg 2560w, https:\/\/www.wesolyskrzat.edu.pl\/wp-content\/uploads\/2025\/11\/20251105_094140-300x225.jpg 300w, https:\/\/www.wesolyskrzat.edu.pl\/wp-content\/uploads\/2025\/11\/20251105_094140-1024x768.jpg 1024w, https:\/\/www.wesolyskrzat.edu.pl\/wp-content\/uploads\/2025\/11\/20251105_094140-768x576.jpg 768w, https:\/\/www.wesolyskrzat.edu.pl\/wp-content\/uploads\/2025\/11\/20251105_094140-1536x1152.jpg 1536w, https:\/\/www.wesolyskrzat.edu.pl\/wp-content\/uploads\/2025\/11\/20251105_094140-2048x1536.jpg 2048w\" sizes=\"auto, (max-width: 2560px) 100vw, 2560px\" \/><\/figure>\n\n\n\n<figure class=\"wp-block-image size-full\"><img loading=\"lazy\" decoding=\"async\" width=\"2560\" height=\"1920\" data-id=\"7340\" src=\"https:\/\/www.wesolyskrzat.edu.pl\/wp-content\/uploads\/2025\/11\/20251105_094154-scaled.jpg\" alt=\"\" class=\"wp-image-7340\" srcset=\"https:\/\/www.wesolyskrzat.edu.pl\/wp-content\/uploads\/2025\/11\/20251105_094154-scaled.jpg 2560w, https:\/\/www.wesolyskrzat.edu.pl\/wp-content\/uploads\/2025\/11\/20251105_094154-300x225.jpg 300w, https:\/\/www.wesolyskrzat.edu.pl\/wp-content\/uploads\/2025\/11\/20251105_094154-1024x768.jpg 1024w, https:\/\/www.wesolyskrzat.edu.pl\/wp-content\/uploads\/2025\/11\/20251105_094154-768x576.jpg 768w, https:\/\/www.wesolyskrzat.edu.pl\/wp-content\/uploads\/2025\/11\/20251105_094154-1536x1152.jpg 1536w, https:\/\/www.wesolyskrzat.edu.pl\/wp-content\/uploads\/2025\/11\/20251105_094154-2048x1536.jpg 2048w\" sizes=\"auto, (max-width: 2560px) 100vw, 2560px\" \/><\/figure>\n<\/figure>\n","protected":false},"excerpt":{"rendered":"<p>Dnia 5 listopada grupa \u017babki obchodzi\u0142a dzie\u0144 postaci z bajek.&nbsp; By\u0142y ta\u0144ce przy muzyce, kolorowanki z bohaterami z bajek i ciekawe rozmowy o ulubionych kresk\u00f3wkach. Tego dnia odwiedzi\u0142y nas r\u00f3wnie\u017c panie z biblioteki miejskiej w Markach. Czyta\u0142y dzieciom ksi\u0105\u017cki oraz zach\u0119ca\u0142y do odwiedzania biblioteki.<\/p>\n","protected":false},"author":3,"featured_media":0,"comment_status":"closed","ping_status":"open","sticky":false,"template":"","format":"standard","meta":{"footnotes":""},"categories":[44],"tags":[],"class_list":["post-7297","post","type-post","status-publish","format-standard","hentry","category-zabki-6-latki"],"yoast_head":"<!-- This site is optimized with the Yoast SEO plugin v18.5.1 - https:\/\/yoast.com\/wordpress\/plugins\/seo\/ -->\n<title>Dzie\u0144 postaci z bajek i odwiedziny Pa\u0144 z biblioteki - Weso\u0142y Skrzat<\/title>\n<meta name=\"robots\" content=\"index, follow, max-snippet:-1, max-image-preview:large, max-video-preview:-1\" \/>\n<link rel=\"canonical\" href=\"https:\/\/www.wesolyskrzat.edu.pl\/index.php\/2025\/11\/07\/dzien-postaci-z-bajek-8\/\" \/>\n<meta property=\"og:locale\" content=\"pl_PL\" \/>\n<meta property=\"og:type\" content=\"article\" \/>\n<meta property=\"og:title\" content=\"Dzie\u0144 postaci z bajek i odwiedziny Pa\u0144 z biblioteki - Weso\u0142y Skrzat\" \/>\n<meta property=\"og:description\" content=\"Dnia 5 listopada grupa \u017babki obchodzi\u0142a dzie\u0144 postaci z bajek.&nbsp; By\u0142y ta\u0144ce przy muzyce, kolorowanki z bohaterami z bajek i ciekawe rozmowy o ulubionych kresk\u00f3wkach. Tego dnia odwiedzi\u0142y nas r\u00f3wnie\u017c panie z biblioteki miejskiej w Markach. Czyta\u0142y dzieciom ksi\u0105\u017cki oraz zach\u0119ca\u0142y do odwiedzania biblioteki.\" \/>\n<meta property=\"og:url\" content=\"https:\/\/www.wesolyskrzat.edu.pl\/index.php\/2025\/11\/07\/dzien-postaci-z-bajek-8\/\" \/>\n<meta property=\"og:site_name\" content=\"Weso\u0142y Skrzat\" \/>\n<meta property=\"article:published_time\" content=\"2025-11-07T13:52:41+00:00\" \/>\n<meta property=\"article:modified_time\" content=\"2025-11-07T14:18:29+00:00\" \/>\n<meta property=\"og:image\" content=\"https:\/\/www.wesolyskrzat.edu.pl\/wp-content\/uploads\/2025\/11\/20251105_092657-scaled.jpg\" \/>\n<meta name=\"twitter:card\" content=\"summary_large_image\" \/>\n<meta name=\"twitter:label1\" content=\"Napisane przez\" \/>\n\t<meta name=\"twitter:data1\" content=\"Paulina Pyci\u0144ska\" \/>\n<script type=\"application\/ld+json\" class=\"yoast-schema-graph\">{\"@context\":\"https:\/\/schema.org\",\"@graph\":[{\"@type\":\"WebSite\",\"@id\":\"https:\/\/www.wesolyskrzat.edu.pl\/#website\",\"url\":\"https:\/\/www.wesolyskrzat.edu.pl\/\",\"name\":\"Weso\u0142y Skrzat\",\"description\":\"Najpi\u0119kniejsze przedszkole w Markach\",\"potentialAction\":[{\"@type\":\"SearchAction\",\"target\":{\"@type\":\"EntryPoint\",\"urlTemplate\":\"https:\/\/www.wesolyskrzat.edu.pl\/?s={search_term_string}\"},\"query-input\":\"required name=search_term_string\"}],\"inLanguage\":\"pl-PL\"},{\"@type\":\"ImageObject\",\"@id\":\"https:\/\/www.wesolyskrzat.edu.pl\/index.php\/2025\/11\/07\/dzien-postaci-z-bajek-8\/#primaryimage\",\"inLanguage\":\"pl-PL\",\"url\":\"https:\/\/www.wesolyskrzat.edu.pl\/wp-content\/uploads\/2025\/11\/20251105_092657-scaled.jpg\",\"contentUrl\":\"https:\/\/www.wesolyskrzat.edu.pl\/wp-content\/uploads\/2025\/11\/20251105_092657-scaled.jpg\",\"width\":2560,\"height\":1920},{\"@type\":\"WebPage\",\"@id\":\"https:\/\/www.wesolyskrzat.edu.pl\/index.php\/2025\/11\/07\/dzien-postaci-z-bajek-8\/#webpage\",\"url\":\"https:\/\/www.wesolyskrzat.edu.pl\/index.php\/2025\/11\/07\/dzien-postaci-z-bajek-8\/\",\"name\":\"Dzie\u0144 postaci z bajek i odwiedziny Pa\u0144 z biblioteki - Weso\u0142y Skrzat\",\"isPartOf\":{\"@id\":\"https:\/\/www.wesolyskrzat.edu.pl\/#website\"},\"primaryImageOfPage\":{\"@id\":\"https:\/\/www.wesolyskrzat.edu.pl\/index.php\/2025\/11\/07\/dzien-postaci-z-bajek-8\/#primaryimage\"},\"datePublished\":\"2025-11-07T13:52:41+00:00\",\"dateModified\":\"2025-11-07T14:18:29+00:00\",\"author\":{\"@id\":\"https:\/\/www.wesolyskrzat.edu.pl\/#\/schema\/person\/665c990d766e7b21f5731227b7d3f0f6\"},\"breadcrumb\":{\"@id\":\"https:\/\/www.wesolyskrzat.edu.pl\/index.php\/2025\/11\/07\/dzien-postaci-z-bajek-8\/#breadcrumb\"},\"inLanguage\":\"pl-PL\",\"potentialAction\":[{\"@type\":\"ReadAction\",\"target\":[\"https:\/\/www.wesolyskrzat.edu.pl\/index.php\/2025\/11\/07\/dzien-postaci-z-bajek-8\/\"]}]},{\"@type\":\"BreadcrumbList\",\"@id\":\"https:\/\/www.wesolyskrzat.edu.pl\/index.php\/2025\/11\/07\/dzien-postaci-z-bajek-8\/#breadcrumb\",\"itemListElement\":[{\"@type\":\"ListItem\",\"position\":1,\"name\":\"Home\",\"item\":\"https:\/\/www.wesolyskrzat.edu.pl\/\"},{\"@type\":\"ListItem\",\"position\":2,\"name\":\"Dzie\u0144 postaci z bajek i odwiedziny Pa\u0144 z biblioteki\"}]},{\"@type\":\"Person\",\"@id\":\"https:\/\/www.wesolyskrzat.edu.pl\/#\/schema\/person\/665c990d766e7b21f5731227b7d3f0f6\",\"name\":\"Paulina Pyci\u0144ska\",\"image\":{\"@type\":\"ImageObject\",\"@id\":\"https:\/\/www.wesolyskrzat.edu.pl\/#personlogo\",\"inLanguage\":\"pl-PL\",\"url\":\"https:\/\/secure.gravatar.com\/avatar\/3e43e454ecfe17681ca5008a70eb6887dad418e79fd9180caf1239bb35b78d67?s=96&d=mm&r=g\",\"contentUrl\":\"https:\/\/secure.gravatar.com\/avatar\/3e43e454ecfe17681ca5008a70eb6887dad418e79fd9180caf1239bb35b78d67?s=96&d=mm&r=g\",\"caption\":\"Paulina Pyci\u0144ska\"},\"url\":\"https:\/\/www.wesolyskrzat.edu.pl\/index.php\/author\/pycinska\/\"}]}<\/script>\n<!-- \/ Yoast SEO plugin. -->","yoast_head_json":{"title":"Dzie\u0144 postaci z bajek i odwiedziny Pa\u0144 z biblioteki - Weso\u0142y Skrzat","robots":{"index":"index","follow":"follow","max-snippet":"max-snippet:-1","max-image-preview":"max-image-preview:large","max-video-preview":"max-video-preview:-1"},"canonical":"https:\/\/www.wesolyskrzat.edu.pl\/index.php\/2025\/11\/07\/dzien-postaci-z-bajek-8\/","og_locale":"pl_PL","og_type":"article","og_title":"Dzie\u0144 postaci z bajek i odwiedziny Pa\u0144 z biblioteki - Weso\u0142y Skrzat","og_description":"Dnia 5 listopada grupa \u017babki obchodzi\u0142a dzie\u0144 postaci z bajek.&nbsp; By\u0142y ta\u0144ce przy muzyce, kolorowanki z bohaterami z bajek i ciekawe rozmowy o ulubionych kresk\u00f3wkach. Tego dnia odwiedzi\u0142y nas r\u00f3wnie\u017c panie z biblioteki miejskiej w Markach. Czyta\u0142y dzieciom ksi\u0105\u017cki oraz zach\u0119ca\u0142y do odwiedzania biblioteki.","og_url":"https:\/\/www.wesolyskrzat.edu.pl\/index.php\/2025\/11\/07\/dzien-postaci-z-bajek-8\/","og_site_name":"Weso\u0142y Skrzat","article_published_time":"2025-11-07T13:52:41+00:00","article_modified_time":"2025-11-07T14:18:29+00:00","og_image":[{"url":"https:\/\/www.wesolyskrzat.edu.pl\/wp-content\/uploads\/2025\/11\/20251105_092657-scaled.jpg"}],"twitter_card":"summary_large_image","twitter_misc":{"Napisane przez":"Paulina Pyci\u0144ska"},"schema":{"@context":"https:\/\/schema.org","@graph":[{"@type":"WebSite","@id":"https:\/\/www.wesolyskrzat.edu.pl\/#website","url":"https:\/\/www.wesolyskrzat.edu.pl\/","name":"Weso\u0142y Skrzat","description":"Najpi\u0119kniejsze przedszkole w Markach","potentialAction":[{"@type":"SearchAction","target":{"@type":"EntryPoint","urlTemplate":"https:\/\/www.wesolyskrzat.edu.pl\/?s={search_term_string}"},"query-input":"required name=search_term_string"}],"inLanguage":"pl-PL"},{"@type":"ImageObject","@id":"https:\/\/www.wesolyskrzat.edu.pl\/index.php\/2025\/11\/07\/dzien-postaci-z-bajek-8\/#primaryimage","inLanguage":"pl-PL","url":"https:\/\/www.wesolyskrzat.edu.pl\/wp-content\/uploads\/2025\/11\/20251105_092657-scaled.jpg","contentUrl":"https:\/\/www.wesolyskrzat.edu.pl\/wp-content\/uploads\/2025\/11\/20251105_092657-scaled.jpg","width":2560,"height":1920},{"@type":"WebPage","@id":"https:\/\/www.wesolyskrzat.edu.pl\/index.php\/2025\/11\/07\/dzien-postaci-z-bajek-8\/#webpage","url":"https:\/\/www.wesolyskrzat.edu.pl\/index.php\/2025\/11\/07\/dzien-postaci-z-bajek-8\/","name":"Dzie\u0144 postaci z bajek i odwiedziny Pa\u0144 z biblioteki - Weso\u0142y Skrzat","isPartOf":{"@id":"https:\/\/www.wesolyskrzat.edu.pl\/#website"},"primaryImageOfPage":{"@id":"https:\/\/www.wesolyskrzat.edu.pl\/index.php\/2025\/11\/07\/dzien-postaci-z-bajek-8\/#primaryimage"},"datePublished":"2025-11-07T13:52:41+00:00","dateModified":"2025-11-07T14:18:29+00:00","author":{"@id":"https:\/\/www.wesolyskrzat.edu.pl\/#\/schema\/person\/665c990d766e7b21f5731227b7d3f0f6"},"breadcrumb":{"@id":"https:\/\/www.wesolyskrzat.edu.pl\/index.php\/2025\/11\/07\/dzien-postaci-z-bajek-8\/#breadcrumb"},"inLanguage":"pl-PL","potentialAction":[{"@type":"ReadAction","target":["https:\/\/www.wesolyskrzat.edu.pl\/index.php\/2025\/11\/07\/dzien-postaci-z-bajek-8\/"]}]},{"@type":"BreadcrumbList","@id":"https:\/\/www.wesolyskrzat.edu.pl\/index.php\/2025\/11\/07\/dzien-postaci-z-bajek-8\/#breadcrumb","itemListElement":[{"@type":"ListItem","position":1,"name":"Home","item":"https:\/\/www.wesolyskrzat.edu.pl\/"},{"@type":"ListItem","position":2,"name":"Dzie\u0144 postaci z bajek i odwiedziny Pa\u0144 z biblioteki"}]},{"@type":"Person","@id":"https:\/\/www.wesolyskrzat.edu.pl\/#\/schema\/person\/665c990d766e7b21f5731227b7d3f0f6","name":"Paulina Pyci\u0144ska","image":{"@type":"ImageObject","@id":"https:\/\/www.wesolyskrzat.edu.pl\/#personlogo","inLanguage":"pl-PL","url":"https:\/\/secure.gravatar.com\/avatar\/3e43e454ecfe17681ca5008a70eb6887dad418e79fd9180caf1239bb35b78d67?s=96&d=mm&r=g","contentUrl":"https:\/\/secure.gravatar.com\/avatar\/3e43e454ecfe17681ca5008a70eb6887dad418e79fd9180caf1239bb35b78d67?s=96&d=mm&r=g","caption":"Paulina Pyci\u0144ska"},"url":"https:\/\/www.wesolyskrzat.edu.pl\/index.php\/author\/pycinska\/"}]}},"_links":{"self":[{"href":"https:\/\/www.wesolyskrzat.edu.pl\/index.php\/wp-json\/wp\/v2\/posts\/7297","targetHints":{"allow":["GET"]}}],"collection":[{"href":"https:\/\/www.wesolyskrzat.edu.pl\/index.php\/wp-json\/wp\/v2\/posts"}],"about":[{"href":"https:\/\/www.wesolyskrzat.edu.pl\/index.php\/wp-json\/wp\/v2\/types\/post"}],"author":[{"embeddable":true,"href":"https:\/\/www.wesolyskrzat.edu.pl\/index.php\/wp-json\/wp\/v2\/users\/3"}],"replies":[{"embeddable":true,"href":"https:\/\/www.wesolyskrzat.edu.pl\/index.php\/wp-json\/wp\/v2\/comments?post=7297"}],"version-history":[{"count":3,"href":"https:\/\/www.wesolyskrzat.edu.pl\/index.php\/wp-json\/wp\/v2\/posts\/7297\/revisions"}],"predecessor-version":[{"id":7344,"href":"https:\/\/www.wesolyskrzat.edu.pl\/index.php\/wp-json\/wp\/v2\/posts\/7297\/revisions\/7344"}],"wp:attachment":[{"href":"https:\/\/www.wesolyskrzat.edu.pl\/index.php\/wp-json\/wp\/v2\/media?parent=7297"}],"wp:term":[{"taxonomy":"category","embeddable":true,"href":"https:\/\/www.wesolyskrzat.edu.pl\/index.php\/wp-json\/wp\/v2\/categories?post=7297"},{"taxonomy":"post_tag","embeddable":true,"href":"https:\/\/www.wesolyskrzat.edu.pl\/index.php\/wp-json\/wp\/v2\/tags?post=7297"}],"curies":[{"name":"wp","href":"https:\/\/api.w.org\/{rel}","templated":true}]}}