{"id":7288,"date":"2025-11-07T14:49:03","date_gmt":"2025-11-07T13:49:03","guid":{"rendered":"https:\/\/www.wesolyskrzat.edu.pl\/?p=7288"},"modified":"2025-11-07T14:49:04","modified_gmt":"2025-11-07T13:49:04","slug":"zajecia-z-licealistami","status":"publish","type":"post","link":"https:\/\/www.wesolyskrzat.edu.pl\/index.php\/2025\/11\/07\/zajecia-z-licealistami\/","title":{"rendered":"Zaj\u0119cia z licealistami"},"content":{"rendered":"\n<p>W dniu 04.11.25 na zaj\u0119ciach przedszkolaki poznawa\u0142y w prosty i symboliczny spos\u00f3b temat rozbior\u00f3w Polski. Wsp\u00f3lnie z zaproszonymi licealistami rozmawia\u0142y o tym, \u017ce kiedy\u015b Polska znikn\u0119\u0142a z mapy, ale dzi\u0119ki odwadze i mi\u0142o\u015bci do ojczyzny naszych przodk\u00f3w \u2013 zn\u00f3w jest wolnym krajem. Dzieci wykona\u0142y bia\u0142o-czerwon\u0105 flag\u0119, ucz\u0105c si\u0119, \u017ce jest ona symbolem jedno\u015bci i dumy narodowej. Spotkanie z licealistami by\u0142o okazj\u0105 do wsp\u00f3lnej nauki, rozmowy i budowania wi\u0119zi mi\u0119dzy m\u0142odszym a starszym pokoleniem.<\/p>\n\n\n\n<figure class=\"wp-block-gallery has-nested-images columns-2 is-cropped wp-block-gallery-1 is-layout-flex wp-block-gallery-is-layout-flex\">\n<figure class=\"wp-block-image size-full\"><img loading=\"lazy\" decoding=\"async\" width=\"2560\" height=\"1920\" data-id=\"7295\" src=\"https:\/\/www.wesolyskrzat.edu.pl\/wp-content\/uploads\/2025\/11\/IMG_9572-scaled.jpeg\" alt=\"\" class=\"wp-image-7295\" srcset=\"https:\/\/www.wesolyskrzat.edu.pl\/wp-content\/uploads\/2025\/11\/IMG_9572-scaled.jpeg 2560w, https:\/\/www.wesolyskrzat.edu.pl\/wp-content\/uploads\/2025\/11\/IMG_9572-300x225.jpeg 300w, https:\/\/www.wesolyskrzat.edu.pl\/wp-content\/uploads\/2025\/11\/IMG_9572-1024x768.jpeg 1024w, https:\/\/www.wesolyskrzat.edu.pl\/wp-content\/uploads\/2025\/11\/IMG_9572-768x576.jpeg 768w, https:\/\/www.wesolyskrzat.edu.pl\/wp-content\/uploads\/2025\/11\/IMG_9572-1536x1152.jpeg 1536w, https:\/\/www.wesolyskrzat.edu.pl\/wp-content\/uploads\/2025\/11\/IMG_9572-2048x1536.jpeg 2048w\" sizes=\"auto, (max-width: 2560px) 100vw, 2560px\" \/><\/figure>\n\n\n\n<figure class=\"wp-block-image size-full\"><img loading=\"lazy\" decoding=\"async\" width=\"2560\" height=\"1920\" data-id=\"7294\" src=\"https:\/\/www.wesolyskrzat.edu.pl\/wp-content\/uploads\/2025\/11\/IMG_9573-scaled.jpeg\" alt=\"\" class=\"wp-image-7294\" srcset=\"https:\/\/www.wesolyskrzat.edu.pl\/wp-content\/uploads\/2025\/11\/IMG_9573-scaled.jpeg 2560w, https:\/\/www.wesolyskrzat.edu.pl\/wp-content\/uploads\/2025\/11\/IMG_9573-300x225.jpeg 300w, https:\/\/www.wesolyskrzat.edu.pl\/wp-content\/uploads\/2025\/11\/IMG_9573-1024x768.jpeg 1024w, https:\/\/www.wesolyskrzat.edu.pl\/wp-content\/uploads\/2025\/11\/IMG_9573-768x576.jpeg 768w, https:\/\/www.wesolyskrzat.edu.pl\/wp-content\/uploads\/2025\/11\/IMG_9573-1536x1152.jpeg 1536w, https:\/\/www.wesolyskrzat.edu.pl\/wp-content\/uploads\/2025\/11\/IMG_9573-2048x1536.jpeg 2048w\" sizes=\"auto, (max-width: 2560px) 100vw, 2560px\" \/><\/figure>\n\n\n\n<figure class=\"wp-block-image size-full\"><img loading=\"lazy\" decoding=\"async\" width=\"1920\" height=\"2560\" data-id=\"7292\" src=\"https:\/\/www.wesolyskrzat.edu.pl\/wp-content\/uploads\/2025\/11\/IMG_9574-scaled.jpeg\" alt=\"\" class=\"wp-image-7292\" srcset=\"https:\/\/www.wesolyskrzat.edu.pl\/wp-content\/uploads\/2025\/11\/IMG_9574-scaled.jpeg 1920w, https:\/\/www.wesolyskrzat.edu.pl\/wp-content\/uploads\/2025\/11\/IMG_9574-225x300.jpeg 225w, https:\/\/www.wesolyskrzat.edu.pl\/wp-content\/uploads\/2025\/11\/IMG_9574-768x1024.jpeg 768w, https:\/\/www.wesolyskrzat.edu.pl\/wp-content\/uploads\/2025\/11\/IMG_9574-1152x1536.jpeg 1152w, https:\/\/www.wesolyskrzat.edu.pl\/wp-content\/uploads\/2025\/11\/IMG_9574-1536x2048.jpeg 1536w\" sizes=\"auto, (max-width: 1920px) 100vw, 1920px\" \/><\/figure>\n\n\n\n<figure class=\"wp-block-image size-full\"><img loading=\"lazy\" decoding=\"async\" width=\"1920\" height=\"2560\" data-id=\"7290\" src=\"https:\/\/www.wesolyskrzat.edu.pl\/wp-content\/uploads\/2025\/11\/IMG_9575-scaled.jpeg\" alt=\"\" class=\"wp-image-7290\" srcset=\"https:\/\/www.wesolyskrzat.edu.pl\/wp-content\/uploads\/2025\/11\/IMG_9575-scaled.jpeg 1920w, https:\/\/www.wesolyskrzat.edu.pl\/wp-content\/uploads\/2025\/11\/IMG_9575-225x300.jpeg 225w, https:\/\/www.wesolyskrzat.edu.pl\/wp-content\/uploads\/2025\/11\/IMG_9575-768x1024.jpeg 768w, https:\/\/www.wesolyskrzat.edu.pl\/wp-content\/uploads\/2025\/11\/IMG_9575-1152x1536.jpeg 1152w, https:\/\/www.wesolyskrzat.edu.pl\/wp-content\/uploads\/2025\/11\/IMG_9575-1536x2048.jpeg 1536w\" sizes=\"auto, (max-width: 1920px) 100vw, 1920px\" \/><\/figure>\n\n\n\n<figure class=\"wp-block-image size-full\"><img loading=\"lazy\" decoding=\"async\" width=\"1920\" height=\"2560\" data-id=\"7291\" src=\"https:\/\/www.wesolyskrzat.edu.pl\/wp-content\/uploads\/2025\/11\/IMG_9576-scaled.jpeg\" alt=\"\" class=\"wp-image-7291\" srcset=\"https:\/\/www.wesolyskrzat.edu.pl\/wp-content\/uploads\/2025\/11\/IMG_9576-scaled.jpeg 1920w, https:\/\/www.wesolyskrzat.edu.pl\/wp-content\/uploads\/2025\/11\/IMG_9576-225x300.jpeg 225w, https:\/\/www.wesolyskrzat.edu.pl\/wp-content\/uploads\/2025\/11\/IMG_9576-768x1024.jpeg 768w, https:\/\/www.wesolyskrzat.edu.pl\/wp-content\/uploads\/2025\/11\/IMG_9576-1152x1536.jpeg 1152w, https:\/\/www.wesolyskrzat.edu.pl\/wp-content\/uploads\/2025\/11\/IMG_9576-1536x2048.jpeg 1536w\" sizes=\"auto, (max-width: 1920px) 100vw, 1920px\" \/><\/figure>\n\n\n\n<figure class=\"wp-block-image size-full\"><img loading=\"lazy\" decoding=\"async\" width=\"1920\" height=\"2560\" data-id=\"7293\" src=\"https:\/\/www.wesolyskrzat.edu.pl\/wp-content\/uploads\/2025\/11\/IMG_9577-scaled.jpeg\" alt=\"\" class=\"wp-image-7293\" srcset=\"https:\/\/www.wesolyskrzat.edu.pl\/wp-content\/uploads\/2025\/11\/IMG_9577-scaled.jpeg 1920w, https:\/\/www.wesolyskrzat.edu.pl\/wp-content\/uploads\/2025\/11\/IMG_9577-225x300.jpeg 225w, https:\/\/www.wesolyskrzat.edu.pl\/wp-content\/uploads\/2025\/11\/IMG_9577-768x1024.jpeg 768w, https:\/\/www.wesolyskrzat.edu.pl\/wp-content\/uploads\/2025\/11\/IMG_9577-1152x1536.jpeg 1152w, https:\/\/www.wesolyskrzat.edu.pl\/wp-content\/uploads\/2025\/11\/IMG_9577-1536x2048.jpeg 1536w\" sizes=\"auto, (max-width: 1920px) 100vw, 1920px\" \/><\/figure>\n\n\n\n<figure class=\"wp-block-image size-full\"><img loading=\"lazy\" decoding=\"async\" width=\"1920\" height=\"2560\" data-id=\"7289\" src=\"https:\/\/www.wesolyskrzat.edu.pl\/wp-content\/uploads\/2025\/11\/IMG_9578-scaled.jpeg\" alt=\"\" class=\"wp-image-7289\" srcset=\"https:\/\/www.wesolyskrzat.edu.pl\/wp-content\/uploads\/2025\/11\/IMG_9578-scaled.jpeg 1920w, https:\/\/www.wesolyskrzat.edu.pl\/wp-content\/uploads\/2025\/11\/IMG_9578-225x300.jpeg 225w, https:\/\/www.wesolyskrzat.edu.pl\/wp-content\/uploads\/2025\/11\/IMG_9578-768x1024.jpeg 768w, https:\/\/www.wesolyskrzat.edu.pl\/wp-content\/uploads\/2025\/11\/IMG_9578-1152x1536.jpeg 1152w, https:\/\/www.wesolyskrzat.edu.pl\/wp-content\/uploads\/2025\/11\/IMG_9578-1536x2048.jpeg 1536w\" sizes=\"auto, (max-width: 1920px) 100vw, 1920px\" \/><\/figure>\n<\/figure>\n","protected":false},"excerpt":{"rendered":"<p>W dniu 04.11.25 na zaj\u0119ciach przedszkolaki poznawa\u0142y w prosty i symboliczny spos\u00f3b temat rozbior\u00f3w Polski. Wsp\u00f3lnie z zaproszonymi licealistami rozmawia\u0142y o tym, \u017ce kiedy\u015b Polska znikn\u0119\u0142a z mapy, ale dzi\u0119ki odwadze i mi\u0142o\u015bci do ojczyzny naszych przodk\u00f3w \u2013 zn\u00f3w jest wolnym krajem. Dzieci wykona\u0142y bia\u0142o-czerwon\u0105 flag\u0119, ucz\u0105c si\u0119, \u017ce jest ona symbolem jedno\u015bci i dumy [&hellip;]<\/p>\n","protected":false},"author":3,"featured_media":0,"comment_status":"closed","ping_status":"open","sticky":false,"template":"","format":"standard","meta":{"footnotes":""},"categories":[47],"tags":[],"class_list":["post-7288","post","type-post","status-publish","format-standard","hentry","category-smerfy-4-latki"],"yoast_head":"<!-- This site is optimized with the Yoast SEO plugin v18.5.1 - https:\/\/yoast.com\/wordpress\/plugins\/seo\/ -->\n<title>Zaj\u0119cia z licealistami - Weso\u0142y Skrzat<\/title>\n<meta name=\"robots\" content=\"index, follow, max-snippet:-1, max-image-preview:large, max-video-preview:-1\" \/>\n<link rel=\"canonical\" href=\"https:\/\/www.wesolyskrzat.edu.pl\/index.php\/2025\/11\/07\/zajecia-z-licealistami\/\" \/>\n<meta property=\"og:locale\" content=\"pl_PL\" \/>\n<meta property=\"og:type\" content=\"article\" \/>\n<meta property=\"og:title\" content=\"Zaj\u0119cia z licealistami - Weso\u0142y Skrzat\" \/>\n<meta property=\"og:description\" content=\"W dniu 04.11.25 na zaj\u0119ciach przedszkolaki poznawa\u0142y w prosty i symboliczny spos\u00f3b temat rozbior\u00f3w Polski. Wsp\u00f3lnie z zaproszonymi licealistami rozmawia\u0142y o tym, \u017ce kiedy\u015b Polska znikn\u0119\u0142a z mapy, ale dzi\u0119ki odwadze i mi\u0142o\u015bci do ojczyzny naszych przodk\u00f3w \u2013 zn\u00f3w jest wolnym krajem. Dzieci wykona\u0142y bia\u0142o-czerwon\u0105 flag\u0119, ucz\u0105c si\u0119, \u017ce jest ona symbolem jedno\u015bci i dumy [&hellip;]\" \/>\n<meta property=\"og:url\" content=\"https:\/\/www.wesolyskrzat.edu.pl\/index.php\/2025\/11\/07\/zajecia-z-licealistami\/\" \/>\n<meta property=\"og:site_name\" content=\"Weso\u0142y Skrzat\" \/>\n<meta property=\"article:published_time\" content=\"2025-11-07T13:49:03+00:00\" \/>\n<meta property=\"article:modified_time\" content=\"2025-11-07T13:49:04+00:00\" \/>\n<meta property=\"og:image\" content=\"https:\/\/www.wesolyskrzat.edu.pl\/wp-content\/uploads\/2025\/11\/IMG_9572-scaled.jpeg\" \/>\n<meta name=\"twitter:card\" content=\"summary_large_image\" \/>\n<meta name=\"twitter:label1\" content=\"Napisane przez\" \/>\n\t<meta name=\"twitter:data1\" content=\"Paulina Pyci\u0144ska\" \/>\n<script type=\"application\/ld+json\" class=\"yoast-schema-graph\">{\"@context\":\"https:\/\/schema.org\",\"@graph\":[{\"@type\":\"WebSite\",\"@id\":\"https:\/\/www.wesolyskrzat.edu.pl\/#website\",\"url\":\"https:\/\/www.wesolyskrzat.edu.pl\/\",\"name\":\"Weso\u0142y Skrzat\",\"description\":\"Najpi\u0119kniejsze przedszkole w Markach\",\"potentialAction\":[{\"@type\":\"SearchAction\",\"target\":{\"@type\":\"EntryPoint\",\"urlTemplate\":\"https:\/\/www.wesolyskrzat.edu.pl\/?s={search_term_string}\"},\"query-input\":\"required name=search_term_string\"}],\"inLanguage\":\"pl-PL\"},{\"@type\":\"ImageObject\",\"@id\":\"https:\/\/www.wesolyskrzat.edu.pl\/index.php\/2025\/11\/07\/zajecia-z-licealistami\/#primaryimage\",\"inLanguage\":\"pl-PL\",\"url\":\"https:\/\/www.wesolyskrzat.edu.pl\/wp-content\/uploads\/2025\/11\/IMG_9572-scaled.jpeg\",\"contentUrl\":\"https:\/\/www.wesolyskrzat.edu.pl\/wp-content\/uploads\/2025\/11\/IMG_9572-scaled.jpeg\",\"width\":2560,\"height\":1920},{\"@type\":\"WebPage\",\"@id\":\"https:\/\/www.wesolyskrzat.edu.pl\/index.php\/2025\/11\/07\/zajecia-z-licealistami\/#webpage\",\"url\":\"https:\/\/www.wesolyskrzat.edu.pl\/index.php\/2025\/11\/07\/zajecia-z-licealistami\/\",\"name\":\"Zaj\u0119cia z licealistami - Weso\u0142y Skrzat\",\"isPartOf\":{\"@id\":\"https:\/\/www.wesolyskrzat.edu.pl\/#website\"},\"primaryImageOfPage\":{\"@id\":\"https:\/\/www.wesolyskrzat.edu.pl\/index.php\/2025\/11\/07\/zajecia-z-licealistami\/#primaryimage\"},\"datePublished\":\"2025-11-07T13:49:03+00:00\",\"dateModified\":\"2025-11-07T13:49:04+00:00\",\"author\":{\"@id\":\"https:\/\/www.wesolyskrzat.edu.pl\/#\/schema\/person\/665c990d766e7b21f5731227b7d3f0f6\"},\"breadcrumb\":{\"@id\":\"https:\/\/www.wesolyskrzat.edu.pl\/index.php\/2025\/11\/07\/zajecia-z-licealistami\/#breadcrumb\"},\"inLanguage\":\"pl-PL\",\"potentialAction\":[{\"@type\":\"ReadAction\",\"target\":[\"https:\/\/www.wesolyskrzat.edu.pl\/index.php\/2025\/11\/07\/zajecia-z-licealistami\/\"]}]},{\"@type\":\"BreadcrumbList\",\"@id\":\"https:\/\/www.wesolyskrzat.edu.pl\/index.php\/2025\/11\/07\/zajecia-z-licealistami\/#breadcrumb\",\"itemListElement\":[{\"@type\":\"ListItem\",\"position\":1,\"name\":\"Home\",\"item\":\"https:\/\/www.wesolyskrzat.edu.pl\/\"},{\"@type\":\"ListItem\",\"position\":2,\"name\":\"Zaj\u0119cia z licealistami\"}]},{\"@type\":\"Person\",\"@id\":\"https:\/\/www.wesolyskrzat.edu.pl\/#\/schema\/person\/665c990d766e7b21f5731227b7d3f0f6\",\"name\":\"Paulina Pyci\u0144ska\",\"image\":{\"@type\":\"ImageObject\",\"@id\":\"https:\/\/www.wesolyskrzat.edu.pl\/#personlogo\",\"inLanguage\":\"pl-PL\",\"url\":\"https:\/\/secure.gravatar.com\/avatar\/3e43e454ecfe17681ca5008a70eb6887dad418e79fd9180caf1239bb35b78d67?s=96&d=mm&r=g\",\"contentUrl\":\"https:\/\/secure.gravatar.com\/avatar\/3e43e454ecfe17681ca5008a70eb6887dad418e79fd9180caf1239bb35b78d67?s=96&d=mm&r=g\",\"caption\":\"Paulina Pyci\u0144ska\"},\"url\":\"https:\/\/www.wesolyskrzat.edu.pl\/index.php\/author\/pycinska\/\"}]}<\/script>\n<!-- \/ Yoast SEO plugin. -->","yoast_head_json":{"title":"Zaj\u0119cia z licealistami - Weso\u0142y Skrzat","robots":{"index":"index","follow":"follow","max-snippet":"max-snippet:-1","max-image-preview":"max-image-preview:large","max-video-preview":"max-video-preview:-1"},"canonical":"https:\/\/www.wesolyskrzat.edu.pl\/index.php\/2025\/11\/07\/zajecia-z-licealistami\/","og_locale":"pl_PL","og_type":"article","og_title":"Zaj\u0119cia z licealistami - Weso\u0142y Skrzat","og_description":"W dniu 04.11.25 na zaj\u0119ciach przedszkolaki poznawa\u0142y w prosty i symboliczny spos\u00f3b temat rozbior\u00f3w Polski. Wsp\u00f3lnie z zaproszonymi licealistami rozmawia\u0142y o tym, \u017ce kiedy\u015b Polska znikn\u0119\u0142a z mapy, ale dzi\u0119ki odwadze i mi\u0142o\u015bci do ojczyzny naszych przodk\u00f3w \u2013 zn\u00f3w jest wolnym krajem. Dzieci wykona\u0142y bia\u0142o-czerwon\u0105 flag\u0119, ucz\u0105c si\u0119, \u017ce jest ona symbolem jedno\u015bci i dumy [&hellip;]","og_url":"https:\/\/www.wesolyskrzat.edu.pl\/index.php\/2025\/11\/07\/zajecia-z-licealistami\/","og_site_name":"Weso\u0142y Skrzat","article_published_time":"2025-11-07T13:49:03+00:00","article_modified_time":"2025-11-07T13:49:04+00:00","og_image":[{"url":"https:\/\/www.wesolyskrzat.edu.pl\/wp-content\/uploads\/2025\/11\/IMG_9572-scaled.jpeg"}],"twitter_card":"summary_large_image","twitter_misc":{"Napisane przez":"Paulina Pyci\u0144ska"},"schema":{"@context":"https:\/\/schema.org","@graph":[{"@type":"WebSite","@id":"https:\/\/www.wesolyskrzat.edu.pl\/#website","url":"https:\/\/www.wesolyskrzat.edu.pl\/","name":"Weso\u0142y Skrzat","description":"Najpi\u0119kniejsze przedszkole w Markach","potentialAction":[{"@type":"SearchAction","target":{"@type":"EntryPoint","urlTemplate":"https:\/\/www.wesolyskrzat.edu.pl\/?s={search_term_string}"},"query-input":"required name=search_term_string"}],"inLanguage":"pl-PL"},{"@type":"ImageObject","@id":"https:\/\/www.wesolyskrzat.edu.pl\/index.php\/2025\/11\/07\/zajecia-z-licealistami\/#primaryimage","inLanguage":"pl-PL","url":"https:\/\/www.wesolyskrzat.edu.pl\/wp-content\/uploads\/2025\/11\/IMG_9572-scaled.jpeg","contentUrl":"https:\/\/www.wesolyskrzat.edu.pl\/wp-content\/uploads\/2025\/11\/IMG_9572-scaled.jpeg","width":2560,"height":1920},{"@type":"WebPage","@id":"https:\/\/www.wesolyskrzat.edu.pl\/index.php\/2025\/11\/07\/zajecia-z-licealistami\/#webpage","url":"https:\/\/www.wesolyskrzat.edu.pl\/index.php\/2025\/11\/07\/zajecia-z-licealistami\/","name":"Zaj\u0119cia z licealistami - Weso\u0142y Skrzat","isPartOf":{"@id":"https:\/\/www.wesolyskrzat.edu.pl\/#website"},"primaryImageOfPage":{"@id":"https:\/\/www.wesolyskrzat.edu.pl\/index.php\/2025\/11\/07\/zajecia-z-licealistami\/#primaryimage"},"datePublished":"2025-11-07T13:49:03+00:00","dateModified":"2025-11-07T13:49:04+00:00","author":{"@id":"https:\/\/www.wesolyskrzat.edu.pl\/#\/schema\/person\/665c990d766e7b21f5731227b7d3f0f6"},"breadcrumb":{"@id":"https:\/\/www.wesolyskrzat.edu.pl\/index.php\/2025\/11\/07\/zajecia-z-licealistami\/#breadcrumb"},"inLanguage":"pl-PL","potentialAction":[{"@type":"ReadAction","target":["https:\/\/www.wesolyskrzat.edu.pl\/index.php\/2025\/11\/07\/zajecia-z-licealistami\/"]}]},{"@type":"BreadcrumbList","@id":"https:\/\/www.wesolyskrzat.edu.pl\/index.php\/2025\/11\/07\/zajecia-z-licealistami\/#breadcrumb","itemListElement":[{"@type":"ListItem","position":1,"name":"Home","item":"https:\/\/www.wesolyskrzat.edu.pl\/"},{"@type":"ListItem","position":2,"name":"Zaj\u0119cia z licealistami"}]},{"@type":"Person","@id":"https:\/\/www.wesolyskrzat.edu.pl\/#\/schema\/person\/665c990d766e7b21f5731227b7d3f0f6","name":"Paulina Pyci\u0144ska","image":{"@type":"ImageObject","@id":"https:\/\/www.wesolyskrzat.edu.pl\/#personlogo","inLanguage":"pl-PL","url":"https:\/\/secure.gravatar.com\/avatar\/3e43e454ecfe17681ca5008a70eb6887dad418e79fd9180caf1239bb35b78d67?s=96&d=mm&r=g","contentUrl":"https:\/\/secure.gravatar.com\/avatar\/3e43e454ecfe17681ca5008a70eb6887dad418e79fd9180caf1239bb35b78d67?s=96&d=mm&r=g","caption":"Paulina Pyci\u0144ska"},"url":"https:\/\/www.wesolyskrzat.edu.pl\/index.php\/author\/pycinska\/"}]}},"_links":{"self":[{"href":"https:\/\/www.wesolyskrzat.edu.pl\/index.php\/wp-json\/wp\/v2\/posts\/7288","targetHints":{"allow":["GET"]}}],"collection":[{"href":"https:\/\/www.wesolyskrzat.edu.pl\/index.php\/wp-json\/wp\/v2\/posts"}],"about":[{"href":"https:\/\/www.wesolyskrzat.edu.pl\/index.php\/wp-json\/wp\/v2\/types\/post"}],"author":[{"embeddable":true,"href":"https:\/\/www.wesolyskrzat.edu.pl\/index.php\/wp-json\/wp\/v2\/users\/3"}],"replies":[{"embeddable":true,"href":"https:\/\/www.wesolyskrzat.edu.pl\/index.php\/wp-json\/wp\/v2\/comments?post=7288"}],"version-history":[{"count":1,"href":"https:\/\/www.wesolyskrzat.edu.pl\/index.php\/wp-json\/wp\/v2\/posts\/7288\/revisions"}],"predecessor-version":[{"id":7296,"href":"https:\/\/www.wesolyskrzat.edu.pl\/index.php\/wp-json\/wp\/v2\/posts\/7288\/revisions\/7296"}],"wp:attachment":[{"href":"https:\/\/www.wesolyskrzat.edu.pl\/index.php\/wp-json\/wp\/v2\/media?parent=7288"}],"wp:term":[{"taxonomy":"category","embeddable":true,"href":"https:\/\/www.wesolyskrzat.edu.pl\/index.php\/wp-json\/wp\/v2\/categories?post=7288"},{"taxonomy":"post_tag","embeddable":true,"href":"https:\/\/www.wesolyskrzat.edu.pl\/index.php\/wp-json\/wp\/v2\/tags?post=7288"}],"curies":[{"name":"wp","href":"https:\/\/api.w.org\/{rel}","templated":true}]}}