{"id":7090,"date":"2025-10-31T13:16:01","date_gmt":"2025-10-31T12:16:01","guid":{"rendered":"https:\/\/www.wesolyskrzat.edu.pl\/?p=7090"},"modified":"2025-10-31T13:16:02","modified_gmt":"2025-10-31T12:16:02","slug":"dzien-dyni-w-smerfach","status":"publish","type":"post","link":"https:\/\/www.wesolyskrzat.edu.pl\/index.php\/2025\/10\/31\/dzien-dyni-w-smerfach\/","title":{"rendered":"Dzie\u0144 Dyni w Smerfach"},"content":{"rendered":"\n<p>W dzisiejszym dniu Smerfy obchodzi\u0142y Dzie\u0144 Dyni. Dzieci uczy\u0142y si\u0119 jak wygl\u0105da dynia, jakie ma kolory i kszta\u0142ty i warto\u015bci od\u017cywcze. By\u0142a to r\u00f3wnie\u017c okazja do integracji dzieci poprzez wsp\u00f3lne zabawy ruchowe z dyniami takie jak turlanie, slalom, skoki co usprawnia ich motoryk\u0119 i koordynacj\u0119. Na koniec Smerfy wykona\u0142y prac\u0119 plastyczn\u0105.<\/p>\n\n\n\n<p><\/p>\n\n\n\n<figure class=\"wp-block-gallery has-nested-images columns-2 is-cropped wp-block-gallery-1 is-layout-flex wp-block-gallery-is-layout-flex\">\n<figure class=\"wp-block-image size-full\"><img loading=\"lazy\" decoding=\"async\" width=\"2048\" height=\"1512\" data-id=\"7091\" src=\"https:\/\/www.wesolyskrzat.edu.pl\/wp-content\/uploads\/2025\/10\/1000022146.jpg\" alt=\"\" class=\"wp-image-7091\" srcset=\"https:\/\/www.wesolyskrzat.edu.pl\/wp-content\/uploads\/2025\/10\/1000022146.jpg 2048w, https:\/\/www.wesolyskrzat.edu.pl\/wp-content\/uploads\/2025\/10\/1000022146-300x221.jpg 300w, https:\/\/www.wesolyskrzat.edu.pl\/wp-content\/uploads\/2025\/10\/1000022146-1024x756.jpg 1024w, https:\/\/www.wesolyskrzat.edu.pl\/wp-content\/uploads\/2025\/10\/1000022146-768x567.jpg 768w, https:\/\/www.wesolyskrzat.edu.pl\/wp-content\/uploads\/2025\/10\/1000022146-1536x1134.jpg 1536w\" sizes=\"auto, (max-width: 2048px) 100vw, 2048px\" \/><\/figure>\n\n\n\n<figure class=\"wp-block-image size-full\"><img loading=\"lazy\" decoding=\"async\" width=\"2027\" height=\"2048\" data-id=\"7096\" src=\"https:\/\/www.wesolyskrzat.edu.pl\/wp-content\/uploads\/2025\/10\/1000022149.jpg\" alt=\"\" class=\"wp-image-7096\" srcset=\"https:\/\/www.wesolyskrzat.edu.pl\/wp-content\/uploads\/2025\/10\/1000022149.jpg 2027w, https:\/\/www.wesolyskrzat.edu.pl\/wp-content\/uploads\/2025\/10\/1000022149-297x300.jpg 297w, https:\/\/www.wesolyskrzat.edu.pl\/wp-content\/uploads\/2025\/10\/1000022149-1014x1024.jpg 1014w, https:\/\/www.wesolyskrzat.edu.pl\/wp-content\/uploads\/2025\/10\/1000022149-768x776.jpg 768w, https:\/\/www.wesolyskrzat.edu.pl\/wp-content\/uploads\/2025\/10\/1000022149-1520x1536.jpg 1520w\" sizes=\"auto, (max-width: 2027px) 100vw, 2027px\" \/><\/figure>\n\n\n\n<figure class=\"wp-block-image size-full\"><img loading=\"lazy\" decoding=\"async\" width=\"1883\" height=\"2048\" data-id=\"7094\" src=\"https:\/\/www.wesolyskrzat.edu.pl\/wp-content\/uploads\/2025\/10\/1000022150.jpg\" alt=\"\" class=\"wp-image-7094\" srcset=\"https:\/\/www.wesolyskrzat.edu.pl\/wp-content\/uploads\/2025\/10\/1000022150.jpg 1883w, https:\/\/www.wesolyskrzat.edu.pl\/wp-content\/uploads\/2025\/10\/1000022150-276x300.jpg 276w, https:\/\/www.wesolyskrzat.edu.pl\/wp-content\/uploads\/2025\/10\/1000022150-942x1024.jpg 942w, https:\/\/www.wesolyskrzat.edu.pl\/wp-content\/uploads\/2025\/10\/1000022150-768x835.jpg 768w, https:\/\/www.wesolyskrzat.edu.pl\/wp-content\/uploads\/2025\/10\/1000022150-1412x1536.jpg 1412w\" sizes=\"auto, (max-width: 1883px) 100vw, 1883px\" \/><\/figure>\n\n\n\n<figure class=\"wp-block-image size-full\"><img loading=\"lazy\" decoding=\"async\" width=\"1819\" height=\"2048\" data-id=\"7095\" src=\"https:\/\/www.wesolyskrzat.edu.pl\/wp-content\/uploads\/2025\/10\/1000022151.jpg\" alt=\"\" class=\"wp-image-7095\" srcset=\"https:\/\/www.wesolyskrzat.edu.pl\/wp-content\/uploads\/2025\/10\/1000022151.jpg 1819w, https:\/\/www.wesolyskrzat.edu.pl\/wp-content\/uploads\/2025\/10\/1000022151-266x300.jpg 266w, https:\/\/www.wesolyskrzat.edu.pl\/wp-content\/uploads\/2025\/10\/1000022151-910x1024.jpg 910w, https:\/\/www.wesolyskrzat.edu.pl\/wp-content\/uploads\/2025\/10\/1000022151-768x865.jpg 768w, https:\/\/www.wesolyskrzat.edu.pl\/wp-content\/uploads\/2025\/10\/1000022151-1364x1536.jpg 1364w\" sizes=\"auto, (max-width: 1819px) 100vw, 1819px\" \/><\/figure>\n\n\n\n<figure class=\"wp-block-image size-full\"><img loading=\"lazy\" decoding=\"async\" width=\"1536\" height=\"2048\" data-id=\"7093\" src=\"https:\/\/www.wesolyskrzat.edu.pl\/wp-content\/uploads\/2025\/10\/1000022152.jpg\" alt=\"\" class=\"wp-image-7093\" srcset=\"https:\/\/www.wesolyskrzat.edu.pl\/wp-content\/uploads\/2025\/10\/1000022152.jpg 1536w, https:\/\/www.wesolyskrzat.edu.pl\/wp-content\/uploads\/2025\/10\/1000022152-225x300.jpg 225w, https:\/\/www.wesolyskrzat.edu.pl\/wp-content\/uploads\/2025\/10\/1000022152-768x1024.jpg 768w, https:\/\/www.wesolyskrzat.edu.pl\/wp-content\/uploads\/2025\/10\/1000022152-1152x1536.jpg 1152w\" sizes=\"auto, (max-width: 1536px) 100vw, 1536px\" \/><\/figure>\n\n\n\n<figure class=\"wp-block-image size-full\"><img loading=\"lazy\" decoding=\"async\" width=\"1309\" height=\"2048\" data-id=\"7092\" src=\"https:\/\/www.wesolyskrzat.edu.pl\/wp-content\/uploads\/2025\/10\/1000022153.jpg\" alt=\"\" class=\"wp-image-7092\" srcset=\"https:\/\/www.wesolyskrzat.edu.pl\/wp-content\/uploads\/2025\/10\/1000022153.jpg 1309w, https:\/\/www.wesolyskrzat.edu.pl\/wp-content\/uploads\/2025\/10\/1000022153-192x300.jpg 192w, https:\/\/www.wesolyskrzat.edu.pl\/wp-content\/uploads\/2025\/10\/1000022153-655x1024.jpg 655w, https:\/\/www.wesolyskrzat.edu.pl\/wp-content\/uploads\/2025\/10\/1000022153-768x1202.jpg 768w, https:\/\/www.wesolyskrzat.edu.pl\/wp-content\/uploads\/2025\/10\/1000022153-982x1536.jpg 982w\" sizes=\"auto, (max-width: 1309px) 100vw, 1309px\" \/><\/figure>\n<\/figure>\n\n\n\n<p><br><\/p>\n","protected":false},"excerpt":{"rendered":"<p>W dzisiejszym dniu Smerfy obchodzi\u0142y Dzie\u0144 Dyni. Dzieci uczy\u0142y si\u0119 jak wygl\u0105da dynia, jakie ma kolory i kszta\u0142ty i warto\u015bci od\u017cywcze. By\u0142a to r\u00f3wnie\u017c okazja do integracji dzieci poprzez wsp\u00f3lne zabawy ruchowe z dyniami takie jak turlanie, slalom, skoki co usprawnia ich motoryk\u0119 i koordynacj\u0119. Na koniec Smerfy wykona\u0142y prac\u0119 plastyczn\u0105.<\/p>\n","protected":false},"author":3,"featured_media":0,"comment_status":"closed","ping_status":"open","sticky":false,"template":"","format":"standard","meta":{"footnotes":""},"categories":[47],"tags":[],"class_list":["post-7090","post","type-post","status-publish","format-standard","hentry","category-smerfy-4-latki"],"yoast_head":"<!-- This site is optimized with the Yoast SEO plugin v18.5.1 - https:\/\/yoast.com\/wordpress\/plugins\/seo\/ -->\n<title>Dzie\u0144 Dyni w Smerfach - Weso\u0142y Skrzat<\/title>\n<meta name=\"robots\" content=\"index, follow, max-snippet:-1, max-image-preview:large, max-video-preview:-1\" \/>\n<link rel=\"canonical\" href=\"https:\/\/www.wesolyskrzat.edu.pl\/index.php\/2025\/10\/31\/dzien-dyni-w-smerfach\/\" \/>\n<meta property=\"og:locale\" content=\"pl_PL\" \/>\n<meta property=\"og:type\" content=\"article\" \/>\n<meta property=\"og:title\" content=\"Dzie\u0144 Dyni w Smerfach - Weso\u0142y Skrzat\" \/>\n<meta property=\"og:description\" content=\"W dzisiejszym dniu Smerfy obchodzi\u0142y Dzie\u0144 Dyni. Dzieci uczy\u0142y si\u0119 jak wygl\u0105da dynia, jakie ma kolory i kszta\u0142ty i warto\u015bci od\u017cywcze. By\u0142a to r\u00f3wnie\u017c okazja do integracji dzieci poprzez wsp\u00f3lne zabawy ruchowe z dyniami takie jak turlanie, slalom, skoki co usprawnia ich motoryk\u0119 i koordynacj\u0119. Na koniec Smerfy wykona\u0142y prac\u0119 plastyczn\u0105.\" \/>\n<meta property=\"og:url\" content=\"https:\/\/www.wesolyskrzat.edu.pl\/index.php\/2025\/10\/31\/dzien-dyni-w-smerfach\/\" \/>\n<meta property=\"og:site_name\" content=\"Weso\u0142y Skrzat\" \/>\n<meta property=\"article:published_time\" content=\"2025-10-31T12:16:01+00:00\" \/>\n<meta property=\"article:modified_time\" content=\"2025-10-31T12:16:02+00:00\" \/>\n<meta property=\"og:image\" content=\"https:\/\/www.wesolyskrzat.edu.pl\/wp-content\/uploads\/2025\/10\/1000022146.jpg\" \/>\n<meta name=\"twitter:card\" content=\"summary_large_image\" \/>\n<meta name=\"twitter:label1\" content=\"Napisane przez\" \/>\n\t<meta name=\"twitter:data1\" content=\"Paulina Pyci\u0144ska\" \/>\n<script type=\"application\/ld+json\" class=\"yoast-schema-graph\">{\"@context\":\"https:\/\/schema.org\",\"@graph\":[{\"@type\":\"WebSite\",\"@id\":\"https:\/\/www.wesolyskrzat.edu.pl\/#website\",\"url\":\"https:\/\/www.wesolyskrzat.edu.pl\/\",\"name\":\"Weso\u0142y Skrzat\",\"description\":\"Najpi\u0119kniejsze przedszkole w Markach\",\"potentialAction\":[{\"@type\":\"SearchAction\",\"target\":{\"@type\":\"EntryPoint\",\"urlTemplate\":\"https:\/\/www.wesolyskrzat.edu.pl\/?s={search_term_string}\"},\"query-input\":\"required name=search_term_string\"}],\"inLanguage\":\"pl-PL\"},{\"@type\":\"ImageObject\",\"@id\":\"https:\/\/www.wesolyskrzat.edu.pl\/index.php\/2025\/10\/31\/dzien-dyni-w-smerfach\/#primaryimage\",\"inLanguage\":\"pl-PL\",\"url\":\"https:\/\/www.wesolyskrzat.edu.pl\/wp-content\/uploads\/2025\/10\/1000022146.jpg\",\"contentUrl\":\"https:\/\/www.wesolyskrzat.edu.pl\/wp-content\/uploads\/2025\/10\/1000022146.jpg\",\"width\":2048,\"height\":1512},{\"@type\":\"WebPage\",\"@id\":\"https:\/\/www.wesolyskrzat.edu.pl\/index.php\/2025\/10\/31\/dzien-dyni-w-smerfach\/#webpage\",\"url\":\"https:\/\/www.wesolyskrzat.edu.pl\/index.php\/2025\/10\/31\/dzien-dyni-w-smerfach\/\",\"name\":\"Dzie\u0144 Dyni w Smerfach - Weso\u0142y Skrzat\",\"isPartOf\":{\"@id\":\"https:\/\/www.wesolyskrzat.edu.pl\/#website\"},\"primaryImageOfPage\":{\"@id\":\"https:\/\/www.wesolyskrzat.edu.pl\/index.php\/2025\/10\/31\/dzien-dyni-w-smerfach\/#primaryimage\"},\"datePublished\":\"2025-10-31T12:16:01+00:00\",\"dateModified\":\"2025-10-31T12:16:02+00:00\",\"author\":{\"@id\":\"https:\/\/www.wesolyskrzat.edu.pl\/#\/schema\/person\/665c990d766e7b21f5731227b7d3f0f6\"},\"breadcrumb\":{\"@id\":\"https:\/\/www.wesolyskrzat.edu.pl\/index.php\/2025\/10\/31\/dzien-dyni-w-smerfach\/#breadcrumb\"},\"inLanguage\":\"pl-PL\",\"potentialAction\":[{\"@type\":\"ReadAction\",\"target\":[\"https:\/\/www.wesolyskrzat.edu.pl\/index.php\/2025\/10\/31\/dzien-dyni-w-smerfach\/\"]}]},{\"@type\":\"BreadcrumbList\",\"@id\":\"https:\/\/www.wesolyskrzat.edu.pl\/index.php\/2025\/10\/31\/dzien-dyni-w-smerfach\/#breadcrumb\",\"itemListElement\":[{\"@type\":\"ListItem\",\"position\":1,\"name\":\"Home\",\"item\":\"https:\/\/www.wesolyskrzat.edu.pl\/\"},{\"@type\":\"ListItem\",\"position\":2,\"name\":\"Dzie\u0144 Dyni w Smerfach\"}]},{\"@type\":\"Person\",\"@id\":\"https:\/\/www.wesolyskrzat.edu.pl\/#\/schema\/person\/665c990d766e7b21f5731227b7d3f0f6\",\"name\":\"Paulina Pyci\u0144ska\",\"image\":{\"@type\":\"ImageObject\",\"@id\":\"https:\/\/www.wesolyskrzat.edu.pl\/#personlogo\",\"inLanguage\":\"pl-PL\",\"url\":\"https:\/\/secure.gravatar.com\/avatar\/3e43e454ecfe17681ca5008a70eb6887dad418e79fd9180caf1239bb35b78d67?s=96&d=mm&r=g\",\"contentUrl\":\"https:\/\/secure.gravatar.com\/avatar\/3e43e454ecfe17681ca5008a70eb6887dad418e79fd9180caf1239bb35b78d67?s=96&d=mm&r=g\",\"caption\":\"Paulina Pyci\u0144ska\"},\"url\":\"https:\/\/www.wesolyskrzat.edu.pl\/index.php\/author\/pycinska\/\"}]}<\/script>\n<!-- \/ Yoast SEO plugin. -->","yoast_head_json":{"title":"Dzie\u0144 Dyni w Smerfach - Weso\u0142y Skrzat","robots":{"index":"index","follow":"follow","max-snippet":"max-snippet:-1","max-image-preview":"max-image-preview:large","max-video-preview":"max-video-preview:-1"},"canonical":"https:\/\/www.wesolyskrzat.edu.pl\/index.php\/2025\/10\/31\/dzien-dyni-w-smerfach\/","og_locale":"pl_PL","og_type":"article","og_title":"Dzie\u0144 Dyni w Smerfach - Weso\u0142y Skrzat","og_description":"W dzisiejszym dniu Smerfy obchodzi\u0142y Dzie\u0144 Dyni. Dzieci uczy\u0142y si\u0119 jak wygl\u0105da dynia, jakie ma kolory i kszta\u0142ty i warto\u015bci od\u017cywcze. By\u0142a to r\u00f3wnie\u017c okazja do integracji dzieci poprzez wsp\u00f3lne zabawy ruchowe z dyniami takie jak turlanie, slalom, skoki co usprawnia ich motoryk\u0119 i koordynacj\u0119. Na koniec Smerfy wykona\u0142y prac\u0119 plastyczn\u0105.","og_url":"https:\/\/www.wesolyskrzat.edu.pl\/index.php\/2025\/10\/31\/dzien-dyni-w-smerfach\/","og_site_name":"Weso\u0142y Skrzat","article_published_time":"2025-10-31T12:16:01+00:00","article_modified_time":"2025-10-31T12:16:02+00:00","og_image":[{"url":"https:\/\/www.wesolyskrzat.edu.pl\/wp-content\/uploads\/2025\/10\/1000022146.jpg"}],"twitter_card":"summary_large_image","twitter_misc":{"Napisane przez":"Paulina Pyci\u0144ska"},"schema":{"@context":"https:\/\/schema.org","@graph":[{"@type":"WebSite","@id":"https:\/\/www.wesolyskrzat.edu.pl\/#website","url":"https:\/\/www.wesolyskrzat.edu.pl\/","name":"Weso\u0142y Skrzat","description":"Najpi\u0119kniejsze przedszkole w Markach","potentialAction":[{"@type":"SearchAction","target":{"@type":"EntryPoint","urlTemplate":"https:\/\/www.wesolyskrzat.edu.pl\/?s={search_term_string}"},"query-input":"required name=search_term_string"}],"inLanguage":"pl-PL"},{"@type":"ImageObject","@id":"https:\/\/www.wesolyskrzat.edu.pl\/index.php\/2025\/10\/31\/dzien-dyni-w-smerfach\/#primaryimage","inLanguage":"pl-PL","url":"https:\/\/www.wesolyskrzat.edu.pl\/wp-content\/uploads\/2025\/10\/1000022146.jpg","contentUrl":"https:\/\/www.wesolyskrzat.edu.pl\/wp-content\/uploads\/2025\/10\/1000022146.jpg","width":2048,"height":1512},{"@type":"WebPage","@id":"https:\/\/www.wesolyskrzat.edu.pl\/index.php\/2025\/10\/31\/dzien-dyni-w-smerfach\/#webpage","url":"https:\/\/www.wesolyskrzat.edu.pl\/index.php\/2025\/10\/31\/dzien-dyni-w-smerfach\/","name":"Dzie\u0144 Dyni w Smerfach - Weso\u0142y Skrzat","isPartOf":{"@id":"https:\/\/www.wesolyskrzat.edu.pl\/#website"},"primaryImageOfPage":{"@id":"https:\/\/www.wesolyskrzat.edu.pl\/index.php\/2025\/10\/31\/dzien-dyni-w-smerfach\/#primaryimage"},"datePublished":"2025-10-31T12:16:01+00:00","dateModified":"2025-10-31T12:16:02+00:00","author":{"@id":"https:\/\/www.wesolyskrzat.edu.pl\/#\/schema\/person\/665c990d766e7b21f5731227b7d3f0f6"},"breadcrumb":{"@id":"https:\/\/www.wesolyskrzat.edu.pl\/index.php\/2025\/10\/31\/dzien-dyni-w-smerfach\/#breadcrumb"},"inLanguage":"pl-PL","potentialAction":[{"@type":"ReadAction","target":["https:\/\/www.wesolyskrzat.edu.pl\/index.php\/2025\/10\/31\/dzien-dyni-w-smerfach\/"]}]},{"@type":"BreadcrumbList","@id":"https:\/\/www.wesolyskrzat.edu.pl\/index.php\/2025\/10\/31\/dzien-dyni-w-smerfach\/#breadcrumb","itemListElement":[{"@type":"ListItem","position":1,"name":"Home","item":"https:\/\/www.wesolyskrzat.edu.pl\/"},{"@type":"ListItem","position":2,"name":"Dzie\u0144 Dyni w Smerfach"}]},{"@type":"Person","@id":"https:\/\/www.wesolyskrzat.edu.pl\/#\/schema\/person\/665c990d766e7b21f5731227b7d3f0f6","name":"Paulina Pyci\u0144ska","image":{"@type":"ImageObject","@id":"https:\/\/www.wesolyskrzat.edu.pl\/#personlogo","inLanguage":"pl-PL","url":"https:\/\/secure.gravatar.com\/avatar\/3e43e454ecfe17681ca5008a70eb6887dad418e79fd9180caf1239bb35b78d67?s=96&d=mm&r=g","contentUrl":"https:\/\/secure.gravatar.com\/avatar\/3e43e454ecfe17681ca5008a70eb6887dad418e79fd9180caf1239bb35b78d67?s=96&d=mm&r=g","caption":"Paulina Pyci\u0144ska"},"url":"https:\/\/www.wesolyskrzat.edu.pl\/index.php\/author\/pycinska\/"}]}},"_links":{"self":[{"href":"https:\/\/www.wesolyskrzat.edu.pl\/index.php\/wp-json\/wp\/v2\/posts\/7090","targetHints":{"allow":["GET"]}}],"collection":[{"href":"https:\/\/www.wesolyskrzat.edu.pl\/index.php\/wp-json\/wp\/v2\/posts"}],"about":[{"href":"https:\/\/www.wesolyskrzat.edu.pl\/index.php\/wp-json\/wp\/v2\/types\/post"}],"author":[{"embeddable":true,"href":"https:\/\/www.wesolyskrzat.edu.pl\/index.php\/wp-json\/wp\/v2\/users\/3"}],"replies":[{"embeddable":true,"href":"https:\/\/www.wesolyskrzat.edu.pl\/index.php\/wp-json\/wp\/v2\/comments?post=7090"}],"version-history":[{"count":1,"href":"https:\/\/www.wesolyskrzat.edu.pl\/index.php\/wp-json\/wp\/v2\/posts\/7090\/revisions"}],"predecessor-version":[{"id":7097,"href":"https:\/\/www.wesolyskrzat.edu.pl\/index.php\/wp-json\/wp\/v2\/posts\/7090\/revisions\/7097"}],"wp:attachment":[{"href":"https:\/\/www.wesolyskrzat.edu.pl\/index.php\/wp-json\/wp\/v2\/media?parent=7090"}],"wp:term":[{"taxonomy":"category","embeddable":true,"href":"https:\/\/www.wesolyskrzat.edu.pl\/index.php\/wp-json\/wp\/v2\/categories?post=7090"},{"taxonomy":"post_tag","embeddable":true,"href":"https:\/\/www.wesolyskrzat.edu.pl\/index.php\/wp-json\/wp\/v2\/tags?post=7090"}],"curies":[{"name":"wp","href":"https:\/\/api.w.org\/{rel}","templated":true}]}}