{"id":7045,"date":"2025-10-24T13:10:22","date_gmt":"2025-10-24T11:10:22","guid":{"rendered":"https:\/\/www.wesolyskrzat.edu.pl\/?p=7045"},"modified":"2025-10-24T13:10:23","modified_gmt":"2025-10-24T11:10:23","slug":"dzien-pizamy-10","status":"publish","type":"post","link":"https:\/\/www.wesolyskrzat.edu.pl\/index.php\/2025\/10\/24\/dzien-pizamy-10\/","title":{"rendered":"Dzie\u0144 Pi\u017camy"},"content":{"rendered":"\n<p>Dzie\u0144 Pi\u017camy w grupie Smerf\u00f3w<\/p>\n\n\n\n<p>Dzisiaj w naszej grupie Smerf\u00f3w zrobi\u0142o si\u0119 wyj\u0105tkowo przytulnie i weso\u0142o \u2013 obchodzili\u015bmy Dzie\u0144 Pi\u017camy!<\/p>\n\n\n\n<p>Dzieci przysz\u0142y do przedszkola w swoich ulubionych pi\u017camkach, szlafrokach i kapciach. Wsp\u00f3lnie rozmawiali\u015bmy o tym, dlaczego ten dzie\u0144 jest tak wa\u017cny \u2013 to nie tylko zabawa, ale r\u00f3wnie\u017c gest wsparcia dla dzieci, kt\u00f3re przebywaj\u0105 w szpitalach i na co dzie\u0144 te\u017c sp\u0119dzaj\u0105 czas w pi\u017camach.<\/p>\n\n\n\n<p>Serdecznie dzi\u0119kujemy wszystkim Rodzicom za zaanga\u017cowanie i udzia\u0142 w akcji.<\/p>\n\n\n\n<p>Mamy nadziej\u0119, \u017ce nasza puszka wype\u0142ni si\u0119 po brzegi dobrem i u\u015bmiechem! \ud83d\udc99<\/p>\n\n\n\n<figure class=\"wp-block-gallery has-nested-images columns-2 is-cropped wp-block-gallery-1 is-layout-flex wp-block-gallery-is-layout-flex\">\n<figure class=\"wp-block-image size-full\"><img loading=\"lazy\" decoding=\"async\" width=\"2560\" height=\"1920\" data-id=\"7046\" src=\"https:\/\/www.wesolyskrzat.edu.pl\/wp-content\/uploads\/2025\/10\/IMG_9448-scaled.jpeg\" alt=\"\" class=\"wp-image-7046\" srcset=\"https:\/\/www.wesolyskrzat.edu.pl\/wp-content\/uploads\/2025\/10\/IMG_9448-scaled.jpeg 2560w, https:\/\/www.wesolyskrzat.edu.pl\/wp-content\/uploads\/2025\/10\/IMG_9448-300x225.jpeg 300w, https:\/\/www.wesolyskrzat.edu.pl\/wp-content\/uploads\/2025\/10\/IMG_9448-1024x768.jpeg 1024w, https:\/\/www.wesolyskrzat.edu.pl\/wp-content\/uploads\/2025\/10\/IMG_9448-768x576.jpeg 768w, https:\/\/www.wesolyskrzat.edu.pl\/wp-content\/uploads\/2025\/10\/IMG_9448-1536x1152.jpeg 1536w, https:\/\/www.wesolyskrzat.edu.pl\/wp-content\/uploads\/2025\/10\/IMG_9448-2048x1536.jpeg 2048w\" sizes=\"auto, (max-width: 2560px) 100vw, 2560px\" \/><\/figure>\n\n\n\n<figure class=\"wp-block-image size-full\"><img loading=\"lazy\" decoding=\"async\" width=\"2560\" height=\"1920\" data-id=\"7047\" src=\"https:\/\/www.wesolyskrzat.edu.pl\/wp-content\/uploads\/2025\/10\/IMG_9450-scaled.jpeg\" alt=\"\" class=\"wp-image-7047\" srcset=\"https:\/\/www.wesolyskrzat.edu.pl\/wp-content\/uploads\/2025\/10\/IMG_9450-scaled.jpeg 2560w, https:\/\/www.wesolyskrzat.edu.pl\/wp-content\/uploads\/2025\/10\/IMG_9450-300x225.jpeg 300w, https:\/\/www.wesolyskrzat.edu.pl\/wp-content\/uploads\/2025\/10\/IMG_9450-1024x768.jpeg 1024w, https:\/\/www.wesolyskrzat.edu.pl\/wp-content\/uploads\/2025\/10\/IMG_9450-768x576.jpeg 768w, https:\/\/www.wesolyskrzat.edu.pl\/wp-content\/uploads\/2025\/10\/IMG_9450-1536x1152.jpeg 1536w, https:\/\/www.wesolyskrzat.edu.pl\/wp-content\/uploads\/2025\/10\/IMG_9450-2048x1536.jpeg 2048w\" sizes=\"auto, (max-width: 2560px) 100vw, 2560px\" \/><\/figure>\n\n\n\n<figure class=\"wp-block-image size-full\"><img loading=\"lazy\" decoding=\"async\" width=\"2560\" height=\"1920\" data-id=\"7049\" src=\"https:\/\/www.wesolyskrzat.edu.pl\/wp-content\/uploads\/2025\/10\/IMG_9452-scaled.jpeg\" alt=\"\" class=\"wp-image-7049\" srcset=\"https:\/\/www.wesolyskrzat.edu.pl\/wp-content\/uploads\/2025\/10\/IMG_9452-scaled.jpeg 2560w, https:\/\/www.wesolyskrzat.edu.pl\/wp-content\/uploads\/2025\/10\/IMG_9452-300x225.jpeg 300w, https:\/\/www.wesolyskrzat.edu.pl\/wp-content\/uploads\/2025\/10\/IMG_9452-1024x768.jpeg 1024w, https:\/\/www.wesolyskrzat.edu.pl\/wp-content\/uploads\/2025\/10\/IMG_9452-768x576.jpeg 768w, https:\/\/www.wesolyskrzat.edu.pl\/wp-content\/uploads\/2025\/10\/IMG_9452-1536x1152.jpeg 1536w, https:\/\/www.wesolyskrzat.edu.pl\/wp-content\/uploads\/2025\/10\/IMG_9452-2048x1536.jpeg 2048w\" sizes=\"auto, (max-width: 2560px) 100vw, 2560px\" \/><\/figure>\n\n\n\n<figure class=\"wp-block-image size-full\"><img loading=\"lazy\" decoding=\"async\" width=\"2560\" height=\"1920\" data-id=\"7050\" src=\"https:\/\/www.wesolyskrzat.edu.pl\/wp-content\/uploads\/2025\/10\/IMG_9453-scaled.jpeg\" alt=\"\" class=\"wp-image-7050\" srcset=\"https:\/\/www.wesolyskrzat.edu.pl\/wp-content\/uploads\/2025\/10\/IMG_9453-scaled.jpeg 2560w, https:\/\/www.wesolyskrzat.edu.pl\/wp-content\/uploads\/2025\/10\/IMG_9453-300x225.jpeg 300w, https:\/\/www.wesolyskrzat.edu.pl\/wp-content\/uploads\/2025\/10\/IMG_9453-1024x768.jpeg 1024w, https:\/\/www.wesolyskrzat.edu.pl\/wp-content\/uploads\/2025\/10\/IMG_9453-768x576.jpeg 768w, https:\/\/www.wesolyskrzat.edu.pl\/wp-content\/uploads\/2025\/10\/IMG_9453-1536x1152.jpeg 1536w, https:\/\/www.wesolyskrzat.edu.pl\/wp-content\/uploads\/2025\/10\/IMG_9453-2048x1536.jpeg 2048w\" sizes=\"auto, (max-width: 2560px) 100vw, 2560px\" \/><\/figure>\n\n\n\n<figure class=\"wp-block-image size-full\"><img loading=\"lazy\" decoding=\"async\" width=\"2560\" height=\"1920\" data-id=\"7048\" src=\"https:\/\/www.wesolyskrzat.edu.pl\/wp-content\/uploads\/2025\/10\/IMG_9454-scaled.jpeg\" alt=\"\" class=\"wp-image-7048\" srcset=\"https:\/\/www.wesolyskrzat.edu.pl\/wp-content\/uploads\/2025\/10\/IMG_9454-scaled.jpeg 2560w, https:\/\/www.wesolyskrzat.edu.pl\/wp-content\/uploads\/2025\/10\/IMG_9454-300x225.jpeg 300w, https:\/\/www.wesolyskrzat.edu.pl\/wp-content\/uploads\/2025\/10\/IMG_9454-1024x768.jpeg 1024w, https:\/\/www.wesolyskrzat.edu.pl\/wp-content\/uploads\/2025\/10\/IMG_9454-768x576.jpeg 768w, https:\/\/www.wesolyskrzat.edu.pl\/wp-content\/uploads\/2025\/10\/IMG_9454-1536x1152.jpeg 1536w, https:\/\/www.wesolyskrzat.edu.pl\/wp-content\/uploads\/2025\/10\/IMG_9454-2048x1536.jpeg 2048w\" sizes=\"auto, (max-width: 2560px) 100vw, 2560px\" \/><\/figure>\n<\/figure>\n","protected":false},"excerpt":{"rendered":"<p>Dzie\u0144 Pi\u017camy w grupie Smerf\u00f3w Dzisiaj w naszej grupie Smerf\u00f3w zrobi\u0142o si\u0119 wyj\u0105tkowo przytulnie i weso\u0142o \u2013 obchodzili\u015bmy Dzie\u0144 Pi\u017camy! Dzieci przysz\u0142y do przedszkola w swoich ulubionych pi\u017camkach, szlafrokach i kapciach. Wsp\u00f3lnie rozmawiali\u015bmy o tym, dlaczego ten dzie\u0144 jest tak wa\u017cny \u2013 to nie tylko zabawa, ale r\u00f3wnie\u017c gest wsparcia dla dzieci, kt\u00f3re przebywaj\u0105 w [&hellip;]<\/p>\n","protected":false},"author":3,"featured_media":0,"comment_status":"closed","ping_status":"open","sticky":false,"template":"","format":"standard","meta":{"footnotes":""},"categories":[47],"tags":[],"class_list":["post-7045","post","type-post","status-publish","format-standard","hentry","category-smerfy-4-latki"],"yoast_head":"<!-- This site is optimized with the Yoast SEO plugin v18.5.1 - https:\/\/yoast.com\/wordpress\/plugins\/seo\/ -->\n<title>Dzie\u0144 Pi\u017camy - Weso\u0142y Skrzat<\/title>\n<meta name=\"robots\" content=\"index, follow, max-snippet:-1, max-image-preview:large, max-video-preview:-1\" \/>\n<link rel=\"canonical\" href=\"https:\/\/www.wesolyskrzat.edu.pl\/index.php\/2025\/10\/24\/dzien-pizamy-10\/\" \/>\n<meta property=\"og:locale\" content=\"pl_PL\" \/>\n<meta property=\"og:type\" content=\"article\" \/>\n<meta property=\"og:title\" content=\"Dzie\u0144 Pi\u017camy - Weso\u0142y Skrzat\" \/>\n<meta property=\"og:description\" content=\"Dzie\u0144 Pi\u017camy w grupie Smerf\u00f3w Dzisiaj w naszej grupie Smerf\u00f3w zrobi\u0142o si\u0119 wyj\u0105tkowo przytulnie i weso\u0142o \u2013 obchodzili\u015bmy Dzie\u0144 Pi\u017camy! Dzieci przysz\u0142y do przedszkola w swoich ulubionych pi\u017camkach, szlafrokach i kapciach. Wsp\u00f3lnie rozmawiali\u015bmy o tym, dlaczego ten dzie\u0144 jest tak wa\u017cny \u2013 to nie tylko zabawa, ale r\u00f3wnie\u017c gest wsparcia dla dzieci, kt\u00f3re przebywaj\u0105 w [&hellip;]\" \/>\n<meta property=\"og:url\" content=\"https:\/\/www.wesolyskrzat.edu.pl\/index.php\/2025\/10\/24\/dzien-pizamy-10\/\" \/>\n<meta property=\"og:site_name\" content=\"Weso\u0142y Skrzat\" \/>\n<meta property=\"article:published_time\" content=\"2025-10-24T11:10:22+00:00\" \/>\n<meta property=\"article:modified_time\" content=\"2025-10-24T11:10:23+00:00\" \/>\n<meta property=\"og:image\" content=\"https:\/\/www.wesolyskrzat.edu.pl\/wp-content\/uploads\/2025\/10\/IMG_9448-scaled.jpeg\" \/>\n<meta name=\"twitter:card\" content=\"summary_large_image\" \/>\n<meta name=\"twitter:label1\" content=\"Napisane przez\" \/>\n\t<meta name=\"twitter:data1\" content=\"Paulina Pyci\u0144ska\" \/>\n\t<meta name=\"twitter:label2\" content=\"Szacowany czas czytania\" \/>\n\t<meta name=\"twitter:data2\" content=\"1 minuta\" \/>\n<script type=\"application\/ld+json\" class=\"yoast-schema-graph\">{\"@context\":\"https:\/\/schema.org\",\"@graph\":[{\"@type\":\"WebSite\",\"@id\":\"https:\/\/www.wesolyskrzat.edu.pl\/#website\",\"url\":\"https:\/\/www.wesolyskrzat.edu.pl\/\",\"name\":\"Weso\u0142y Skrzat\",\"description\":\"Najpi\u0119kniejsze przedszkole w Markach\",\"potentialAction\":[{\"@type\":\"SearchAction\",\"target\":{\"@type\":\"EntryPoint\",\"urlTemplate\":\"https:\/\/www.wesolyskrzat.edu.pl\/?s={search_term_string}\"},\"query-input\":\"required name=search_term_string\"}],\"inLanguage\":\"pl-PL\"},{\"@type\":\"ImageObject\",\"@id\":\"https:\/\/www.wesolyskrzat.edu.pl\/index.php\/2025\/10\/24\/dzien-pizamy-10\/#primaryimage\",\"inLanguage\":\"pl-PL\",\"url\":\"https:\/\/www.wesolyskrzat.edu.pl\/wp-content\/uploads\/2025\/10\/IMG_9448-scaled.jpeg\",\"contentUrl\":\"https:\/\/www.wesolyskrzat.edu.pl\/wp-content\/uploads\/2025\/10\/IMG_9448-scaled.jpeg\",\"width\":2560,\"height\":1920},{\"@type\":\"WebPage\",\"@id\":\"https:\/\/www.wesolyskrzat.edu.pl\/index.php\/2025\/10\/24\/dzien-pizamy-10\/#webpage\",\"url\":\"https:\/\/www.wesolyskrzat.edu.pl\/index.php\/2025\/10\/24\/dzien-pizamy-10\/\",\"name\":\"Dzie\u0144 Pi\u017camy - Weso\u0142y Skrzat\",\"isPartOf\":{\"@id\":\"https:\/\/www.wesolyskrzat.edu.pl\/#website\"},\"primaryImageOfPage\":{\"@id\":\"https:\/\/www.wesolyskrzat.edu.pl\/index.php\/2025\/10\/24\/dzien-pizamy-10\/#primaryimage\"},\"datePublished\":\"2025-10-24T11:10:22+00:00\",\"dateModified\":\"2025-10-24T11:10:23+00:00\",\"author\":{\"@id\":\"https:\/\/www.wesolyskrzat.edu.pl\/#\/schema\/person\/665c990d766e7b21f5731227b7d3f0f6\"},\"breadcrumb\":{\"@id\":\"https:\/\/www.wesolyskrzat.edu.pl\/index.php\/2025\/10\/24\/dzien-pizamy-10\/#breadcrumb\"},\"inLanguage\":\"pl-PL\",\"potentialAction\":[{\"@type\":\"ReadAction\",\"target\":[\"https:\/\/www.wesolyskrzat.edu.pl\/index.php\/2025\/10\/24\/dzien-pizamy-10\/\"]}]},{\"@type\":\"BreadcrumbList\",\"@id\":\"https:\/\/www.wesolyskrzat.edu.pl\/index.php\/2025\/10\/24\/dzien-pizamy-10\/#breadcrumb\",\"itemListElement\":[{\"@type\":\"ListItem\",\"position\":1,\"name\":\"Home\",\"item\":\"https:\/\/www.wesolyskrzat.edu.pl\/\"},{\"@type\":\"ListItem\",\"position\":2,\"name\":\"Dzie\u0144 Pi\u017camy\"}]},{\"@type\":\"Person\",\"@id\":\"https:\/\/www.wesolyskrzat.edu.pl\/#\/schema\/person\/665c990d766e7b21f5731227b7d3f0f6\",\"name\":\"Paulina Pyci\u0144ska\",\"image\":{\"@type\":\"ImageObject\",\"@id\":\"https:\/\/www.wesolyskrzat.edu.pl\/#personlogo\",\"inLanguage\":\"pl-PL\",\"url\":\"https:\/\/secure.gravatar.com\/avatar\/3e43e454ecfe17681ca5008a70eb6887dad418e79fd9180caf1239bb35b78d67?s=96&d=mm&r=g\",\"contentUrl\":\"https:\/\/secure.gravatar.com\/avatar\/3e43e454ecfe17681ca5008a70eb6887dad418e79fd9180caf1239bb35b78d67?s=96&d=mm&r=g\",\"caption\":\"Paulina Pyci\u0144ska\"},\"url\":\"https:\/\/www.wesolyskrzat.edu.pl\/index.php\/author\/pycinska\/\"}]}<\/script>\n<!-- \/ Yoast SEO plugin. -->","yoast_head_json":{"title":"Dzie\u0144 Pi\u017camy - Weso\u0142y Skrzat","robots":{"index":"index","follow":"follow","max-snippet":"max-snippet:-1","max-image-preview":"max-image-preview:large","max-video-preview":"max-video-preview:-1"},"canonical":"https:\/\/www.wesolyskrzat.edu.pl\/index.php\/2025\/10\/24\/dzien-pizamy-10\/","og_locale":"pl_PL","og_type":"article","og_title":"Dzie\u0144 Pi\u017camy - Weso\u0142y Skrzat","og_description":"Dzie\u0144 Pi\u017camy w grupie Smerf\u00f3w Dzisiaj w naszej grupie Smerf\u00f3w zrobi\u0142o si\u0119 wyj\u0105tkowo przytulnie i weso\u0142o \u2013 obchodzili\u015bmy Dzie\u0144 Pi\u017camy! Dzieci przysz\u0142y do przedszkola w swoich ulubionych pi\u017camkach, szlafrokach i kapciach. Wsp\u00f3lnie rozmawiali\u015bmy o tym, dlaczego ten dzie\u0144 jest tak wa\u017cny \u2013 to nie tylko zabawa, ale r\u00f3wnie\u017c gest wsparcia dla dzieci, kt\u00f3re przebywaj\u0105 w [&hellip;]","og_url":"https:\/\/www.wesolyskrzat.edu.pl\/index.php\/2025\/10\/24\/dzien-pizamy-10\/","og_site_name":"Weso\u0142y Skrzat","article_published_time":"2025-10-24T11:10:22+00:00","article_modified_time":"2025-10-24T11:10:23+00:00","og_image":[{"url":"https:\/\/www.wesolyskrzat.edu.pl\/wp-content\/uploads\/2025\/10\/IMG_9448-scaled.jpeg"}],"twitter_card":"summary_large_image","twitter_misc":{"Napisane przez":"Paulina Pyci\u0144ska","Szacowany czas czytania":"1 minuta"},"schema":{"@context":"https:\/\/schema.org","@graph":[{"@type":"WebSite","@id":"https:\/\/www.wesolyskrzat.edu.pl\/#website","url":"https:\/\/www.wesolyskrzat.edu.pl\/","name":"Weso\u0142y Skrzat","description":"Najpi\u0119kniejsze przedszkole w Markach","potentialAction":[{"@type":"SearchAction","target":{"@type":"EntryPoint","urlTemplate":"https:\/\/www.wesolyskrzat.edu.pl\/?s={search_term_string}"},"query-input":"required name=search_term_string"}],"inLanguage":"pl-PL"},{"@type":"ImageObject","@id":"https:\/\/www.wesolyskrzat.edu.pl\/index.php\/2025\/10\/24\/dzien-pizamy-10\/#primaryimage","inLanguage":"pl-PL","url":"https:\/\/www.wesolyskrzat.edu.pl\/wp-content\/uploads\/2025\/10\/IMG_9448-scaled.jpeg","contentUrl":"https:\/\/www.wesolyskrzat.edu.pl\/wp-content\/uploads\/2025\/10\/IMG_9448-scaled.jpeg","width":2560,"height":1920},{"@type":"WebPage","@id":"https:\/\/www.wesolyskrzat.edu.pl\/index.php\/2025\/10\/24\/dzien-pizamy-10\/#webpage","url":"https:\/\/www.wesolyskrzat.edu.pl\/index.php\/2025\/10\/24\/dzien-pizamy-10\/","name":"Dzie\u0144 Pi\u017camy - Weso\u0142y Skrzat","isPartOf":{"@id":"https:\/\/www.wesolyskrzat.edu.pl\/#website"},"primaryImageOfPage":{"@id":"https:\/\/www.wesolyskrzat.edu.pl\/index.php\/2025\/10\/24\/dzien-pizamy-10\/#primaryimage"},"datePublished":"2025-10-24T11:10:22+00:00","dateModified":"2025-10-24T11:10:23+00:00","author":{"@id":"https:\/\/www.wesolyskrzat.edu.pl\/#\/schema\/person\/665c990d766e7b21f5731227b7d3f0f6"},"breadcrumb":{"@id":"https:\/\/www.wesolyskrzat.edu.pl\/index.php\/2025\/10\/24\/dzien-pizamy-10\/#breadcrumb"},"inLanguage":"pl-PL","potentialAction":[{"@type":"ReadAction","target":["https:\/\/www.wesolyskrzat.edu.pl\/index.php\/2025\/10\/24\/dzien-pizamy-10\/"]}]},{"@type":"BreadcrumbList","@id":"https:\/\/www.wesolyskrzat.edu.pl\/index.php\/2025\/10\/24\/dzien-pizamy-10\/#breadcrumb","itemListElement":[{"@type":"ListItem","position":1,"name":"Home","item":"https:\/\/www.wesolyskrzat.edu.pl\/"},{"@type":"ListItem","position":2,"name":"Dzie\u0144 Pi\u017camy"}]},{"@type":"Person","@id":"https:\/\/www.wesolyskrzat.edu.pl\/#\/schema\/person\/665c990d766e7b21f5731227b7d3f0f6","name":"Paulina Pyci\u0144ska","image":{"@type":"ImageObject","@id":"https:\/\/www.wesolyskrzat.edu.pl\/#personlogo","inLanguage":"pl-PL","url":"https:\/\/secure.gravatar.com\/avatar\/3e43e454ecfe17681ca5008a70eb6887dad418e79fd9180caf1239bb35b78d67?s=96&d=mm&r=g","contentUrl":"https:\/\/secure.gravatar.com\/avatar\/3e43e454ecfe17681ca5008a70eb6887dad418e79fd9180caf1239bb35b78d67?s=96&d=mm&r=g","caption":"Paulina Pyci\u0144ska"},"url":"https:\/\/www.wesolyskrzat.edu.pl\/index.php\/author\/pycinska\/"}]}},"_links":{"self":[{"href":"https:\/\/www.wesolyskrzat.edu.pl\/index.php\/wp-json\/wp\/v2\/posts\/7045","targetHints":{"allow":["GET"]}}],"collection":[{"href":"https:\/\/www.wesolyskrzat.edu.pl\/index.php\/wp-json\/wp\/v2\/posts"}],"about":[{"href":"https:\/\/www.wesolyskrzat.edu.pl\/index.php\/wp-json\/wp\/v2\/types\/post"}],"author":[{"embeddable":true,"href":"https:\/\/www.wesolyskrzat.edu.pl\/index.php\/wp-json\/wp\/v2\/users\/3"}],"replies":[{"embeddable":true,"href":"https:\/\/www.wesolyskrzat.edu.pl\/index.php\/wp-json\/wp\/v2\/comments?post=7045"}],"version-history":[{"count":1,"href":"https:\/\/www.wesolyskrzat.edu.pl\/index.php\/wp-json\/wp\/v2\/posts\/7045\/revisions"}],"predecessor-version":[{"id":7051,"href":"https:\/\/www.wesolyskrzat.edu.pl\/index.php\/wp-json\/wp\/v2\/posts\/7045\/revisions\/7051"}],"wp:attachment":[{"href":"https:\/\/www.wesolyskrzat.edu.pl\/index.php\/wp-json\/wp\/v2\/media?parent=7045"}],"wp:term":[{"taxonomy":"category","embeddable":true,"href":"https:\/\/www.wesolyskrzat.edu.pl\/index.php\/wp-json\/wp\/v2\/categories?post=7045"},{"taxonomy":"post_tag","embeddable":true,"href":"https:\/\/www.wesolyskrzat.edu.pl\/index.php\/wp-json\/wp\/v2\/tags?post=7045"}],"curies":[{"name":"wp","href":"https:\/\/api.w.org\/{rel}","templated":true}]}}