{"id":6712,"date":"2025-10-03T13:51:34","date_gmt":"2025-10-03T11:51:34","guid":{"rendered":"https:\/\/www.wesolyskrzat.edu.pl\/?p=6712"},"modified":"2025-10-03T13:51:35","modified_gmt":"2025-10-03T11:51:35","slug":"dzien-empatii-2","status":"publish","type":"post","link":"https:\/\/www.wesolyskrzat.edu.pl\/index.php\/2025\/10\/03\/dzien-empatii-2\/","title":{"rendered":"Dzie\u0144 Empatii"},"content":{"rendered":"\n<p>2 pa\u017adziernika obchodzili\u015bmy Mi\u0119dzynarodowy Dzie\u0144 Empatii.<\/p>\n\n\n\n<p>W tym dniu dzieci aktywnie uczestniczy\u0142y w r\u00f3\u017cnych zabawach integruj\u0105cych, rozwijaj\u0105cych empati\u0119 i postaw\u0119 \u017cyczliwo\u015bci wobec innych.<\/p>\n\n\n\n<p>Krasnalki wykona\u0142y prac\u0119 plastyczn\u0105 z wykorzystaniem symbolu empatii -\u017bYRAFY&nbsp;<\/p>\n\n\n\n<figure class=\"wp-block-gallery has-nested-images columns-1 is-cropped wp-block-gallery-1 is-layout-flex wp-block-gallery-is-layout-flex\">\n<figure class=\"wp-block-image size-full\"><img loading=\"lazy\" decoding=\"async\" width=\"1080\" height=\"1056\" data-id=\"6713\" src=\"https:\/\/www.wesolyskrzat.edu.pl\/wp-content\/uploads\/2025\/10\/IMG_20251002_123827.jpg\" alt=\"\" class=\"wp-image-6713\" srcset=\"https:\/\/www.wesolyskrzat.edu.pl\/wp-content\/uploads\/2025\/10\/IMG_20251002_123827.jpg 1080w, https:\/\/www.wesolyskrzat.edu.pl\/wp-content\/uploads\/2025\/10\/IMG_20251002_123827-300x293.jpg 300w, https:\/\/www.wesolyskrzat.edu.pl\/wp-content\/uploads\/2025\/10\/IMG_20251002_123827-1024x1001.jpg 1024w, https:\/\/www.wesolyskrzat.edu.pl\/wp-content\/uploads\/2025\/10\/IMG_20251002_123827-768x751.jpg 768w\" sizes=\"auto, (max-width: 1080px) 100vw, 1080px\" \/><\/figure>\n\n\n\n<figure class=\"wp-block-image size-full\"><img loading=\"lazy\" decoding=\"async\" width=\"2560\" height=\"2560\" data-id=\"6717\" src=\"https:\/\/www.wesolyskrzat.edu.pl\/wp-content\/uploads\/2025\/10\/IMG_20251002_094443-scaled.jpg\" alt=\"\" class=\"wp-image-6717\" srcset=\"https:\/\/www.wesolyskrzat.edu.pl\/wp-content\/uploads\/2025\/10\/IMG_20251002_094443-scaled.jpg 2560w, https:\/\/www.wesolyskrzat.edu.pl\/wp-content\/uploads\/2025\/10\/IMG_20251002_094443-300x300.jpg 300w, https:\/\/www.wesolyskrzat.edu.pl\/wp-content\/uploads\/2025\/10\/IMG_20251002_094443-1024x1024.jpg 1024w, https:\/\/www.wesolyskrzat.edu.pl\/wp-content\/uploads\/2025\/10\/IMG_20251002_094443-150x150.jpg 150w, https:\/\/www.wesolyskrzat.edu.pl\/wp-content\/uploads\/2025\/10\/IMG_20251002_094443-768x768.jpg 768w, https:\/\/www.wesolyskrzat.edu.pl\/wp-content\/uploads\/2025\/10\/IMG_20251002_094443-1536x1536.jpg 1536w, https:\/\/www.wesolyskrzat.edu.pl\/wp-content\/uploads\/2025\/10\/IMG_20251002_094443-2048x2048.jpg 2048w\" sizes=\"auto, (max-width: 2560px) 100vw, 2560px\" \/><\/figure>\n\n\n\n<figure class=\"wp-block-image size-full\"><img loading=\"lazy\" decoding=\"async\" width=\"2560\" height=\"2560\" data-id=\"6715\" src=\"https:\/\/www.wesolyskrzat.edu.pl\/wp-content\/uploads\/2025\/10\/IMG_20251002_105428-scaled.jpg\" alt=\"\" class=\"wp-image-6715\" srcset=\"https:\/\/www.wesolyskrzat.edu.pl\/wp-content\/uploads\/2025\/10\/IMG_20251002_105428-scaled.jpg 2560w, https:\/\/www.wesolyskrzat.edu.pl\/wp-content\/uploads\/2025\/10\/IMG_20251002_105428-300x300.jpg 300w, https:\/\/www.wesolyskrzat.edu.pl\/wp-content\/uploads\/2025\/10\/IMG_20251002_105428-1024x1024.jpg 1024w, https:\/\/www.wesolyskrzat.edu.pl\/wp-content\/uploads\/2025\/10\/IMG_20251002_105428-150x150.jpg 150w, https:\/\/www.wesolyskrzat.edu.pl\/wp-content\/uploads\/2025\/10\/IMG_20251002_105428-768x768.jpg 768w, https:\/\/www.wesolyskrzat.edu.pl\/wp-content\/uploads\/2025\/10\/IMG_20251002_105428-1536x1536.jpg 1536w, https:\/\/www.wesolyskrzat.edu.pl\/wp-content\/uploads\/2025\/10\/IMG_20251002_105428-2048x2048.jpg 2048w\" sizes=\"auto, (max-width: 2560px) 100vw, 2560px\" \/><\/figure>\n\n\n\n<figure class=\"wp-block-image size-full\"><img loading=\"lazy\" decoding=\"async\" width=\"2560\" height=\"2560\" data-id=\"6714\" src=\"https:\/\/www.wesolyskrzat.edu.pl\/wp-content\/uploads\/2025\/10\/IMG_20251002_105458-scaled.jpg\" alt=\"\" class=\"wp-image-6714\" srcset=\"https:\/\/www.wesolyskrzat.edu.pl\/wp-content\/uploads\/2025\/10\/IMG_20251002_105458-scaled.jpg 2560w, https:\/\/www.wesolyskrzat.edu.pl\/wp-content\/uploads\/2025\/10\/IMG_20251002_105458-300x300.jpg 300w, https:\/\/www.wesolyskrzat.edu.pl\/wp-content\/uploads\/2025\/10\/IMG_20251002_105458-1024x1024.jpg 1024w, https:\/\/www.wesolyskrzat.edu.pl\/wp-content\/uploads\/2025\/10\/IMG_20251002_105458-150x150.jpg 150w, https:\/\/www.wesolyskrzat.edu.pl\/wp-content\/uploads\/2025\/10\/IMG_20251002_105458-768x768.jpg 768w, https:\/\/www.wesolyskrzat.edu.pl\/wp-content\/uploads\/2025\/10\/IMG_20251002_105458-1536x1536.jpg 1536w, https:\/\/www.wesolyskrzat.edu.pl\/wp-content\/uploads\/2025\/10\/IMG_20251002_105458-2048x2048.jpg 2048w\" sizes=\"auto, (max-width: 2560px) 100vw, 2560px\" \/><\/figure>\n\n\n\n<figure class=\"wp-block-image size-full\"><img loading=\"lazy\" decoding=\"async\" width=\"2560\" height=\"1771\" data-id=\"6716\" src=\"https:\/\/www.wesolyskrzat.edu.pl\/wp-content\/uploads\/2025\/10\/IMG_20251002_141409-scaled.jpg\" alt=\"\" class=\"wp-image-6716\" srcset=\"https:\/\/www.wesolyskrzat.edu.pl\/wp-content\/uploads\/2025\/10\/IMG_20251002_141409-scaled.jpg 2560w, https:\/\/www.wesolyskrzat.edu.pl\/wp-content\/uploads\/2025\/10\/IMG_20251002_141409-300x207.jpg 300w, https:\/\/www.wesolyskrzat.edu.pl\/wp-content\/uploads\/2025\/10\/IMG_20251002_141409-1024x708.jpg 1024w, https:\/\/www.wesolyskrzat.edu.pl\/wp-content\/uploads\/2025\/10\/IMG_20251002_141409-768x531.jpg 768w, https:\/\/www.wesolyskrzat.edu.pl\/wp-content\/uploads\/2025\/10\/IMG_20251002_141409-1536x1062.jpg 1536w, https:\/\/www.wesolyskrzat.edu.pl\/wp-content\/uploads\/2025\/10\/IMG_20251002_141409-2048x1416.jpg 2048w\" sizes=\"auto, (max-width: 2560px) 100vw, 2560px\" \/><\/figure>\n<\/figure>\n","protected":false},"excerpt":{"rendered":"<p>2 pa\u017adziernika obchodzili\u015bmy Mi\u0119dzynarodowy Dzie\u0144 Empatii. W tym dniu dzieci aktywnie uczestniczy\u0142y w r\u00f3\u017cnych zabawach integruj\u0105cych, rozwijaj\u0105cych empati\u0119 i postaw\u0119 \u017cyczliwo\u015bci wobec innych. Krasnalki wykona\u0142y prac\u0119 plastyczn\u0105 z wykorzystaniem symbolu empatii -\u017bYRAFY&nbsp;<\/p>\n","protected":false},"author":3,"featured_media":0,"comment_status":"closed","ping_status":"open","sticky":false,"template":"","format":"standard","meta":{"footnotes":""},"categories":[46],"tags":[],"class_list":["post-6712","post","type-post","status-publish","format-standard","hentry","category-krasnale-3-latki"],"yoast_head":"<!-- This site is optimized with the Yoast SEO plugin v18.5.1 - https:\/\/yoast.com\/wordpress\/plugins\/seo\/ -->\n<title>Dzie\u0144 Empatii - Weso\u0142y Skrzat<\/title>\n<meta name=\"robots\" content=\"index, follow, max-snippet:-1, max-image-preview:large, max-video-preview:-1\" \/>\n<link rel=\"canonical\" href=\"https:\/\/www.wesolyskrzat.edu.pl\/index.php\/2025\/10\/03\/dzien-empatii-2\/\" \/>\n<meta property=\"og:locale\" content=\"pl_PL\" \/>\n<meta property=\"og:type\" content=\"article\" \/>\n<meta property=\"og:title\" content=\"Dzie\u0144 Empatii - Weso\u0142y Skrzat\" \/>\n<meta property=\"og:description\" content=\"2 pa\u017adziernika obchodzili\u015bmy Mi\u0119dzynarodowy Dzie\u0144 Empatii. W tym dniu dzieci aktywnie uczestniczy\u0142y w r\u00f3\u017cnych zabawach integruj\u0105cych, rozwijaj\u0105cych empati\u0119 i postaw\u0119 \u017cyczliwo\u015bci wobec innych. Krasnalki wykona\u0142y prac\u0119 plastyczn\u0105 z wykorzystaniem symbolu empatii -\u017bYRAFY&nbsp;\" \/>\n<meta property=\"og:url\" content=\"https:\/\/www.wesolyskrzat.edu.pl\/index.php\/2025\/10\/03\/dzien-empatii-2\/\" \/>\n<meta property=\"og:site_name\" content=\"Weso\u0142y Skrzat\" \/>\n<meta property=\"article:published_time\" content=\"2025-10-03T11:51:34+00:00\" \/>\n<meta property=\"article:modified_time\" content=\"2025-10-03T11:51:35+00:00\" \/>\n<meta property=\"og:image\" content=\"https:\/\/www.wesolyskrzat.edu.pl\/wp-content\/uploads\/2025\/10\/IMG_20251002_123827.jpg\" \/>\n<meta name=\"twitter:card\" content=\"summary_large_image\" \/>\n<meta name=\"twitter:label1\" content=\"Napisane przez\" \/>\n\t<meta name=\"twitter:data1\" content=\"Paulina Pyci\u0144ska\" \/>\n<script type=\"application\/ld+json\" class=\"yoast-schema-graph\">{\"@context\":\"https:\/\/schema.org\",\"@graph\":[{\"@type\":\"WebSite\",\"@id\":\"https:\/\/www.wesolyskrzat.edu.pl\/#website\",\"url\":\"https:\/\/www.wesolyskrzat.edu.pl\/\",\"name\":\"Weso\u0142y Skrzat\",\"description\":\"Najpi\u0119kniejsze przedszkole w Markach\",\"potentialAction\":[{\"@type\":\"SearchAction\",\"target\":{\"@type\":\"EntryPoint\",\"urlTemplate\":\"https:\/\/www.wesolyskrzat.edu.pl\/?s={search_term_string}\"},\"query-input\":\"required name=search_term_string\"}],\"inLanguage\":\"pl-PL\"},{\"@type\":\"ImageObject\",\"@id\":\"https:\/\/www.wesolyskrzat.edu.pl\/index.php\/2025\/10\/03\/dzien-empatii-2\/#primaryimage\",\"inLanguage\":\"pl-PL\",\"url\":\"https:\/\/www.wesolyskrzat.edu.pl\/wp-content\/uploads\/2025\/10\/IMG_20251002_123827.jpg\",\"contentUrl\":\"https:\/\/www.wesolyskrzat.edu.pl\/wp-content\/uploads\/2025\/10\/IMG_20251002_123827.jpg\",\"width\":1080,\"height\":1056},{\"@type\":\"WebPage\",\"@id\":\"https:\/\/www.wesolyskrzat.edu.pl\/index.php\/2025\/10\/03\/dzien-empatii-2\/#webpage\",\"url\":\"https:\/\/www.wesolyskrzat.edu.pl\/index.php\/2025\/10\/03\/dzien-empatii-2\/\",\"name\":\"Dzie\u0144 Empatii - Weso\u0142y Skrzat\",\"isPartOf\":{\"@id\":\"https:\/\/www.wesolyskrzat.edu.pl\/#website\"},\"primaryImageOfPage\":{\"@id\":\"https:\/\/www.wesolyskrzat.edu.pl\/index.php\/2025\/10\/03\/dzien-empatii-2\/#primaryimage\"},\"datePublished\":\"2025-10-03T11:51:34+00:00\",\"dateModified\":\"2025-10-03T11:51:35+00:00\",\"author\":{\"@id\":\"https:\/\/www.wesolyskrzat.edu.pl\/#\/schema\/person\/665c990d766e7b21f5731227b7d3f0f6\"},\"breadcrumb\":{\"@id\":\"https:\/\/www.wesolyskrzat.edu.pl\/index.php\/2025\/10\/03\/dzien-empatii-2\/#breadcrumb\"},\"inLanguage\":\"pl-PL\",\"potentialAction\":[{\"@type\":\"ReadAction\",\"target\":[\"https:\/\/www.wesolyskrzat.edu.pl\/index.php\/2025\/10\/03\/dzien-empatii-2\/\"]}]},{\"@type\":\"BreadcrumbList\",\"@id\":\"https:\/\/www.wesolyskrzat.edu.pl\/index.php\/2025\/10\/03\/dzien-empatii-2\/#breadcrumb\",\"itemListElement\":[{\"@type\":\"ListItem\",\"position\":1,\"name\":\"Home\",\"item\":\"https:\/\/www.wesolyskrzat.edu.pl\/\"},{\"@type\":\"ListItem\",\"position\":2,\"name\":\"Dzie\u0144 Empatii\"}]},{\"@type\":\"Person\",\"@id\":\"https:\/\/www.wesolyskrzat.edu.pl\/#\/schema\/person\/665c990d766e7b21f5731227b7d3f0f6\",\"name\":\"Paulina Pyci\u0144ska\",\"image\":{\"@type\":\"ImageObject\",\"@id\":\"https:\/\/www.wesolyskrzat.edu.pl\/#personlogo\",\"inLanguage\":\"pl-PL\",\"url\":\"https:\/\/secure.gravatar.com\/avatar\/3e43e454ecfe17681ca5008a70eb6887dad418e79fd9180caf1239bb35b78d67?s=96&d=mm&r=g\",\"contentUrl\":\"https:\/\/secure.gravatar.com\/avatar\/3e43e454ecfe17681ca5008a70eb6887dad418e79fd9180caf1239bb35b78d67?s=96&d=mm&r=g\",\"caption\":\"Paulina Pyci\u0144ska\"},\"url\":\"https:\/\/www.wesolyskrzat.edu.pl\/index.php\/author\/pycinska\/\"}]}<\/script>\n<!-- \/ Yoast SEO plugin. -->","yoast_head_json":{"title":"Dzie\u0144 Empatii - Weso\u0142y Skrzat","robots":{"index":"index","follow":"follow","max-snippet":"max-snippet:-1","max-image-preview":"max-image-preview:large","max-video-preview":"max-video-preview:-1"},"canonical":"https:\/\/www.wesolyskrzat.edu.pl\/index.php\/2025\/10\/03\/dzien-empatii-2\/","og_locale":"pl_PL","og_type":"article","og_title":"Dzie\u0144 Empatii - Weso\u0142y Skrzat","og_description":"2 pa\u017adziernika obchodzili\u015bmy Mi\u0119dzynarodowy Dzie\u0144 Empatii. W tym dniu dzieci aktywnie uczestniczy\u0142y w r\u00f3\u017cnych zabawach integruj\u0105cych, rozwijaj\u0105cych empati\u0119 i postaw\u0119 \u017cyczliwo\u015bci wobec innych. Krasnalki wykona\u0142y prac\u0119 plastyczn\u0105 z wykorzystaniem symbolu empatii -\u017bYRAFY&nbsp;","og_url":"https:\/\/www.wesolyskrzat.edu.pl\/index.php\/2025\/10\/03\/dzien-empatii-2\/","og_site_name":"Weso\u0142y Skrzat","article_published_time":"2025-10-03T11:51:34+00:00","article_modified_time":"2025-10-03T11:51:35+00:00","og_image":[{"url":"https:\/\/www.wesolyskrzat.edu.pl\/wp-content\/uploads\/2025\/10\/IMG_20251002_123827.jpg"}],"twitter_card":"summary_large_image","twitter_misc":{"Napisane przez":"Paulina Pyci\u0144ska"},"schema":{"@context":"https:\/\/schema.org","@graph":[{"@type":"WebSite","@id":"https:\/\/www.wesolyskrzat.edu.pl\/#website","url":"https:\/\/www.wesolyskrzat.edu.pl\/","name":"Weso\u0142y Skrzat","description":"Najpi\u0119kniejsze przedszkole w Markach","potentialAction":[{"@type":"SearchAction","target":{"@type":"EntryPoint","urlTemplate":"https:\/\/www.wesolyskrzat.edu.pl\/?s={search_term_string}"},"query-input":"required name=search_term_string"}],"inLanguage":"pl-PL"},{"@type":"ImageObject","@id":"https:\/\/www.wesolyskrzat.edu.pl\/index.php\/2025\/10\/03\/dzien-empatii-2\/#primaryimage","inLanguage":"pl-PL","url":"https:\/\/www.wesolyskrzat.edu.pl\/wp-content\/uploads\/2025\/10\/IMG_20251002_123827.jpg","contentUrl":"https:\/\/www.wesolyskrzat.edu.pl\/wp-content\/uploads\/2025\/10\/IMG_20251002_123827.jpg","width":1080,"height":1056},{"@type":"WebPage","@id":"https:\/\/www.wesolyskrzat.edu.pl\/index.php\/2025\/10\/03\/dzien-empatii-2\/#webpage","url":"https:\/\/www.wesolyskrzat.edu.pl\/index.php\/2025\/10\/03\/dzien-empatii-2\/","name":"Dzie\u0144 Empatii - Weso\u0142y Skrzat","isPartOf":{"@id":"https:\/\/www.wesolyskrzat.edu.pl\/#website"},"primaryImageOfPage":{"@id":"https:\/\/www.wesolyskrzat.edu.pl\/index.php\/2025\/10\/03\/dzien-empatii-2\/#primaryimage"},"datePublished":"2025-10-03T11:51:34+00:00","dateModified":"2025-10-03T11:51:35+00:00","author":{"@id":"https:\/\/www.wesolyskrzat.edu.pl\/#\/schema\/person\/665c990d766e7b21f5731227b7d3f0f6"},"breadcrumb":{"@id":"https:\/\/www.wesolyskrzat.edu.pl\/index.php\/2025\/10\/03\/dzien-empatii-2\/#breadcrumb"},"inLanguage":"pl-PL","potentialAction":[{"@type":"ReadAction","target":["https:\/\/www.wesolyskrzat.edu.pl\/index.php\/2025\/10\/03\/dzien-empatii-2\/"]}]},{"@type":"BreadcrumbList","@id":"https:\/\/www.wesolyskrzat.edu.pl\/index.php\/2025\/10\/03\/dzien-empatii-2\/#breadcrumb","itemListElement":[{"@type":"ListItem","position":1,"name":"Home","item":"https:\/\/www.wesolyskrzat.edu.pl\/"},{"@type":"ListItem","position":2,"name":"Dzie\u0144 Empatii"}]},{"@type":"Person","@id":"https:\/\/www.wesolyskrzat.edu.pl\/#\/schema\/person\/665c990d766e7b21f5731227b7d3f0f6","name":"Paulina Pyci\u0144ska","image":{"@type":"ImageObject","@id":"https:\/\/www.wesolyskrzat.edu.pl\/#personlogo","inLanguage":"pl-PL","url":"https:\/\/secure.gravatar.com\/avatar\/3e43e454ecfe17681ca5008a70eb6887dad418e79fd9180caf1239bb35b78d67?s=96&d=mm&r=g","contentUrl":"https:\/\/secure.gravatar.com\/avatar\/3e43e454ecfe17681ca5008a70eb6887dad418e79fd9180caf1239bb35b78d67?s=96&d=mm&r=g","caption":"Paulina Pyci\u0144ska"},"url":"https:\/\/www.wesolyskrzat.edu.pl\/index.php\/author\/pycinska\/"}]}},"_links":{"self":[{"href":"https:\/\/www.wesolyskrzat.edu.pl\/index.php\/wp-json\/wp\/v2\/posts\/6712","targetHints":{"allow":["GET"]}}],"collection":[{"href":"https:\/\/www.wesolyskrzat.edu.pl\/index.php\/wp-json\/wp\/v2\/posts"}],"about":[{"href":"https:\/\/www.wesolyskrzat.edu.pl\/index.php\/wp-json\/wp\/v2\/types\/post"}],"author":[{"embeddable":true,"href":"https:\/\/www.wesolyskrzat.edu.pl\/index.php\/wp-json\/wp\/v2\/users\/3"}],"replies":[{"embeddable":true,"href":"https:\/\/www.wesolyskrzat.edu.pl\/index.php\/wp-json\/wp\/v2\/comments?post=6712"}],"version-history":[{"count":1,"href":"https:\/\/www.wesolyskrzat.edu.pl\/index.php\/wp-json\/wp\/v2\/posts\/6712\/revisions"}],"predecessor-version":[{"id":6718,"href":"https:\/\/www.wesolyskrzat.edu.pl\/index.php\/wp-json\/wp\/v2\/posts\/6712\/revisions\/6718"}],"wp:attachment":[{"href":"https:\/\/www.wesolyskrzat.edu.pl\/index.php\/wp-json\/wp\/v2\/media?parent=6712"}],"wp:term":[{"taxonomy":"category","embeddable":true,"href":"https:\/\/www.wesolyskrzat.edu.pl\/index.php\/wp-json\/wp\/v2\/categories?post=6712"},{"taxonomy":"post_tag","embeddable":true,"href":"https:\/\/www.wesolyskrzat.edu.pl\/index.php\/wp-json\/wp\/v2\/tags?post=6712"}],"curies":[{"name":"wp","href":"https:\/\/api.w.org\/{rel}","templated":true}]}}