{"id":6692,"date":"2025-10-03T13:47:19","date_gmt":"2025-10-03T11:47:19","guid":{"rendered":"https:\/\/www.wesolyskrzat.edu.pl\/?p=6692"},"modified":"2025-10-03T13:48:49","modified_gmt":"2025-10-03T11:48:49","slug":"dzien-empatii","status":"publish","type":"post","link":"https:\/\/www.wesolyskrzat.edu.pl\/index.php\/2025\/10\/03\/dzien-empatii\/","title":{"rendered":"Dzie\u0144 Empatii"},"content":{"rendered":"\n<p>Dzi\u015b w grupie Smerf\u00f3w&nbsp;obchodzili\u015bmy Dzie\u0144 Empatii. Rozmawiali\u015bmy z dzie\u0107mi o tym, czym jest empatia, dlaczego warto okazywa\u0107 j\u0105 innym i w jaki spos\u00f3b mo\u017cemy by\u0107 dla siebie \u017cyczliwi na co dzie\u0144.<\/p>\n\n\n\n<p>Dzieci z rado\u015bci\u0105 dzieli\u0142y si\u0119 przyk\u0142adami empatycznych zachowa\u0144, takich jak: pomoc koledze, pocieszenie smutnego dziecka, dzielenie si\u0119 zabawk\u0105 czy wsp\u00f3lna zabawa. Wsp\u00f3lnie przeczytali\u015bmy kr\u00f3tkie informacje na temat empatii, aby lepiej zrozumie\u0107 jej znaczenie.<\/p>\n\n\n\n<p>Podczas zabaw dzieci okazywa\u0142y sobie serdeczno\u015b\u0107 \u2013 przytula\u0142y si\u0119, g\u0142aska\u0142y po ramieniu i m\u00f3wi\u0142y sobie mi\u0142e s\u0142owa. By\u0142a to pi\u0119kna okazja do praktykowania tego, o czym rozmawiali\u015bmy.<\/p>\n\n\n\n<p>Na zako\u0144czenie dzieci wykona\u0142y prac\u0119 plastyczn\u0105 zwi\u0105zan\u0105 z empati\u0105, w kt\u00f3rej mog\u0142y wyrazi\u0107 swoje emocje i pomys\u0142y na okazywanie dobra innym.<\/p>\n\n\n\n<p>Dzie\u0144 min\u0105\u0142 w serdecznej, ciep\u0142ej atmosferze. Przedszkolaki przekona\u0142y si\u0119, \u017ce ma\u0142e gesty \u017cyczliwo\u015bci maj\u0105 ogromn\u0105 moc i sprawiaj\u0105 rado\u015b\u0107 zar\u00f3wno tym, kt\u00f3rzy je otrzymuj\u0105, jak i tym, kt\u00f3rzy je okazuj\u0105.<\/p>\n\n\n\n<figure class=\"wp-block-gallery has-nested-images columns-2 is-cropped wp-block-gallery-1 is-layout-flex wp-block-gallery-is-layout-flex\">\n<figure class=\"wp-block-image size-full\"><img loading=\"lazy\" decoding=\"async\" width=\"1920\" height=\"2560\" data-id=\"6693\" src=\"https:\/\/www.wesolyskrzat.edu.pl\/wp-content\/uploads\/2025\/10\/IMG_9309-scaled.jpeg\" alt=\"\" class=\"wp-image-6693\" srcset=\"https:\/\/www.wesolyskrzat.edu.pl\/wp-content\/uploads\/2025\/10\/IMG_9309-scaled.jpeg 1920w, https:\/\/www.wesolyskrzat.edu.pl\/wp-content\/uploads\/2025\/10\/IMG_9309-225x300.jpeg 225w, https:\/\/www.wesolyskrzat.edu.pl\/wp-content\/uploads\/2025\/10\/IMG_9309-768x1024.jpeg 768w, https:\/\/www.wesolyskrzat.edu.pl\/wp-content\/uploads\/2025\/10\/IMG_9309-1152x1536.jpeg 1152w, https:\/\/www.wesolyskrzat.edu.pl\/wp-content\/uploads\/2025\/10\/IMG_9309-1536x2048.jpeg 1536w\" sizes=\"auto, (max-width: 1920px) 100vw, 1920px\" \/><\/figure>\n\n\n\n<figure class=\"wp-block-image size-full\"><img loading=\"lazy\" decoding=\"async\" width=\"1920\" height=\"2560\" data-id=\"6697\" src=\"https:\/\/www.wesolyskrzat.edu.pl\/wp-content\/uploads\/2025\/10\/IMG_9310-scaled.jpeg\" alt=\"\" class=\"wp-image-6697\" srcset=\"https:\/\/www.wesolyskrzat.edu.pl\/wp-content\/uploads\/2025\/10\/IMG_9310-scaled.jpeg 1920w, https:\/\/www.wesolyskrzat.edu.pl\/wp-content\/uploads\/2025\/10\/IMG_9310-225x300.jpeg 225w, https:\/\/www.wesolyskrzat.edu.pl\/wp-content\/uploads\/2025\/10\/IMG_9310-768x1024.jpeg 768w, https:\/\/www.wesolyskrzat.edu.pl\/wp-content\/uploads\/2025\/10\/IMG_9310-1152x1536.jpeg 1152w, https:\/\/www.wesolyskrzat.edu.pl\/wp-content\/uploads\/2025\/10\/IMG_9310-1536x2048.jpeg 1536w\" sizes=\"auto, (max-width: 1920px) 100vw, 1920px\" \/><\/figure>\n\n\n\n<figure class=\"wp-block-image size-full\"><img loading=\"lazy\" decoding=\"async\" width=\"2560\" height=\"1920\" data-id=\"6700\" src=\"https:\/\/www.wesolyskrzat.edu.pl\/wp-content\/uploads\/2025\/10\/IMG_9311-scaled.jpeg\" alt=\"\" class=\"wp-image-6700\" srcset=\"https:\/\/www.wesolyskrzat.edu.pl\/wp-content\/uploads\/2025\/10\/IMG_9311-scaled.jpeg 2560w, https:\/\/www.wesolyskrzat.edu.pl\/wp-content\/uploads\/2025\/10\/IMG_9311-300x225.jpeg 300w, https:\/\/www.wesolyskrzat.edu.pl\/wp-content\/uploads\/2025\/10\/IMG_9311-1024x768.jpeg 1024w, https:\/\/www.wesolyskrzat.edu.pl\/wp-content\/uploads\/2025\/10\/IMG_9311-768x576.jpeg 768w, https:\/\/www.wesolyskrzat.edu.pl\/wp-content\/uploads\/2025\/10\/IMG_9311-1536x1152.jpeg 1536w, https:\/\/www.wesolyskrzat.edu.pl\/wp-content\/uploads\/2025\/10\/IMG_9311-2048x1536.jpeg 2048w\" sizes=\"auto, (max-width: 2560px) 100vw, 2560px\" \/><\/figure>\n\n\n\n<figure class=\"wp-block-image size-full\"><img loading=\"lazy\" decoding=\"async\" width=\"1920\" height=\"2560\" data-id=\"6694\" src=\"https:\/\/www.wesolyskrzat.edu.pl\/wp-content\/uploads\/2025\/10\/IMG_9312-scaled.jpeg\" alt=\"\" class=\"wp-image-6694\" srcset=\"https:\/\/www.wesolyskrzat.edu.pl\/wp-content\/uploads\/2025\/10\/IMG_9312-scaled.jpeg 1920w, https:\/\/www.wesolyskrzat.edu.pl\/wp-content\/uploads\/2025\/10\/IMG_9312-225x300.jpeg 225w, https:\/\/www.wesolyskrzat.edu.pl\/wp-content\/uploads\/2025\/10\/IMG_9312-768x1024.jpeg 768w, https:\/\/www.wesolyskrzat.edu.pl\/wp-content\/uploads\/2025\/10\/IMG_9312-1152x1536.jpeg 1152w, https:\/\/www.wesolyskrzat.edu.pl\/wp-content\/uploads\/2025\/10\/IMG_9312-1536x2048.jpeg 1536w\" sizes=\"auto, (max-width: 1920px) 100vw, 1920px\" \/><\/figure>\n\n\n\n<figure class=\"wp-block-image size-full\"><img loading=\"lazy\" decoding=\"async\" width=\"1920\" height=\"2560\" data-id=\"6695\" src=\"https:\/\/www.wesolyskrzat.edu.pl\/wp-content\/uploads\/2025\/10\/IMG_9313-scaled.jpeg\" alt=\"\" class=\"wp-image-6695\" srcset=\"https:\/\/www.wesolyskrzat.edu.pl\/wp-content\/uploads\/2025\/10\/IMG_9313-scaled.jpeg 1920w, https:\/\/www.wesolyskrzat.edu.pl\/wp-content\/uploads\/2025\/10\/IMG_9313-225x300.jpeg 225w, https:\/\/www.wesolyskrzat.edu.pl\/wp-content\/uploads\/2025\/10\/IMG_9313-768x1024.jpeg 768w, https:\/\/www.wesolyskrzat.edu.pl\/wp-content\/uploads\/2025\/10\/IMG_9313-1152x1536.jpeg 1152w, https:\/\/www.wesolyskrzat.edu.pl\/wp-content\/uploads\/2025\/10\/IMG_9313-1536x2048.jpeg 1536w\" sizes=\"auto, (max-width: 1920px) 100vw, 1920px\" \/><\/figure>\n\n\n\n<figure class=\"wp-block-image size-full\"><img loading=\"lazy\" decoding=\"async\" width=\"1920\" height=\"2560\" data-id=\"6699\" src=\"https:\/\/www.wesolyskrzat.edu.pl\/wp-content\/uploads\/2025\/10\/IMG_9314-scaled.jpeg\" alt=\"\" class=\"wp-image-6699\" srcset=\"https:\/\/www.wesolyskrzat.edu.pl\/wp-content\/uploads\/2025\/10\/IMG_9314-scaled.jpeg 1920w, https:\/\/www.wesolyskrzat.edu.pl\/wp-content\/uploads\/2025\/10\/IMG_9314-225x300.jpeg 225w, https:\/\/www.wesolyskrzat.edu.pl\/wp-content\/uploads\/2025\/10\/IMG_9314-768x1024.jpeg 768w, https:\/\/www.wesolyskrzat.edu.pl\/wp-content\/uploads\/2025\/10\/IMG_9314-1152x1536.jpeg 1152w, https:\/\/www.wesolyskrzat.edu.pl\/wp-content\/uploads\/2025\/10\/IMG_9314-1536x2048.jpeg 1536w\" sizes=\"auto, (max-width: 1920px) 100vw, 1920px\" \/><\/figure>\n\n\n\n<figure class=\"wp-block-image size-full\"><img loading=\"lazy\" decoding=\"async\" width=\"1920\" height=\"2560\" data-id=\"6696\" src=\"https:\/\/www.wesolyskrzat.edu.pl\/wp-content\/uploads\/2025\/10\/IMG_9315-scaled.jpeg\" alt=\"\" class=\"wp-image-6696\" srcset=\"https:\/\/www.wesolyskrzat.edu.pl\/wp-content\/uploads\/2025\/10\/IMG_9315-scaled.jpeg 1920w, https:\/\/www.wesolyskrzat.edu.pl\/wp-content\/uploads\/2025\/10\/IMG_9315-225x300.jpeg 225w, https:\/\/www.wesolyskrzat.edu.pl\/wp-content\/uploads\/2025\/10\/IMG_9315-768x1024.jpeg 768w, https:\/\/www.wesolyskrzat.edu.pl\/wp-content\/uploads\/2025\/10\/IMG_9315-1152x1536.jpeg 1152w, https:\/\/www.wesolyskrzat.edu.pl\/wp-content\/uploads\/2025\/10\/IMG_9315-1536x2048.jpeg 1536w\" sizes=\"auto, (max-width: 1920px) 100vw, 1920px\" \/><\/figure>\n\n\n\n<figure class=\"wp-block-image size-full\"><img loading=\"lazy\" decoding=\"async\" width=\"2560\" height=\"1920\" data-id=\"6698\" src=\"https:\/\/www.wesolyskrzat.edu.pl\/wp-content\/uploads\/2025\/10\/IMG_9316-scaled.jpeg\" alt=\"\" class=\"wp-image-6698\" srcset=\"https:\/\/www.wesolyskrzat.edu.pl\/wp-content\/uploads\/2025\/10\/IMG_9316-scaled.jpeg 2560w, https:\/\/www.wesolyskrzat.edu.pl\/wp-content\/uploads\/2025\/10\/IMG_9316-300x225.jpeg 300w, https:\/\/www.wesolyskrzat.edu.pl\/wp-content\/uploads\/2025\/10\/IMG_9316-1024x768.jpeg 1024w, https:\/\/www.wesolyskrzat.edu.pl\/wp-content\/uploads\/2025\/10\/IMG_9316-768x576.jpeg 768w, https:\/\/www.wesolyskrzat.edu.pl\/wp-content\/uploads\/2025\/10\/IMG_9316-1536x1152.jpeg 1536w, https:\/\/www.wesolyskrzat.edu.pl\/wp-content\/uploads\/2025\/10\/IMG_9316-2048x1536.jpeg 2048w\" sizes=\"auto, (max-width: 2560px) 100vw, 2560px\" \/><\/figure>\n<\/figure>\n\n\n\n<figure class=\"wp-block-gallery has-nested-images columns-2 is-cropped wp-block-gallery-2 is-layout-flex wp-block-gallery-is-layout-flex\">\n<figure class=\"wp-block-image size-full\"><img loading=\"lazy\" decoding=\"async\" width=\"2560\" height=\"1920\" data-id=\"6703\" src=\"https:\/\/www.wesolyskrzat.edu.pl\/wp-content\/uploads\/2025\/10\/IMG_9317-scaled.jpeg\" alt=\"\" class=\"wp-image-6703\" srcset=\"https:\/\/www.wesolyskrzat.edu.pl\/wp-content\/uploads\/2025\/10\/IMG_9317-scaled.jpeg 2560w, https:\/\/www.wesolyskrzat.edu.pl\/wp-content\/uploads\/2025\/10\/IMG_9317-300x225.jpeg 300w, https:\/\/www.wesolyskrzat.edu.pl\/wp-content\/uploads\/2025\/10\/IMG_9317-1024x768.jpeg 1024w, https:\/\/www.wesolyskrzat.edu.pl\/wp-content\/uploads\/2025\/10\/IMG_9317-768x576.jpeg 768w, https:\/\/www.wesolyskrzat.edu.pl\/wp-content\/uploads\/2025\/10\/IMG_9317-1536x1152.jpeg 1536w, https:\/\/www.wesolyskrzat.edu.pl\/wp-content\/uploads\/2025\/10\/IMG_9317-2048x1536.jpeg 2048w\" sizes=\"auto, (max-width: 2560px) 100vw, 2560px\" \/><\/figure>\n\n\n\n<figure class=\"wp-block-image size-full\"><img loading=\"lazy\" decoding=\"async\" width=\"1920\" height=\"2560\" data-id=\"6702\" src=\"https:\/\/www.wesolyskrzat.edu.pl\/wp-content\/uploads\/2025\/10\/IMG_9318-scaled.jpeg\" alt=\"\" class=\"wp-image-6702\" srcset=\"https:\/\/www.wesolyskrzat.edu.pl\/wp-content\/uploads\/2025\/10\/IMG_9318-scaled.jpeg 1920w, https:\/\/www.wesolyskrzat.edu.pl\/wp-content\/uploads\/2025\/10\/IMG_9318-225x300.jpeg 225w, https:\/\/www.wesolyskrzat.edu.pl\/wp-content\/uploads\/2025\/10\/IMG_9318-768x1024.jpeg 768w, https:\/\/www.wesolyskrzat.edu.pl\/wp-content\/uploads\/2025\/10\/IMG_9318-1152x1536.jpeg 1152w, https:\/\/www.wesolyskrzat.edu.pl\/wp-content\/uploads\/2025\/10\/IMG_9318-1536x2048.jpeg 1536w\" sizes=\"auto, (max-width: 1920px) 100vw, 1920px\" \/><\/figure>\n\n\n\n<figure class=\"wp-block-image size-full\"><img loading=\"lazy\" decoding=\"async\" width=\"1920\" height=\"2560\" data-id=\"6704\" src=\"https:\/\/www.wesolyskrzat.edu.pl\/wp-content\/uploads\/2025\/10\/IMG_9319-scaled.jpeg\" alt=\"\" class=\"wp-image-6704\" srcset=\"https:\/\/www.wesolyskrzat.edu.pl\/wp-content\/uploads\/2025\/10\/IMG_9319-scaled.jpeg 1920w, https:\/\/www.wesolyskrzat.edu.pl\/wp-content\/uploads\/2025\/10\/IMG_9319-225x300.jpeg 225w, https:\/\/www.wesolyskrzat.edu.pl\/wp-content\/uploads\/2025\/10\/IMG_9319-768x1024.jpeg 768w, https:\/\/www.wesolyskrzat.edu.pl\/wp-content\/uploads\/2025\/10\/IMG_9319-1152x1536.jpeg 1152w, https:\/\/www.wesolyskrzat.edu.pl\/wp-content\/uploads\/2025\/10\/IMG_9319-1536x2048.jpeg 1536w\" sizes=\"auto, (max-width: 1920px) 100vw, 1920px\" \/><\/figure>\n\n\n\n<figure class=\"wp-block-image size-full\"><img loading=\"lazy\" decoding=\"async\" width=\"1920\" height=\"2560\" data-id=\"6706\" src=\"https:\/\/www.wesolyskrzat.edu.pl\/wp-content\/uploads\/2025\/10\/IMG_9320-scaled.jpeg\" alt=\"\" class=\"wp-image-6706\" srcset=\"https:\/\/www.wesolyskrzat.edu.pl\/wp-content\/uploads\/2025\/10\/IMG_9320-scaled.jpeg 1920w, https:\/\/www.wesolyskrzat.edu.pl\/wp-content\/uploads\/2025\/10\/IMG_9320-225x300.jpeg 225w, https:\/\/www.wesolyskrzat.edu.pl\/wp-content\/uploads\/2025\/10\/IMG_9320-768x1024.jpeg 768w, https:\/\/www.wesolyskrzat.edu.pl\/wp-content\/uploads\/2025\/10\/IMG_9320-1152x1536.jpeg 1152w, https:\/\/www.wesolyskrzat.edu.pl\/wp-content\/uploads\/2025\/10\/IMG_9320-1536x2048.jpeg 1536w\" sizes=\"auto, (max-width: 1920px) 100vw, 1920px\" \/><\/figure>\n\n\n\n<figure class=\"wp-block-image size-full\"><img loading=\"lazy\" decoding=\"async\" width=\"2560\" height=\"1920\" data-id=\"6705\" src=\"https:\/\/www.wesolyskrzat.edu.pl\/wp-content\/uploads\/2025\/10\/IMG_9321-scaled.jpeg\" alt=\"\" class=\"wp-image-6705\" srcset=\"https:\/\/www.wesolyskrzat.edu.pl\/wp-content\/uploads\/2025\/10\/IMG_9321-scaled.jpeg 2560w, https:\/\/www.wesolyskrzat.edu.pl\/wp-content\/uploads\/2025\/10\/IMG_9321-300x225.jpeg 300w, https:\/\/www.wesolyskrzat.edu.pl\/wp-content\/uploads\/2025\/10\/IMG_9321-1024x768.jpeg 1024w, https:\/\/www.wesolyskrzat.edu.pl\/wp-content\/uploads\/2025\/10\/IMG_9321-768x576.jpeg 768w, https:\/\/www.wesolyskrzat.edu.pl\/wp-content\/uploads\/2025\/10\/IMG_9321-1536x1152.jpeg 1536w, https:\/\/www.wesolyskrzat.edu.pl\/wp-content\/uploads\/2025\/10\/IMG_9321-2048x1536.jpeg 2048w\" sizes=\"auto, (max-width: 2560px) 100vw, 2560px\" \/><\/figure>\n\n\n\n<figure class=\"wp-block-image size-full\"><img loading=\"lazy\" decoding=\"async\" width=\"1920\" height=\"2560\" data-id=\"6707\" src=\"https:\/\/www.wesolyskrzat.edu.pl\/wp-content\/uploads\/2025\/10\/IMG_9322-scaled.jpeg\" alt=\"\" class=\"wp-image-6707\" srcset=\"https:\/\/www.wesolyskrzat.edu.pl\/wp-content\/uploads\/2025\/10\/IMG_9322-scaled.jpeg 1920w, https:\/\/www.wesolyskrzat.edu.pl\/wp-content\/uploads\/2025\/10\/IMG_9322-225x300.jpeg 225w, https:\/\/www.wesolyskrzat.edu.pl\/wp-content\/uploads\/2025\/10\/IMG_9322-768x1024.jpeg 768w, https:\/\/www.wesolyskrzat.edu.pl\/wp-content\/uploads\/2025\/10\/IMG_9322-1152x1536.jpeg 1152w, https:\/\/www.wesolyskrzat.edu.pl\/wp-content\/uploads\/2025\/10\/IMG_9322-1536x2048.jpeg 1536w\" sizes=\"auto, (max-width: 1920px) 100vw, 1920px\" \/><\/figure>\n\n\n\n<figure class=\"wp-block-image size-full\"><img loading=\"lazy\" decoding=\"async\" width=\"1920\" height=\"2560\" data-id=\"6709\" src=\"https:\/\/www.wesolyskrzat.edu.pl\/wp-content\/uploads\/2025\/10\/IMG_9323-scaled.jpeg\" alt=\"\" class=\"wp-image-6709\" srcset=\"https:\/\/www.wesolyskrzat.edu.pl\/wp-content\/uploads\/2025\/10\/IMG_9323-scaled.jpeg 1920w, https:\/\/www.wesolyskrzat.edu.pl\/wp-content\/uploads\/2025\/10\/IMG_9323-225x300.jpeg 225w, https:\/\/www.wesolyskrzat.edu.pl\/wp-content\/uploads\/2025\/10\/IMG_9323-768x1024.jpeg 768w, https:\/\/www.wesolyskrzat.edu.pl\/wp-content\/uploads\/2025\/10\/IMG_9323-1152x1536.jpeg 1152w, https:\/\/www.wesolyskrzat.edu.pl\/wp-content\/uploads\/2025\/10\/IMG_9323-1536x2048.jpeg 1536w\" sizes=\"auto, (max-width: 1920px) 100vw, 1920px\" \/><\/figure>\n\n\n\n<figure class=\"wp-block-image size-full\"><img loading=\"lazy\" decoding=\"async\" width=\"1920\" height=\"2560\" data-id=\"6708\" src=\"https:\/\/www.wesolyskrzat.edu.pl\/wp-content\/uploads\/2025\/10\/IMG_9324-scaled.jpeg\" alt=\"\" class=\"wp-image-6708\" srcset=\"https:\/\/www.wesolyskrzat.edu.pl\/wp-content\/uploads\/2025\/10\/IMG_9324-scaled.jpeg 1920w, https:\/\/www.wesolyskrzat.edu.pl\/wp-content\/uploads\/2025\/10\/IMG_9324-225x300.jpeg 225w, https:\/\/www.wesolyskrzat.edu.pl\/wp-content\/uploads\/2025\/10\/IMG_9324-768x1024.jpeg 768w, https:\/\/www.wesolyskrzat.edu.pl\/wp-content\/uploads\/2025\/10\/IMG_9324-1152x1536.jpeg 1152w, https:\/\/www.wesolyskrzat.edu.pl\/wp-content\/uploads\/2025\/10\/IMG_9324-1536x2048.jpeg 1536w\" sizes=\"auto, (max-width: 1920px) 100vw, 1920px\" \/><\/figure>\n<\/figure>\n","protected":false},"excerpt":{"rendered":"<p>Dzi\u015b w grupie Smerf\u00f3w&nbsp;obchodzili\u015bmy Dzie\u0144 Empatii. Rozmawiali\u015bmy z dzie\u0107mi o tym, czym jest empatia, dlaczego warto okazywa\u0107 j\u0105 innym i w jaki spos\u00f3b mo\u017cemy by\u0107 dla siebie \u017cyczliwi na co dzie\u0144. Dzieci z rado\u015bci\u0105 dzieli\u0142y si\u0119 przyk\u0142adami empatycznych zachowa\u0144, takich jak: pomoc koledze, pocieszenie smutnego dziecka, dzielenie si\u0119 zabawk\u0105 czy wsp\u00f3lna zabawa. Wsp\u00f3lnie przeczytali\u015bmy kr\u00f3tkie [&hellip;]<\/p>\n","protected":false},"author":3,"featured_media":0,"comment_status":"closed","ping_status":"open","sticky":false,"template":"","format":"standard","meta":{"footnotes":""},"categories":[47],"tags":[],"class_list":["post-6692","post","type-post","status-publish","format-standard","hentry","category-smerfy-4-latki"],"yoast_head":"<!-- This site is optimized with the Yoast SEO plugin v18.5.1 - https:\/\/yoast.com\/wordpress\/plugins\/seo\/ -->\n<title>Dzie\u0144 Empatii - Weso\u0142y Skrzat<\/title>\n<meta name=\"robots\" content=\"index, follow, max-snippet:-1, max-image-preview:large, max-video-preview:-1\" \/>\n<link rel=\"canonical\" href=\"https:\/\/www.wesolyskrzat.edu.pl\/index.php\/2025\/10\/03\/dzien-empatii\/\" \/>\n<meta property=\"og:locale\" content=\"pl_PL\" \/>\n<meta property=\"og:type\" content=\"article\" \/>\n<meta property=\"og:title\" content=\"Dzie\u0144 Empatii - Weso\u0142y Skrzat\" \/>\n<meta property=\"og:description\" content=\"Dzi\u015b w grupie Smerf\u00f3w&nbsp;obchodzili\u015bmy Dzie\u0144 Empatii. Rozmawiali\u015bmy z dzie\u0107mi o tym, czym jest empatia, dlaczego warto okazywa\u0107 j\u0105 innym i w jaki spos\u00f3b mo\u017cemy by\u0107 dla siebie \u017cyczliwi na co dzie\u0144. Dzieci z rado\u015bci\u0105 dzieli\u0142y si\u0119 przyk\u0142adami empatycznych zachowa\u0144, takich jak: pomoc koledze, pocieszenie smutnego dziecka, dzielenie si\u0119 zabawk\u0105 czy wsp\u00f3lna zabawa. Wsp\u00f3lnie przeczytali\u015bmy kr\u00f3tkie [&hellip;]\" \/>\n<meta property=\"og:url\" content=\"https:\/\/www.wesolyskrzat.edu.pl\/index.php\/2025\/10\/03\/dzien-empatii\/\" \/>\n<meta property=\"og:site_name\" content=\"Weso\u0142y Skrzat\" \/>\n<meta property=\"article:published_time\" content=\"2025-10-03T11:47:19+00:00\" \/>\n<meta property=\"article:modified_time\" content=\"2025-10-03T11:48:49+00:00\" \/>\n<meta property=\"og:image\" content=\"https:\/\/www.wesolyskrzat.edu.pl\/wp-content\/uploads\/2025\/10\/IMG_9309-scaled.jpeg\" \/>\n<meta name=\"twitter:card\" content=\"summary_large_image\" \/>\n<meta name=\"twitter:label1\" content=\"Napisane przez\" \/>\n\t<meta name=\"twitter:data1\" content=\"Paulina Pyci\u0144ska\" \/>\n\t<meta name=\"twitter:label2\" content=\"Szacowany czas czytania\" \/>\n\t<meta name=\"twitter:data2\" content=\"1 minuta\" \/>\n<script type=\"application\/ld+json\" class=\"yoast-schema-graph\">{\"@context\":\"https:\/\/schema.org\",\"@graph\":[{\"@type\":\"WebSite\",\"@id\":\"https:\/\/www.wesolyskrzat.edu.pl\/#website\",\"url\":\"https:\/\/www.wesolyskrzat.edu.pl\/\",\"name\":\"Weso\u0142y Skrzat\",\"description\":\"Najpi\u0119kniejsze przedszkole w Markach\",\"potentialAction\":[{\"@type\":\"SearchAction\",\"target\":{\"@type\":\"EntryPoint\",\"urlTemplate\":\"https:\/\/www.wesolyskrzat.edu.pl\/?s={search_term_string}\"},\"query-input\":\"required name=search_term_string\"}],\"inLanguage\":\"pl-PL\"},{\"@type\":\"ImageObject\",\"@id\":\"https:\/\/www.wesolyskrzat.edu.pl\/index.php\/2025\/10\/03\/dzien-empatii\/#primaryimage\",\"inLanguage\":\"pl-PL\",\"url\":\"https:\/\/www.wesolyskrzat.edu.pl\/wp-content\/uploads\/2025\/10\/IMG_9309-scaled.jpeg\",\"contentUrl\":\"https:\/\/www.wesolyskrzat.edu.pl\/wp-content\/uploads\/2025\/10\/IMG_9309-scaled.jpeg\",\"width\":1920,\"height\":2560},{\"@type\":\"WebPage\",\"@id\":\"https:\/\/www.wesolyskrzat.edu.pl\/index.php\/2025\/10\/03\/dzien-empatii\/#webpage\",\"url\":\"https:\/\/www.wesolyskrzat.edu.pl\/index.php\/2025\/10\/03\/dzien-empatii\/\",\"name\":\"Dzie\u0144 Empatii - Weso\u0142y Skrzat\",\"isPartOf\":{\"@id\":\"https:\/\/www.wesolyskrzat.edu.pl\/#website\"},\"primaryImageOfPage\":{\"@id\":\"https:\/\/www.wesolyskrzat.edu.pl\/index.php\/2025\/10\/03\/dzien-empatii\/#primaryimage\"},\"datePublished\":\"2025-10-03T11:47:19+00:00\",\"dateModified\":\"2025-10-03T11:48:49+00:00\",\"author\":{\"@id\":\"https:\/\/www.wesolyskrzat.edu.pl\/#\/schema\/person\/665c990d766e7b21f5731227b7d3f0f6\"},\"breadcrumb\":{\"@id\":\"https:\/\/www.wesolyskrzat.edu.pl\/index.php\/2025\/10\/03\/dzien-empatii\/#breadcrumb\"},\"inLanguage\":\"pl-PL\",\"potentialAction\":[{\"@type\":\"ReadAction\",\"target\":[\"https:\/\/www.wesolyskrzat.edu.pl\/index.php\/2025\/10\/03\/dzien-empatii\/\"]}]},{\"@type\":\"BreadcrumbList\",\"@id\":\"https:\/\/www.wesolyskrzat.edu.pl\/index.php\/2025\/10\/03\/dzien-empatii\/#breadcrumb\",\"itemListElement\":[{\"@type\":\"ListItem\",\"position\":1,\"name\":\"Home\",\"item\":\"https:\/\/www.wesolyskrzat.edu.pl\/\"},{\"@type\":\"ListItem\",\"position\":2,\"name\":\"Dzie\u0144 Empatii\"}]},{\"@type\":\"Person\",\"@id\":\"https:\/\/www.wesolyskrzat.edu.pl\/#\/schema\/person\/665c990d766e7b21f5731227b7d3f0f6\",\"name\":\"Paulina Pyci\u0144ska\",\"image\":{\"@type\":\"ImageObject\",\"@id\":\"https:\/\/www.wesolyskrzat.edu.pl\/#personlogo\",\"inLanguage\":\"pl-PL\",\"url\":\"https:\/\/secure.gravatar.com\/avatar\/3e43e454ecfe17681ca5008a70eb6887dad418e79fd9180caf1239bb35b78d67?s=96&d=mm&r=g\",\"contentUrl\":\"https:\/\/secure.gravatar.com\/avatar\/3e43e454ecfe17681ca5008a70eb6887dad418e79fd9180caf1239bb35b78d67?s=96&d=mm&r=g\",\"caption\":\"Paulina Pyci\u0144ska\"},\"url\":\"https:\/\/www.wesolyskrzat.edu.pl\/index.php\/author\/pycinska\/\"}]}<\/script>\n<!-- \/ Yoast SEO plugin. -->","yoast_head_json":{"title":"Dzie\u0144 Empatii - Weso\u0142y Skrzat","robots":{"index":"index","follow":"follow","max-snippet":"max-snippet:-1","max-image-preview":"max-image-preview:large","max-video-preview":"max-video-preview:-1"},"canonical":"https:\/\/www.wesolyskrzat.edu.pl\/index.php\/2025\/10\/03\/dzien-empatii\/","og_locale":"pl_PL","og_type":"article","og_title":"Dzie\u0144 Empatii - Weso\u0142y Skrzat","og_description":"Dzi\u015b w grupie Smerf\u00f3w&nbsp;obchodzili\u015bmy Dzie\u0144 Empatii. Rozmawiali\u015bmy z dzie\u0107mi o tym, czym jest empatia, dlaczego warto okazywa\u0107 j\u0105 innym i w jaki spos\u00f3b mo\u017cemy by\u0107 dla siebie \u017cyczliwi na co dzie\u0144. Dzieci z rado\u015bci\u0105 dzieli\u0142y si\u0119 przyk\u0142adami empatycznych zachowa\u0144, takich jak: pomoc koledze, pocieszenie smutnego dziecka, dzielenie si\u0119 zabawk\u0105 czy wsp\u00f3lna zabawa. Wsp\u00f3lnie przeczytali\u015bmy kr\u00f3tkie [&hellip;]","og_url":"https:\/\/www.wesolyskrzat.edu.pl\/index.php\/2025\/10\/03\/dzien-empatii\/","og_site_name":"Weso\u0142y Skrzat","article_published_time":"2025-10-03T11:47:19+00:00","article_modified_time":"2025-10-03T11:48:49+00:00","og_image":[{"url":"https:\/\/www.wesolyskrzat.edu.pl\/wp-content\/uploads\/2025\/10\/IMG_9309-scaled.jpeg"}],"twitter_card":"summary_large_image","twitter_misc":{"Napisane przez":"Paulina Pyci\u0144ska","Szacowany czas czytania":"1 minuta"},"schema":{"@context":"https:\/\/schema.org","@graph":[{"@type":"WebSite","@id":"https:\/\/www.wesolyskrzat.edu.pl\/#website","url":"https:\/\/www.wesolyskrzat.edu.pl\/","name":"Weso\u0142y Skrzat","description":"Najpi\u0119kniejsze przedszkole w Markach","potentialAction":[{"@type":"SearchAction","target":{"@type":"EntryPoint","urlTemplate":"https:\/\/www.wesolyskrzat.edu.pl\/?s={search_term_string}"},"query-input":"required name=search_term_string"}],"inLanguage":"pl-PL"},{"@type":"ImageObject","@id":"https:\/\/www.wesolyskrzat.edu.pl\/index.php\/2025\/10\/03\/dzien-empatii\/#primaryimage","inLanguage":"pl-PL","url":"https:\/\/www.wesolyskrzat.edu.pl\/wp-content\/uploads\/2025\/10\/IMG_9309-scaled.jpeg","contentUrl":"https:\/\/www.wesolyskrzat.edu.pl\/wp-content\/uploads\/2025\/10\/IMG_9309-scaled.jpeg","width":1920,"height":2560},{"@type":"WebPage","@id":"https:\/\/www.wesolyskrzat.edu.pl\/index.php\/2025\/10\/03\/dzien-empatii\/#webpage","url":"https:\/\/www.wesolyskrzat.edu.pl\/index.php\/2025\/10\/03\/dzien-empatii\/","name":"Dzie\u0144 Empatii - Weso\u0142y Skrzat","isPartOf":{"@id":"https:\/\/www.wesolyskrzat.edu.pl\/#website"},"primaryImageOfPage":{"@id":"https:\/\/www.wesolyskrzat.edu.pl\/index.php\/2025\/10\/03\/dzien-empatii\/#primaryimage"},"datePublished":"2025-10-03T11:47:19+00:00","dateModified":"2025-10-03T11:48:49+00:00","author":{"@id":"https:\/\/www.wesolyskrzat.edu.pl\/#\/schema\/person\/665c990d766e7b21f5731227b7d3f0f6"},"breadcrumb":{"@id":"https:\/\/www.wesolyskrzat.edu.pl\/index.php\/2025\/10\/03\/dzien-empatii\/#breadcrumb"},"inLanguage":"pl-PL","potentialAction":[{"@type":"ReadAction","target":["https:\/\/www.wesolyskrzat.edu.pl\/index.php\/2025\/10\/03\/dzien-empatii\/"]}]},{"@type":"BreadcrumbList","@id":"https:\/\/www.wesolyskrzat.edu.pl\/index.php\/2025\/10\/03\/dzien-empatii\/#breadcrumb","itemListElement":[{"@type":"ListItem","position":1,"name":"Home","item":"https:\/\/www.wesolyskrzat.edu.pl\/"},{"@type":"ListItem","position":2,"name":"Dzie\u0144 Empatii"}]},{"@type":"Person","@id":"https:\/\/www.wesolyskrzat.edu.pl\/#\/schema\/person\/665c990d766e7b21f5731227b7d3f0f6","name":"Paulina Pyci\u0144ska","image":{"@type":"ImageObject","@id":"https:\/\/www.wesolyskrzat.edu.pl\/#personlogo","inLanguage":"pl-PL","url":"https:\/\/secure.gravatar.com\/avatar\/3e43e454ecfe17681ca5008a70eb6887dad418e79fd9180caf1239bb35b78d67?s=96&d=mm&r=g","contentUrl":"https:\/\/secure.gravatar.com\/avatar\/3e43e454ecfe17681ca5008a70eb6887dad418e79fd9180caf1239bb35b78d67?s=96&d=mm&r=g","caption":"Paulina Pyci\u0144ska"},"url":"https:\/\/www.wesolyskrzat.edu.pl\/index.php\/author\/pycinska\/"}]}},"_links":{"self":[{"href":"https:\/\/www.wesolyskrzat.edu.pl\/index.php\/wp-json\/wp\/v2\/posts\/6692","targetHints":{"allow":["GET"]}}],"collection":[{"href":"https:\/\/www.wesolyskrzat.edu.pl\/index.php\/wp-json\/wp\/v2\/posts"}],"about":[{"href":"https:\/\/www.wesolyskrzat.edu.pl\/index.php\/wp-json\/wp\/v2\/types\/post"}],"author":[{"embeddable":true,"href":"https:\/\/www.wesolyskrzat.edu.pl\/index.php\/wp-json\/wp\/v2\/users\/3"}],"replies":[{"embeddable":true,"href":"https:\/\/www.wesolyskrzat.edu.pl\/index.php\/wp-json\/wp\/v2\/comments?post=6692"}],"version-history":[{"count":2,"href":"https:\/\/www.wesolyskrzat.edu.pl\/index.php\/wp-json\/wp\/v2\/posts\/6692\/revisions"}],"predecessor-version":[{"id":6711,"href":"https:\/\/www.wesolyskrzat.edu.pl\/index.php\/wp-json\/wp\/v2\/posts\/6692\/revisions\/6711"}],"wp:attachment":[{"href":"https:\/\/www.wesolyskrzat.edu.pl\/index.php\/wp-json\/wp\/v2\/media?parent=6692"}],"wp:term":[{"taxonomy":"category","embeddable":true,"href":"https:\/\/www.wesolyskrzat.edu.pl\/index.php\/wp-json\/wp\/v2\/categories?post=6692"},{"taxonomy":"post_tag","embeddable":true,"href":"https:\/\/www.wesolyskrzat.edu.pl\/index.php\/wp-json\/wp\/v2\/tags?post=6692"}],"curies":[{"name":"wp","href":"https:\/\/api.w.org\/{rel}","templated":true}]}}