{"id":6681,"date":"2025-10-03T13:42:55","date_gmt":"2025-10-03T11:42:55","guid":{"rendered":"https:\/\/www.wesolyskrzat.edu.pl\/?p=6681"},"modified":"2025-10-03T13:42:56","modified_gmt":"2025-10-03T11:42:56","slug":"salatka-owocowa-2","status":"publish","type":"post","link":"https:\/\/www.wesolyskrzat.edu.pl\/index.php\/2025\/10\/03\/salatka-owocowa-2\/","title":{"rendered":"Sa\u0142atka owocowa"},"content":{"rendered":"\n<p>Dzieci z Grupy \u201eKrasnalki&#8221; przy pomocy pa\u0144 przygotowa\u0142y pyszn\u0105 sa\u0142atk\u0119 owocow\u0105.<\/p>\n\n\n\n<p>Taka witaminowa sa\u0142atka jest alternatyw\u0105 dla s\u0142odyczy, kt\u00f3re tak bardzo lubimy.<\/p>\n\n\n\n<p>Przed przyst\u0105pieniem do pracy, dzieci dok\u0142adnie umy\u0142y r\u0119ce pami\u0119taj\u0105c o zasadach higieny.<\/p>\n\n\n\n<p>Przedszkolaki pokaza\u0142y, \u017ce potrafi\u0105 bezpiecznie pos\u0142ugiwa\u0107 si\u0119 no\u017cem (drewniany)podczas krojenia owoc\u00f3w na kawa\u0142ki.<\/p>\n\n\n\n<p>Degustacja sa\u0142atki by\u0142a bardzo przyjemna .<\/p>\n\n\n\n<p>Dzieciom wyj\u0105tkowo smakowa\u0142y owoce w takiej postaci, tym bardziej, \u017ce by\u0142 to efekt ich pracy.<\/p>\n\n\n\n<figure class=\"wp-block-gallery has-nested-images columns-2 is-cropped wp-block-gallery-1 is-layout-flex wp-block-gallery-is-layout-flex\">\n<figure class=\"wp-block-image size-full\"><img loading=\"lazy\" decoding=\"async\" width=\"2560\" height=\"2560\" data-id=\"6688\" src=\"https:\/\/www.wesolyskrzat.edu.pl\/wp-content\/uploads\/2025\/10\/IMG_20250929_125024-scaled.jpg\" alt=\"\" class=\"wp-image-6688\" srcset=\"https:\/\/www.wesolyskrzat.edu.pl\/wp-content\/uploads\/2025\/10\/IMG_20250929_125024-scaled.jpg 2560w, https:\/\/www.wesolyskrzat.edu.pl\/wp-content\/uploads\/2025\/10\/IMG_20250929_125024-300x300.jpg 300w, https:\/\/www.wesolyskrzat.edu.pl\/wp-content\/uploads\/2025\/10\/IMG_20250929_125024-1024x1024.jpg 1024w, https:\/\/www.wesolyskrzat.edu.pl\/wp-content\/uploads\/2025\/10\/IMG_20250929_125024-150x150.jpg 150w, https:\/\/www.wesolyskrzat.edu.pl\/wp-content\/uploads\/2025\/10\/IMG_20250929_125024-768x768.jpg 768w, https:\/\/www.wesolyskrzat.edu.pl\/wp-content\/uploads\/2025\/10\/IMG_20250929_125024-1536x1536.jpg 1536w, https:\/\/www.wesolyskrzat.edu.pl\/wp-content\/uploads\/2025\/10\/IMG_20250929_125024-2048x2048.jpg 2048w\" sizes=\"auto, (max-width: 2560px) 100vw, 2560px\" \/><\/figure>\n\n\n\n<figure class=\"wp-block-image size-full\"><img loading=\"lazy\" decoding=\"async\" width=\"2560\" height=\"2560\" data-id=\"6689\" src=\"https:\/\/www.wesolyskrzat.edu.pl\/wp-content\/uploads\/2025\/10\/IMG_20250929_125145-scaled.jpg\" alt=\"\" class=\"wp-image-6689\" srcset=\"https:\/\/www.wesolyskrzat.edu.pl\/wp-content\/uploads\/2025\/10\/IMG_20250929_125145-scaled.jpg 2560w, https:\/\/www.wesolyskrzat.edu.pl\/wp-content\/uploads\/2025\/10\/IMG_20250929_125145-300x300.jpg 300w, https:\/\/www.wesolyskrzat.edu.pl\/wp-content\/uploads\/2025\/10\/IMG_20250929_125145-1024x1024.jpg 1024w, https:\/\/www.wesolyskrzat.edu.pl\/wp-content\/uploads\/2025\/10\/IMG_20250929_125145-150x150.jpg 150w, https:\/\/www.wesolyskrzat.edu.pl\/wp-content\/uploads\/2025\/10\/IMG_20250929_125145-768x768.jpg 768w, https:\/\/www.wesolyskrzat.edu.pl\/wp-content\/uploads\/2025\/10\/IMG_20250929_125145-1536x1536.jpg 1536w, https:\/\/www.wesolyskrzat.edu.pl\/wp-content\/uploads\/2025\/10\/IMG_20250929_125145-2048x2048.jpg 2048w\" sizes=\"auto, (max-width: 2560px) 100vw, 2560px\" \/><\/figure>\n\n\n\n<figure class=\"wp-block-image size-full\"><img loading=\"lazy\" decoding=\"async\" width=\"2560\" height=\"2560\" data-id=\"6690\" src=\"https:\/\/www.wesolyskrzat.edu.pl\/wp-content\/uploads\/2025\/10\/IMG_20250929_140304-scaled.jpg\" alt=\"\" class=\"wp-image-6690\" srcset=\"https:\/\/www.wesolyskrzat.edu.pl\/wp-content\/uploads\/2025\/10\/IMG_20250929_140304-scaled.jpg 2560w, https:\/\/www.wesolyskrzat.edu.pl\/wp-content\/uploads\/2025\/10\/IMG_20250929_140304-300x300.jpg 300w, https:\/\/www.wesolyskrzat.edu.pl\/wp-content\/uploads\/2025\/10\/IMG_20250929_140304-1024x1024.jpg 1024w, https:\/\/www.wesolyskrzat.edu.pl\/wp-content\/uploads\/2025\/10\/IMG_20250929_140304-150x150.jpg 150w, https:\/\/www.wesolyskrzat.edu.pl\/wp-content\/uploads\/2025\/10\/IMG_20250929_140304-768x768.jpg 768w, https:\/\/www.wesolyskrzat.edu.pl\/wp-content\/uploads\/2025\/10\/IMG_20250929_140304-1536x1536.jpg 1536w, https:\/\/www.wesolyskrzat.edu.pl\/wp-content\/uploads\/2025\/10\/IMG_20250929_140304-2048x2048.jpg 2048w\" sizes=\"auto, (max-width: 2560px) 100vw, 2560px\" \/><\/figure>\n\n\n\n<figure class=\"wp-block-image size-full\"><img loading=\"lazy\" decoding=\"async\" width=\"2560\" height=\"2560\" data-id=\"6686\" src=\"https:\/\/www.wesolyskrzat.edu.pl\/wp-content\/uploads\/2025\/10\/IMG_20250929_103228-scaled.jpg\" alt=\"\" class=\"wp-image-6686\" srcset=\"https:\/\/www.wesolyskrzat.edu.pl\/wp-content\/uploads\/2025\/10\/IMG_20250929_103228-scaled.jpg 2560w, https:\/\/www.wesolyskrzat.edu.pl\/wp-content\/uploads\/2025\/10\/IMG_20250929_103228-300x300.jpg 300w, https:\/\/www.wesolyskrzat.edu.pl\/wp-content\/uploads\/2025\/10\/IMG_20250929_103228-1024x1024.jpg 1024w, https:\/\/www.wesolyskrzat.edu.pl\/wp-content\/uploads\/2025\/10\/IMG_20250929_103228-150x150.jpg 150w, https:\/\/www.wesolyskrzat.edu.pl\/wp-content\/uploads\/2025\/10\/IMG_20250929_103228-768x768.jpg 768w, https:\/\/www.wesolyskrzat.edu.pl\/wp-content\/uploads\/2025\/10\/IMG_20250929_103228-1536x1536.jpg 1536w, https:\/\/www.wesolyskrzat.edu.pl\/wp-content\/uploads\/2025\/10\/IMG_20250929_103228-2048x2048.jpg 2048w\" sizes=\"auto, (max-width: 2560px) 100vw, 2560px\" \/><\/figure>\n\n\n\n<figure class=\"wp-block-image size-full\"><img loading=\"lazy\" decoding=\"async\" width=\"2560\" height=\"2560\" data-id=\"6685\" src=\"https:\/\/www.wesolyskrzat.edu.pl\/wp-content\/uploads\/2025\/10\/IMG_20250929_103322-scaled.jpg\" alt=\"\" class=\"wp-image-6685\" srcset=\"https:\/\/www.wesolyskrzat.edu.pl\/wp-content\/uploads\/2025\/10\/IMG_20250929_103322-scaled.jpg 2560w, https:\/\/www.wesolyskrzat.edu.pl\/wp-content\/uploads\/2025\/10\/IMG_20250929_103322-300x300.jpg 300w, https:\/\/www.wesolyskrzat.edu.pl\/wp-content\/uploads\/2025\/10\/IMG_20250929_103322-1024x1024.jpg 1024w, https:\/\/www.wesolyskrzat.edu.pl\/wp-content\/uploads\/2025\/10\/IMG_20250929_103322-150x150.jpg 150w, https:\/\/www.wesolyskrzat.edu.pl\/wp-content\/uploads\/2025\/10\/IMG_20250929_103322-768x768.jpg 768w, https:\/\/www.wesolyskrzat.edu.pl\/wp-content\/uploads\/2025\/10\/IMG_20250929_103322-1536x1536.jpg 1536w, https:\/\/www.wesolyskrzat.edu.pl\/wp-content\/uploads\/2025\/10\/IMG_20250929_103322-2048x2048.jpg 2048w\" sizes=\"auto, (max-width: 2560px) 100vw, 2560px\" \/><\/figure>\n\n\n\n<figure class=\"wp-block-image size-full\"><img loading=\"lazy\" decoding=\"async\" width=\"2560\" height=\"2560\" data-id=\"6687\" src=\"https:\/\/www.wesolyskrzat.edu.pl\/wp-content\/uploads\/2025\/10\/IMG_20250929_103533-scaled.jpg\" alt=\"\" class=\"wp-image-6687\" srcset=\"https:\/\/www.wesolyskrzat.edu.pl\/wp-content\/uploads\/2025\/10\/IMG_20250929_103533-scaled.jpg 2560w, https:\/\/www.wesolyskrzat.edu.pl\/wp-content\/uploads\/2025\/10\/IMG_20250929_103533-300x300.jpg 300w, https:\/\/www.wesolyskrzat.edu.pl\/wp-content\/uploads\/2025\/10\/IMG_20250929_103533-1024x1024.jpg 1024w, https:\/\/www.wesolyskrzat.edu.pl\/wp-content\/uploads\/2025\/10\/IMG_20250929_103533-150x150.jpg 150w, https:\/\/www.wesolyskrzat.edu.pl\/wp-content\/uploads\/2025\/10\/IMG_20250929_103533-768x768.jpg 768w, https:\/\/www.wesolyskrzat.edu.pl\/wp-content\/uploads\/2025\/10\/IMG_20250929_103533-1536x1536.jpg 1536w, https:\/\/www.wesolyskrzat.edu.pl\/wp-content\/uploads\/2025\/10\/IMG_20250929_103533-2048x2048.jpg 2048w\" sizes=\"auto, (max-width: 2560px) 100vw, 2560px\" \/><\/figure>\n\n\n\n<figure class=\"wp-block-image size-full\"><img loading=\"lazy\" decoding=\"async\" width=\"2560\" height=\"2560\" data-id=\"6684\" src=\"https:\/\/www.wesolyskrzat.edu.pl\/wp-content\/uploads\/2025\/10\/IMG_20250929_103554-scaled.jpg\" alt=\"\" class=\"wp-image-6684\" srcset=\"https:\/\/www.wesolyskrzat.edu.pl\/wp-content\/uploads\/2025\/10\/IMG_20250929_103554-scaled.jpg 2560w, https:\/\/www.wesolyskrzat.edu.pl\/wp-content\/uploads\/2025\/10\/IMG_20250929_103554-300x300.jpg 300w, https:\/\/www.wesolyskrzat.edu.pl\/wp-content\/uploads\/2025\/10\/IMG_20250929_103554-1024x1024.jpg 1024w, https:\/\/www.wesolyskrzat.edu.pl\/wp-content\/uploads\/2025\/10\/IMG_20250929_103554-150x150.jpg 150w, https:\/\/www.wesolyskrzat.edu.pl\/wp-content\/uploads\/2025\/10\/IMG_20250929_103554-768x768.jpg 768w, https:\/\/www.wesolyskrzat.edu.pl\/wp-content\/uploads\/2025\/10\/IMG_20250929_103554-1536x1536.jpg 1536w, https:\/\/www.wesolyskrzat.edu.pl\/wp-content\/uploads\/2025\/10\/IMG_20250929_103554-2048x2048.jpg 2048w\" sizes=\"auto, (max-width: 2560px) 100vw, 2560px\" \/><\/figure>\n\n\n\n<figure class=\"wp-block-image size-full\"><img loading=\"lazy\" decoding=\"async\" width=\"2449\" height=\"1737\" data-id=\"6683\" src=\"https:\/\/www.wesolyskrzat.edu.pl\/wp-content\/uploads\/2025\/10\/IMG_20250929_141041.jpg\" alt=\"\" class=\"wp-image-6683\" srcset=\"https:\/\/www.wesolyskrzat.edu.pl\/wp-content\/uploads\/2025\/10\/IMG_20250929_141041.jpg 2449w, https:\/\/www.wesolyskrzat.edu.pl\/wp-content\/uploads\/2025\/10\/IMG_20250929_141041-300x213.jpg 300w, https:\/\/www.wesolyskrzat.edu.pl\/wp-content\/uploads\/2025\/10\/IMG_20250929_141041-1024x726.jpg 1024w, https:\/\/www.wesolyskrzat.edu.pl\/wp-content\/uploads\/2025\/10\/IMG_20250929_141041-768x545.jpg 768w, https:\/\/www.wesolyskrzat.edu.pl\/wp-content\/uploads\/2025\/10\/IMG_20250929_141041-1536x1089.jpg 1536w, https:\/\/www.wesolyskrzat.edu.pl\/wp-content\/uploads\/2025\/10\/IMG_20250929_141041-2048x1453.jpg 2048w\" sizes=\"auto, (max-width: 2449px) 100vw, 2449px\" \/><\/figure>\n\n\n\n<figure class=\"wp-block-image size-full\"><img loading=\"lazy\" decoding=\"async\" width=\"1080\" height=\"1554\" data-id=\"6682\" src=\"https:\/\/www.wesolyskrzat.edu.pl\/wp-content\/uploads\/2025\/10\/IMG_20250930_071558.jpg\" alt=\"\" class=\"wp-image-6682\" srcset=\"https:\/\/www.wesolyskrzat.edu.pl\/wp-content\/uploads\/2025\/10\/IMG_20250930_071558.jpg 1080w, https:\/\/www.wesolyskrzat.edu.pl\/wp-content\/uploads\/2025\/10\/IMG_20250930_071558-208x300.jpg 208w, https:\/\/www.wesolyskrzat.edu.pl\/wp-content\/uploads\/2025\/10\/IMG_20250930_071558-712x1024.jpg 712w, https:\/\/www.wesolyskrzat.edu.pl\/wp-content\/uploads\/2025\/10\/IMG_20250930_071558-768x1105.jpg 768w, https:\/\/www.wesolyskrzat.edu.pl\/wp-content\/uploads\/2025\/10\/IMG_20250930_071558-1067x1536.jpg 1067w\" sizes=\"auto, (max-width: 1080px) 100vw, 1080px\" \/><\/figure>\n<\/figure>\n\n\n\n<p><\/p>\n","protected":false},"excerpt":{"rendered":"<p>Dzieci z Grupy \u201eKrasnalki&#8221; przy pomocy pa\u0144 przygotowa\u0142y pyszn\u0105 sa\u0142atk\u0119 owocow\u0105. Taka witaminowa sa\u0142atka jest alternatyw\u0105 dla s\u0142odyczy, kt\u00f3re tak bardzo lubimy. Przed przyst\u0105pieniem do pracy, dzieci dok\u0142adnie umy\u0142y r\u0119ce pami\u0119taj\u0105c o zasadach higieny. Przedszkolaki pokaza\u0142y, \u017ce potrafi\u0105 bezpiecznie pos\u0142ugiwa\u0107 si\u0119 no\u017cem (drewniany)podczas krojenia owoc\u00f3w na kawa\u0142ki. Degustacja sa\u0142atki by\u0142a bardzo przyjemna . Dzieciom wyj\u0105tkowo [&hellip;]<\/p>\n","protected":false},"author":3,"featured_media":0,"comment_status":"closed","ping_status":"open","sticky":false,"template":"","format":"standard","meta":{"footnotes":""},"categories":[46],"tags":[],"class_list":["post-6681","post","type-post","status-publish","format-standard","hentry","category-krasnale-3-latki"],"yoast_head":"<!-- This site is optimized with the Yoast SEO plugin v18.5.1 - https:\/\/yoast.com\/wordpress\/plugins\/seo\/ -->\n<title>Sa\u0142atka owocowa - Weso\u0142y Skrzat<\/title>\n<meta name=\"robots\" content=\"index, follow, max-snippet:-1, max-image-preview:large, max-video-preview:-1\" \/>\n<link rel=\"canonical\" href=\"https:\/\/www.wesolyskrzat.edu.pl\/index.php\/2025\/10\/03\/salatka-owocowa-2\/\" \/>\n<meta property=\"og:locale\" content=\"pl_PL\" \/>\n<meta property=\"og:type\" content=\"article\" \/>\n<meta property=\"og:title\" content=\"Sa\u0142atka owocowa - Weso\u0142y Skrzat\" \/>\n<meta property=\"og:description\" content=\"Dzieci z Grupy \u201eKrasnalki&#8221; przy pomocy pa\u0144 przygotowa\u0142y pyszn\u0105 sa\u0142atk\u0119 owocow\u0105. Taka witaminowa sa\u0142atka jest alternatyw\u0105 dla s\u0142odyczy, kt\u00f3re tak bardzo lubimy. Przed przyst\u0105pieniem do pracy, dzieci dok\u0142adnie umy\u0142y r\u0119ce pami\u0119taj\u0105c o zasadach higieny. Przedszkolaki pokaza\u0142y, \u017ce potrafi\u0105 bezpiecznie pos\u0142ugiwa\u0107 si\u0119 no\u017cem (drewniany)podczas krojenia owoc\u00f3w na kawa\u0142ki. Degustacja sa\u0142atki by\u0142a bardzo przyjemna . Dzieciom wyj\u0105tkowo [&hellip;]\" \/>\n<meta property=\"og:url\" content=\"https:\/\/www.wesolyskrzat.edu.pl\/index.php\/2025\/10\/03\/salatka-owocowa-2\/\" \/>\n<meta property=\"og:site_name\" content=\"Weso\u0142y Skrzat\" \/>\n<meta property=\"article:published_time\" content=\"2025-10-03T11:42:55+00:00\" \/>\n<meta property=\"article:modified_time\" content=\"2025-10-03T11:42:56+00:00\" \/>\n<meta property=\"og:image\" content=\"https:\/\/www.wesolyskrzat.edu.pl\/wp-content\/uploads\/2025\/10\/IMG_20250929_125024-scaled.jpg\" \/>\n<meta name=\"twitter:card\" content=\"summary_large_image\" \/>\n<meta name=\"twitter:label1\" content=\"Napisane przez\" \/>\n\t<meta name=\"twitter:data1\" content=\"Paulina Pyci\u0144ska\" \/>\n<script type=\"application\/ld+json\" class=\"yoast-schema-graph\">{\"@context\":\"https:\/\/schema.org\",\"@graph\":[{\"@type\":\"WebSite\",\"@id\":\"https:\/\/www.wesolyskrzat.edu.pl\/#website\",\"url\":\"https:\/\/www.wesolyskrzat.edu.pl\/\",\"name\":\"Weso\u0142y Skrzat\",\"description\":\"Najpi\u0119kniejsze przedszkole w Markach\",\"potentialAction\":[{\"@type\":\"SearchAction\",\"target\":{\"@type\":\"EntryPoint\",\"urlTemplate\":\"https:\/\/www.wesolyskrzat.edu.pl\/?s={search_term_string}\"},\"query-input\":\"required name=search_term_string\"}],\"inLanguage\":\"pl-PL\"},{\"@type\":\"ImageObject\",\"@id\":\"https:\/\/www.wesolyskrzat.edu.pl\/index.php\/2025\/10\/03\/salatka-owocowa-2\/#primaryimage\",\"inLanguage\":\"pl-PL\",\"url\":\"https:\/\/www.wesolyskrzat.edu.pl\/wp-content\/uploads\/2025\/10\/IMG_20250929_125024-scaled.jpg\",\"contentUrl\":\"https:\/\/www.wesolyskrzat.edu.pl\/wp-content\/uploads\/2025\/10\/IMG_20250929_125024-scaled.jpg\",\"width\":2560,\"height\":2560},{\"@type\":\"WebPage\",\"@id\":\"https:\/\/www.wesolyskrzat.edu.pl\/index.php\/2025\/10\/03\/salatka-owocowa-2\/#webpage\",\"url\":\"https:\/\/www.wesolyskrzat.edu.pl\/index.php\/2025\/10\/03\/salatka-owocowa-2\/\",\"name\":\"Sa\u0142atka owocowa - Weso\u0142y Skrzat\",\"isPartOf\":{\"@id\":\"https:\/\/www.wesolyskrzat.edu.pl\/#website\"},\"primaryImageOfPage\":{\"@id\":\"https:\/\/www.wesolyskrzat.edu.pl\/index.php\/2025\/10\/03\/salatka-owocowa-2\/#primaryimage\"},\"datePublished\":\"2025-10-03T11:42:55+00:00\",\"dateModified\":\"2025-10-03T11:42:56+00:00\",\"author\":{\"@id\":\"https:\/\/www.wesolyskrzat.edu.pl\/#\/schema\/person\/665c990d766e7b21f5731227b7d3f0f6\"},\"breadcrumb\":{\"@id\":\"https:\/\/www.wesolyskrzat.edu.pl\/index.php\/2025\/10\/03\/salatka-owocowa-2\/#breadcrumb\"},\"inLanguage\":\"pl-PL\",\"potentialAction\":[{\"@type\":\"ReadAction\",\"target\":[\"https:\/\/www.wesolyskrzat.edu.pl\/index.php\/2025\/10\/03\/salatka-owocowa-2\/\"]}]},{\"@type\":\"BreadcrumbList\",\"@id\":\"https:\/\/www.wesolyskrzat.edu.pl\/index.php\/2025\/10\/03\/salatka-owocowa-2\/#breadcrumb\",\"itemListElement\":[{\"@type\":\"ListItem\",\"position\":1,\"name\":\"Home\",\"item\":\"https:\/\/www.wesolyskrzat.edu.pl\/\"},{\"@type\":\"ListItem\",\"position\":2,\"name\":\"Sa\u0142atka owocowa\"}]},{\"@type\":\"Person\",\"@id\":\"https:\/\/www.wesolyskrzat.edu.pl\/#\/schema\/person\/665c990d766e7b21f5731227b7d3f0f6\",\"name\":\"Paulina Pyci\u0144ska\",\"image\":{\"@type\":\"ImageObject\",\"@id\":\"https:\/\/www.wesolyskrzat.edu.pl\/#personlogo\",\"inLanguage\":\"pl-PL\",\"url\":\"https:\/\/secure.gravatar.com\/avatar\/3e43e454ecfe17681ca5008a70eb6887dad418e79fd9180caf1239bb35b78d67?s=96&d=mm&r=g\",\"contentUrl\":\"https:\/\/secure.gravatar.com\/avatar\/3e43e454ecfe17681ca5008a70eb6887dad418e79fd9180caf1239bb35b78d67?s=96&d=mm&r=g\",\"caption\":\"Paulina Pyci\u0144ska\"},\"url\":\"https:\/\/www.wesolyskrzat.edu.pl\/index.php\/author\/pycinska\/\"}]}<\/script>\n<!-- \/ Yoast SEO plugin. -->","yoast_head_json":{"title":"Sa\u0142atka owocowa - Weso\u0142y Skrzat","robots":{"index":"index","follow":"follow","max-snippet":"max-snippet:-1","max-image-preview":"max-image-preview:large","max-video-preview":"max-video-preview:-1"},"canonical":"https:\/\/www.wesolyskrzat.edu.pl\/index.php\/2025\/10\/03\/salatka-owocowa-2\/","og_locale":"pl_PL","og_type":"article","og_title":"Sa\u0142atka owocowa - Weso\u0142y Skrzat","og_description":"Dzieci z Grupy \u201eKrasnalki&#8221; przy pomocy pa\u0144 przygotowa\u0142y pyszn\u0105 sa\u0142atk\u0119 owocow\u0105. Taka witaminowa sa\u0142atka jest alternatyw\u0105 dla s\u0142odyczy, kt\u00f3re tak bardzo lubimy. Przed przyst\u0105pieniem do pracy, dzieci dok\u0142adnie umy\u0142y r\u0119ce pami\u0119taj\u0105c o zasadach higieny. Przedszkolaki pokaza\u0142y, \u017ce potrafi\u0105 bezpiecznie pos\u0142ugiwa\u0107 si\u0119 no\u017cem (drewniany)podczas krojenia owoc\u00f3w na kawa\u0142ki. Degustacja sa\u0142atki by\u0142a bardzo przyjemna . Dzieciom wyj\u0105tkowo [&hellip;]","og_url":"https:\/\/www.wesolyskrzat.edu.pl\/index.php\/2025\/10\/03\/salatka-owocowa-2\/","og_site_name":"Weso\u0142y Skrzat","article_published_time":"2025-10-03T11:42:55+00:00","article_modified_time":"2025-10-03T11:42:56+00:00","og_image":[{"url":"https:\/\/www.wesolyskrzat.edu.pl\/wp-content\/uploads\/2025\/10\/IMG_20250929_125024-scaled.jpg"}],"twitter_card":"summary_large_image","twitter_misc":{"Napisane przez":"Paulina Pyci\u0144ska"},"schema":{"@context":"https:\/\/schema.org","@graph":[{"@type":"WebSite","@id":"https:\/\/www.wesolyskrzat.edu.pl\/#website","url":"https:\/\/www.wesolyskrzat.edu.pl\/","name":"Weso\u0142y Skrzat","description":"Najpi\u0119kniejsze przedszkole w Markach","potentialAction":[{"@type":"SearchAction","target":{"@type":"EntryPoint","urlTemplate":"https:\/\/www.wesolyskrzat.edu.pl\/?s={search_term_string}"},"query-input":"required name=search_term_string"}],"inLanguage":"pl-PL"},{"@type":"ImageObject","@id":"https:\/\/www.wesolyskrzat.edu.pl\/index.php\/2025\/10\/03\/salatka-owocowa-2\/#primaryimage","inLanguage":"pl-PL","url":"https:\/\/www.wesolyskrzat.edu.pl\/wp-content\/uploads\/2025\/10\/IMG_20250929_125024-scaled.jpg","contentUrl":"https:\/\/www.wesolyskrzat.edu.pl\/wp-content\/uploads\/2025\/10\/IMG_20250929_125024-scaled.jpg","width":2560,"height":2560},{"@type":"WebPage","@id":"https:\/\/www.wesolyskrzat.edu.pl\/index.php\/2025\/10\/03\/salatka-owocowa-2\/#webpage","url":"https:\/\/www.wesolyskrzat.edu.pl\/index.php\/2025\/10\/03\/salatka-owocowa-2\/","name":"Sa\u0142atka owocowa - Weso\u0142y Skrzat","isPartOf":{"@id":"https:\/\/www.wesolyskrzat.edu.pl\/#website"},"primaryImageOfPage":{"@id":"https:\/\/www.wesolyskrzat.edu.pl\/index.php\/2025\/10\/03\/salatka-owocowa-2\/#primaryimage"},"datePublished":"2025-10-03T11:42:55+00:00","dateModified":"2025-10-03T11:42:56+00:00","author":{"@id":"https:\/\/www.wesolyskrzat.edu.pl\/#\/schema\/person\/665c990d766e7b21f5731227b7d3f0f6"},"breadcrumb":{"@id":"https:\/\/www.wesolyskrzat.edu.pl\/index.php\/2025\/10\/03\/salatka-owocowa-2\/#breadcrumb"},"inLanguage":"pl-PL","potentialAction":[{"@type":"ReadAction","target":["https:\/\/www.wesolyskrzat.edu.pl\/index.php\/2025\/10\/03\/salatka-owocowa-2\/"]}]},{"@type":"BreadcrumbList","@id":"https:\/\/www.wesolyskrzat.edu.pl\/index.php\/2025\/10\/03\/salatka-owocowa-2\/#breadcrumb","itemListElement":[{"@type":"ListItem","position":1,"name":"Home","item":"https:\/\/www.wesolyskrzat.edu.pl\/"},{"@type":"ListItem","position":2,"name":"Sa\u0142atka owocowa"}]},{"@type":"Person","@id":"https:\/\/www.wesolyskrzat.edu.pl\/#\/schema\/person\/665c990d766e7b21f5731227b7d3f0f6","name":"Paulina Pyci\u0144ska","image":{"@type":"ImageObject","@id":"https:\/\/www.wesolyskrzat.edu.pl\/#personlogo","inLanguage":"pl-PL","url":"https:\/\/secure.gravatar.com\/avatar\/3e43e454ecfe17681ca5008a70eb6887dad418e79fd9180caf1239bb35b78d67?s=96&d=mm&r=g","contentUrl":"https:\/\/secure.gravatar.com\/avatar\/3e43e454ecfe17681ca5008a70eb6887dad418e79fd9180caf1239bb35b78d67?s=96&d=mm&r=g","caption":"Paulina Pyci\u0144ska"},"url":"https:\/\/www.wesolyskrzat.edu.pl\/index.php\/author\/pycinska\/"}]}},"_links":{"self":[{"href":"https:\/\/www.wesolyskrzat.edu.pl\/index.php\/wp-json\/wp\/v2\/posts\/6681","targetHints":{"allow":["GET"]}}],"collection":[{"href":"https:\/\/www.wesolyskrzat.edu.pl\/index.php\/wp-json\/wp\/v2\/posts"}],"about":[{"href":"https:\/\/www.wesolyskrzat.edu.pl\/index.php\/wp-json\/wp\/v2\/types\/post"}],"author":[{"embeddable":true,"href":"https:\/\/www.wesolyskrzat.edu.pl\/index.php\/wp-json\/wp\/v2\/users\/3"}],"replies":[{"embeddable":true,"href":"https:\/\/www.wesolyskrzat.edu.pl\/index.php\/wp-json\/wp\/v2\/comments?post=6681"}],"version-history":[{"count":1,"href":"https:\/\/www.wesolyskrzat.edu.pl\/index.php\/wp-json\/wp\/v2\/posts\/6681\/revisions"}],"predecessor-version":[{"id":6691,"href":"https:\/\/www.wesolyskrzat.edu.pl\/index.php\/wp-json\/wp\/v2\/posts\/6681\/revisions\/6691"}],"wp:attachment":[{"href":"https:\/\/www.wesolyskrzat.edu.pl\/index.php\/wp-json\/wp\/v2\/media?parent=6681"}],"wp:term":[{"taxonomy":"category","embeddable":true,"href":"https:\/\/www.wesolyskrzat.edu.pl\/index.php\/wp-json\/wp\/v2\/categories?post=6681"},{"taxonomy":"post_tag","embeddable":true,"href":"https:\/\/www.wesolyskrzat.edu.pl\/index.php\/wp-json\/wp\/v2\/tags?post=6681"}],"curies":[{"name":"wp","href":"https:\/\/api.w.org\/{rel}","templated":true}]}}