{"id":6581,"date":"2025-09-26T14:47:08","date_gmt":"2025-09-26T12:47:08","guid":{"rendered":"https:\/\/www.wesolyskrzat.edu.pl\/?p=6581"},"modified":"2025-10-03T13:53:20","modified_gmt":"2025-10-03T11:53:20","slug":"dzien-przedszkolaka-5","status":"publish","type":"post","link":"https:\/\/www.wesolyskrzat.edu.pl\/index.php\/2025\/09\/26\/dzien-przedszkolaka-5\/","title":{"rendered":"Dzie\u0144 Przedszkolaka"},"content":{"rendered":"\n<p>Pierwszy raz w naszej grupie Krasnalki obchodzili\u015bmy Dzie\u0144 Przedszkolaka .<\/p>\n\n\n\n<p>Trzylatki otrzyma\u0142y okoliczno\u015bciowe dyplomy z \u017cyczeniami:<\/p>\n\n\n\n<p>Rado\u015bci, u\u015bmiechu, przyja\u017ani, oraz niezapomnianych przyg\u00f3d w przedszkolu!<\/p>\n\n\n\n<figure class=\"wp-block-gallery has-nested-images columns-2 is-cropped wp-block-gallery-1 is-layout-flex wp-block-gallery-is-layout-flex\">\n<figure class=\"wp-block-image size-full\"><img loading=\"lazy\" decoding=\"async\" width=\"2560\" height=\"2560\" data-id=\"6591\" src=\"https:\/\/www.wesolyskrzat.edu.pl\/wp-content\/uploads\/2025\/09\/IMG_20250919_100738-scaled.jpg\" alt=\"\" class=\"wp-image-6591\" srcset=\"https:\/\/www.wesolyskrzat.edu.pl\/wp-content\/uploads\/2025\/09\/IMG_20250919_100738-scaled.jpg 2560w, https:\/\/www.wesolyskrzat.edu.pl\/wp-content\/uploads\/2025\/09\/IMG_20250919_100738-300x300.jpg 300w, https:\/\/www.wesolyskrzat.edu.pl\/wp-content\/uploads\/2025\/09\/IMG_20250919_100738-1024x1024.jpg 1024w, https:\/\/www.wesolyskrzat.edu.pl\/wp-content\/uploads\/2025\/09\/IMG_20250919_100738-150x150.jpg 150w, https:\/\/www.wesolyskrzat.edu.pl\/wp-content\/uploads\/2025\/09\/IMG_20250919_100738-768x768.jpg 768w, https:\/\/www.wesolyskrzat.edu.pl\/wp-content\/uploads\/2025\/09\/IMG_20250919_100738-1536x1536.jpg 1536w, https:\/\/www.wesolyskrzat.edu.pl\/wp-content\/uploads\/2025\/09\/IMG_20250919_100738-2048x2048.jpg 2048w\" sizes=\"auto, (max-width: 2560px) 100vw, 2560px\" \/><\/figure>\n\n\n\n<figure class=\"wp-block-image size-full\"><img loading=\"lazy\" decoding=\"async\" width=\"2560\" height=\"2560\" data-id=\"6590\" src=\"https:\/\/www.wesolyskrzat.edu.pl\/wp-content\/uploads\/2025\/09\/IMG_20250919_100744-scaled.jpg\" alt=\"\" class=\"wp-image-6590\" srcset=\"https:\/\/www.wesolyskrzat.edu.pl\/wp-content\/uploads\/2025\/09\/IMG_20250919_100744-scaled.jpg 2560w, https:\/\/www.wesolyskrzat.edu.pl\/wp-content\/uploads\/2025\/09\/IMG_20250919_100744-300x300.jpg 300w, https:\/\/www.wesolyskrzat.edu.pl\/wp-content\/uploads\/2025\/09\/IMG_20250919_100744-1024x1024.jpg 1024w, https:\/\/www.wesolyskrzat.edu.pl\/wp-content\/uploads\/2025\/09\/IMG_20250919_100744-150x150.jpg 150w, https:\/\/www.wesolyskrzat.edu.pl\/wp-content\/uploads\/2025\/09\/IMG_20250919_100744-768x768.jpg 768w, https:\/\/www.wesolyskrzat.edu.pl\/wp-content\/uploads\/2025\/09\/IMG_20250919_100744-1536x1536.jpg 1536w, https:\/\/www.wesolyskrzat.edu.pl\/wp-content\/uploads\/2025\/09\/IMG_20250919_100744-2048x2048.jpg 2048w\" sizes=\"auto, (max-width: 2560px) 100vw, 2560px\" \/><\/figure>\n\n\n\n<figure class=\"wp-block-image size-full\"><img loading=\"lazy\" decoding=\"async\" width=\"2560\" height=\"2560\" data-id=\"6589\" src=\"https:\/\/www.wesolyskrzat.edu.pl\/wp-content\/uploads\/2025\/09\/IMG_20250919_103531-scaled.jpg\" alt=\"\" class=\"wp-image-6589\" srcset=\"https:\/\/www.wesolyskrzat.edu.pl\/wp-content\/uploads\/2025\/09\/IMG_20250919_103531-scaled.jpg 2560w, https:\/\/www.wesolyskrzat.edu.pl\/wp-content\/uploads\/2025\/09\/IMG_20250919_103531-300x300.jpg 300w, https:\/\/www.wesolyskrzat.edu.pl\/wp-content\/uploads\/2025\/09\/IMG_20250919_103531-1024x1024.jpg 1024w, https:\/\/www.wesolyskrzat.edu.pl\/wp-content\/uploads\/2025\/09\/IMG_20250919_103531-150x150.jpg 150w, https:\/\/www.wesolyskrzat.edu.pl\/wp-content\/uploads\/2025\/09\/IMG_20250919_103531-768x768.jpg 768w, https:\/\/www.wesolyskrzat.edu.pl\/wp-content\/uploads\/2025\/09\/IMG_20250919_103531-1536x1536.jpg 1536w, https:\/\/www.wesolyskrzat.edu.pl\/wp-content\/uploads\/2025\/09\/IMG_20250919_103531-2048x2048.jpg 2048w\" sizes=\"auto, (max-width: 2560px) 100vw, 2560px\" \/><\/figure>\n\n\n\n<figure class=\"wp-block-image size-full\"><img loading=\"lazy\" decoding=\"async\" width=\"2560\" height=\"2560\" data-id=\"6584\" src=\"https:\/\/www.wesolyskrzat.edu.pl\/wp-content\/uploads\/2025\/09\/IMG_20250919_082054-scaled.jpg\" alt=\"\" class=\"wp-image-6584\" srcset=\"https:\/\/www.wesolyskrzat.edu.pl\/wp-content\/uploads\/2025\/09\/IMG_20250919_082054-scaled.jpg 2560w, https:\/\/www.wesolyskrzat.edu.pl\/wp-content\/uploads\/2025\/09\/IMG_20250919_082054-300x300.jpg 300w, https:\/\/www.wesolyskrzat.edu.pl\/wp-content\/uploads\/2025\/09\/IMG_20250919_082054-1024x1024.jpg 1024w, https:\/\/www.wesolyskrzat.edu.pl\/wp-content\/uploads\/2025\/09\/IMG_20250919_082054-150x150.jpg 150w, https:\/\/www.wesolyskrzat.edu.pl\/wp-content\/uploads\/2025\/09\/IMG_20250919_082054-768x768.jpg 768w, https:\/\/www.wesolyskrzat.edu.pl\/wp-content\/uploads\/2025\/09\/IMG_20250919_082054-1536x1536.jpg 1536w, https:\/\/www.wesolyskrzat.edu.pl\/wp-content\/uploads\/2025\/09\/IMG_20250919_082054-2048x2048.jpg 2048w\" sizes=\"auto, (max-width: 2560px) 100vw, 2560px\" \/><\/figure>\n\n\n\n<figure class=\"wp-block-image size-full\"><img loading=\"lazy\" decoding=\"async\" width=\"2560\" height=\"2560\" data-id=\"6586\" src=\"https:\/\/www.wesolyskrzat.edu.pl\/wp-content\/uploads\/2025\/09\/IMG_20250919_100136-scaled.jpg\" alt=\"\" class=\"wp-image-6586\" srcset=\"https:\/\/www.wesolyskrzat.edu.pl\/wp-content\/uploads\/2025\/09\/IMG_20250919_100136-scaled.jpg 2560w, https:\/\/www.wesolyskrzat.edu.pl\/wp-content\/uploads\/2025\/09\/IMG_20250919_100136-300x300.jpg 300w, https:\/\/www.wesolyskrzat.edu.pl\/wp-content\/uploads\/2025\/09\/IMG_20250919_100136-1024x1024.jpg 1024w, https:\/\/www.wesolyskrzat.edu.pl\/wp-content\/uploads\/2025\/09\/IMG_20250919_100136-150x150.jpg 150w, https:\/\/www.wesolyskrzat.edu.pl\/wp-content\/uploads\/2025\/09\/IMG_20250919_100136-768x768.jpg 768w, https:\/\/www.wesolyskrzat.edu.pl\/wp-content\/uploads\/2025\/09\/IMG_20250919_100136-1536x1536.jpg 1536w, https:\/\/www.wesolyskrzat.edu.pl\/wp-content\/uploads\/2025\/09\/IMG_20250919_100136-2048x2048.jpg 2048w\" sizes=\"auto, (max-width: 2560px) 100vw, 2560px\" \/><\/figure>\n\n\n\n<figure class=\"wp-block-image size-full\"><img loading=\"lazy\" decoding=\"async\" width=\"2560\" height=\"2560\" data-id=\"6588\" src=\"https:\/\/www.wesolyskrzat.edu.pl\/wp-content\/uploads\/2025\/09\/IMG_20250919_103505-scaled.jpg\" alt=\"\" class=\"wp-image-6588\" srcset=\"https:\/\/www.wesolyskrzat.edu.pl\/wp-content\/uploads\/2025\/09\/IMG_20250919_103505-scaled.jpg 2560w, https:\/\/www.wesolyskrzat.edu.pl\/wp-content\/uploads\/2025\/09\/IMG_20250919_103505-300x300.jpg 300w, https:\/\/www.wesolyskrzat.edu.pl\/wp-content\/uploads\/2025\/09\/IMG_20250919_103505-1024x1024.jpg 1024w, https:\/\/www.wesolyskrzat.edu.pl\/wp-content\/uploads\/2025\/09\/IMG_20250919_103505-150x150.jpg 150w, https:\/\/www.wesolyskrzat.edu.pl\/wp-content\/uploads\/2025\/09\/IMG_20250919_103505-768x768.jpg 768w, https:\/\/www.wesolyskrzat.edu.pl\/wp-content\/uploads\/2025\/09\/IMG_20250919_103505-1536x1536.jpg 1536w, https:\/\/www.wesolyskrzat.edu.pl\/wp-content\/uploads\/2025\/09\/IMG_20250919_103505-2048x2048.jpg 2048w\" sizes=\"auto, (max-width: 2560px) 100vw, 2560px\" \/><\/figure>\n\n\n\n<figure class=\"wp-block-image size-full\"><img loading=\"lazy\" decoding=\"async\" width=\"2560\" height=\"2560\" data-id=\"6587\" src=\"https:\/\/www.wesolyskrzat.edu.pl\/wp-content\/uploads\/2025\/09\/IMG_20250919_082434-scaled.jpg\" alt=\"\" class=\"wp-image-6587\" srcset=\"https:\/\/www.wesolyskrzat.edu.pl\/wp-content\/uploads\/2025\/09\/IMG_20250919_082434-scaled.jpg 2560w, https:\/\/www.wesolyskrzat.edu.pl\/wp-content\/uploads\/2025\/09\/IMG_20250919_082434-300x300.jpg 300w, https:\/\/www.wesolyskrzat.edu.pl\/wp-content\/uploads\/2025\/09\/IMG_20250919_082434-1024x1024.jpg 1024w, https:\/\/www.wesolyskrzat.edu.pl\/wp-content\/uploads\/2025\/09\/IMG_20250919_082434-150x150.jpg 150w, https:\/\/www.wesolyskrzat.edu.pl\/wp-content\/uploads\/2025\/09\/IMG_20250919_082434-768x768.jpg 768w, https:\/\/www.wesolyskrzat.edu.pl\/wp-content\/uploads\/2025\/09\/IMG_20250919_082434-1536x1536.jpg 1536w, https:\/\/www.wesolyskrzat.edu.pl\/wp-content\/uploads\/2025\/09\/IMG_20250919_082434-2048x2048.jpg 2048w\" sizes=\"auto, (max-width: 2560px) 100vw, 2560px\" \/><\/figure>\n\n\n\n<figure class=\"wp-block-image size-full\"><img loading=\"lazy\" decoding=\"async\" width=\"2560\" height=\"2560\" data-id=\"6585\" src=\"https:\/\/www.wesolyskrzat.edu.pl\/wp-content\/uploads\/2025\/09\/IMG_20250919_082411-scaled.jpg\" alt=\"\" class=\"wp-image-6585\" srcset=\"https:\/\/www.wesolyskrzat.edu.pl\/wp-content\/uploads\/2025\/09\/IMG_20250919_082411-scaled.jpg 2560w, https:\/\/www.wesolyskrzat.edu.pl\/wp-content\/uploads\/2025\/09\/IMG_20250919_082411-300x300.jpg 300w, https:\/\/www.wesolyskrzat.edu.pl\/wp-content\/uploads\/2025\/09\/IMG_20250919_082411-1024x1024.jpg 1024w, https:\/\/www.wesolyskrzat.edu.pl\/wp-content\/uploads\/2025\/09\/IMG_20250919_082411-150x150.jpg 150w, https:\/\/www.wesolyskrzat.edu.pl\/wp-content\/uploads\/2025\/09\/IMG_20250919_082411-768x768.jpg 768w, https:\/\/www.wesolyskrzat.edu.pl\/wp-content\/uploads\/2025\/09\/IMG_20250919_082411-1536x1536.jpg 1536w, https:\/\/www.wesolyskrzat.edu.pl\/wp-content\/uploads\/2025\/09\/IMG_20250919_082411-2048x2048.jpg 2048w\" sizes=\"auto, (max-width: 2560px) 100vw, 2560px\" \/><\/figure>\n\n\n\n<figure class=\"wp-block-image size-full\"><img loading=\"lazy\" decoding=\"async\" width=\"2048\" height=\"1536\" data-id=\"6582\" src=\"https:\/\/www.wesolyskrzat.edu.pl\/wp-content\/uploads\/2025\/09\/Messenger_creation_4C104CCA-145C-4918-A014-F166EF97C05E.jpeg\" alt=\"\" class=\"wp-image-6582\" srcset=\"https:\/\/www.wesolyskrzat.edu.pl\/wp-content\/uploads\/2025\/09\/Messenger_creation_4C104CCA-145C-4918-A014-F166EF97C05E.jpeg 2048w, https:\/\/www.wesolyskrzat.edu.pl\/wp-content\/uploads\/2025\/09\/Messenger_creation_4C104CCA-145C-4918-A014-F166EF97C05E-300x225.jpeg 300w, https:\/\/www.wesolyskrzat.edu.pl\/wp-content\/uploads\/2025\/09\/Messenger_creation_4C104CCA-145C-4918-A014-F166EF97C05E-1024x768.jpeg 1024w, https:\/\/www.wesolyskrzat.edu.pl\/wp-content\/uploads\/2025\/09\/Messenger_creation_4C104CCA-145C-4918-A014-F166EF97C05E-768x576.jpeg 768w, https:\/\/www.wesolyskrzat.edu.pl\/wp-content\/uploads\/2025\/09\/Messenger_creation_4C104CCA-145C-4918-A014-F166EF97C05E-1536x1152.jpeg 1536w\" sizes=\"auto, (max-width: 2048px) 100vw, 2048px\" \/><\/figure>\n\n\n\n<figure class=\"wp-block-image size-full\"><img loading=\"lazy\" decoding=\"async\" width=\"1237\" height=\"1536\" data-id=\"6583\" src=\"https:\/\/www.wesolyskrzat.edu.pl\/wp-content\/uploads\/2025\/09\/IMG_20250919_123248.jpg\" alt=\"\" class=\"wp-image-6583\" srcset=\"https:\/\/www.wesolyskrzat.edu.pl\/wp-content\/uploads\/2025\/09\/IMG_20250919_123248.jpg 1237w, https:\/\/www.wesolyskrzat.edu.pl\/wp-content\/uploads\/2025\/09\/IMG_20250919_123248-242x300.jpg 242w, https:\/\/www.wesolyskrzat.edu.pl\/wp-content\/uploads\/2025\/09\/IMG_20250919_123248-825x1024.jpg 825w, https:\/\/www.wesolyskrzat.edu.pl\/wp-content\/uploads\/2025\/09\/IMG_20250919_123248-768x954.jpg 768w\" sizes=\"auto, (max-width: 1237px) 100vw, 1237px\" \/><\/figure>\n<\/figure>\n\n\n\n<p><\/p>\n","protected":false},"excerpt":{"rendered":"<p>Pierwszy raz w naszej grupie Krasnalki obchodzili\u015bmy Dzie\u0144 Przedszkolaka . Trzylatki otrzyma\u0142y okoliczno\u015bciowe dyplomy z \u017cyczeniami: Rado\u015bci, u\u015bmiechu, przyja\u017ani, oraz niezapomnianych przyg\u00f3d w przedszkolu!<\/p>\n","protected":false},"author":3,"featured_media":0,"comment_status":"closed","ping_status":"open","sticky":false,"template":"","format":"standard","meta":{"footnotes":""},"categories":[46],"tags":[],"class_list":["post-6581","post","type-post","status-publish","format-standard","hentry","category-krasnale-3-latki"],"yoast_head":"<!-- This site is optimized with the Yoast SEO plugin v18.5.1 - https:\/\/yoast.com\/wordpress\/plugins\/seo\/ -->\n<title>Dzie\u0144 Przedszkolaka - Weso\u0142y Skrzat<\/title>\n<meta name=\"robots\" content=\"index, follow, max-snippet:-1, max-image-preview:large, max-video-preview:-1\" \/>\n<link rel=\"canonical\" href=\"https:\/\/www.wesolyskrzat.edu.pl\/index.php\/2025\/09\/26\/dzien-przedszkolaka-5\/\" \/>\n<meta property=\"og:locale\" content=\"pl_PL\" \/>\n<meta property=\"og:type\" content=\"article\" \/>\n<meta property=\"og:title\" content=\"Dzie\u0144 Przedszkolaka - Weso\u0142y Skrzat\" \/>\n<meta property=\"og:description\" content=\"Pierwszy raz w naszej grupie Krasnalki obchodzili\u015bmy Dzie\u0144 Przedszkolaka . Trzylatki otrzyma\u0142y okoliczno\u015bciowe dyplomy z \u017cyczeniami: Rado\u015bci, u\u015bmiechu, przyja\u017ani, oraz niezapomnianych przyg\u00f3d w przedszkolu!\" \/>\n<meta property=\"og:url\" content=\"https:\/\/www.wesolyskrzat.edu.pl\/index.php\/2025\/09\/26\/dzien-przedszkolaka-5\/\" \/>\n<meta property=\"og:site_name\" content=\"Weso\u0142y Skrzat\" \/>\n<meta property=\"article:published_time\" content=\"2025-09-26T12:47:08+00:00\" \/>\n<meta property=\"article:modified_time\" content=\"2025-10-03T11:53:20+00:00\" \/>\n<meta property=\"og:image\" content=\"https:\/\/www.wesolyskrzat.edu.pl\/wp-content\/uploads\/2025\/09\/IMG_20250919_100738-scaled.jpg\" \/>\n<meta name=\"twitter:card\" content=\"summary_large_image\" \/>\n<meta name=\"twitter:label1\" content=\"Napisane przez\" \/>\n\t<meta name=\"twitter:data1\" content=\"Paulina Pyci\u0144ska\" \/>\n<script type=\"application\/ld+json\" class=\"yoast-schema-graph\">{\"@context\":\"https:\/\/schema.org\",\"@graph\":[{\"@type\":\"WebSite\",\"@id\":\"https:\/\/www.wesolyskrzat.edu.pl\/#website\",\"url\":\"https:\/\/www.wesolyskrzat.edu.pl\/\",\"name\":\"Weso\u0142y Skrzat\",\"description\":\"Najpi\u0119kniejsze przedszkole w Markach\",\"potentialAction\":[{\"@type\":\"SearchAction\",\"target\":{\"@type\":\"EntryPoint\",\"urlTemplate\":\"https:\/\/www.wesolyskrzat.edu.pl\/?s={search_term_string}\"},\"query-input\":\"required name=search_term_string\"}],\"inLanguage\":\"pl-PL\"},{\"@type\":\"ImageObject\",\"@id\":\"https:\/\/www.wesolyskrzat.edu.pl\/index.php\/2025\/09\/26\/dzien-przedszkolaka-5\/#primaryimage\",\"inLanguage\":\"pl-PL\",\"url\":\"https:\/\/www.wesolyskrzat.edu.pl\/wp-content\/uploads\/2025\/09\/IMG_20250919_100738-scaled.jpg\",\"contentUrl\":\"https:\/\/www.wesolyskrzat.edu.pl\/wp-content\/uploads\/2025\/09\/IMG_20250919_100738-scaled.jpg\",\"width\":2560,\"height\":2560},{\"@type\":\"WebPage\",\"@id\":\"https:\/\/www.wesolyskrzat.edu.pl\/index.php\/2025\/09\/26\/dzien-przedszkolaka-5\/#webpage\",\"url\":\"https:\/\/www.wesolyskrzat.edu.pl\/index.php\/2025\/09\/26\/dzien-przedszkolaka-5\/\",\"name\":\"Dzie\u0144 Przedszkolaka - Weso\u0142y Skrzat\",\"isPartOf\":{\"@id\":\"https:\/\/www.wesolyskrzat.edu.pl\/#website\"},\"primaryImageOfPage\":{\"@id\":\"https:\/\/www.wesolyskrzat.edu.pl\/index.php\/2025\/09\/26\/dzien-przedszkolaka-5\/#primaryimage\"},\"datePublished\":\"2025-09-26T12:47:08+00:00\",\"dateModified\":\"2025-10-03T11:53:20+00:00\",\"author\":{\"@id\":\"https:\/\/www.wesolyskrzat.edu.pl\/#\/schema\/person\/665c990d766e7b21f5731227b7d3f0f6\"},\"breadcrumb\":{\"@id\":\"https:\/\/www.wesolyskrzat.edu.pl\/index.php\/2025\/09\/26\/dzien-przedszkolaka-5\/#breadcrumb\"},\"inLanguage\":\"pl-PL\",\"potentialAction\":[{\"@type\":\"ReadAction\",\"target\":[\"https:\/\/www.wesolyskrzat.edu.pl\/index.php\/2025\/09\/26\/dzien-przedszkolaka-5\/\"]}]},{\"@type\":\"BreadcrumbList\",\"@id\":\"https:\/\/www.wesolyskrzat.edu.pl\/index.php\/2025\/09\/26\/dzien-przedszkolaka-5\/#breadcrumb\",\"itemListElement\":[{\"@type\":\"ListItem\",\"position\":1,\"name\":\"Home\",\"item\":\"https:\/\/www.wesolyskrzat.edu.pl\/\"},{\"@type\":\"ListItem\",\"position\":2,\"name\":\"Dzie\u0144 Przedszkolaka\"}]},{\"@type\":\"Person\",\"@id\":\"https:\/\/www.wesolyskrzat.edu.pl\/#\/schema\/person\/665c990d766e7b21f5731227b7d3f0f6\",\"name\":\"Paulina Pyci\u0144ska\",\"image\":{\"@type\":\"ImageObject\",\"@id\":\"https:\/\/www.wesolyskrzat.edu.pl\/#personlogo\",\"inLanguage\":\"pl-PL\",\"url\":\"https:\/\/secure.gravatar.com\/avatar\/3e43e454ecfe17681ca5008a70eb6887dad418e79fd9180caf1239bb35b78d67?s=96&d=mm&r=g\",\"contentUrl\":\"https:\/\/secure.gravatar.com\/avatar\/3e43e454ecfe17681ca5008a70eb6887dad418e79fd9180caf1239bb35b78d67?s=96&d=mm&r=g\",\"caption\":\"Paulina Pyci\u0144ska\"},\"url\":\"https:\/\/www.wesolyskrzat.edu.pl\/index.php\/author\/pycinska\/\"}]}<\/script>\n<!-- \/ Yoast SEO plugin. -->","yoast_head_json":{"title":"Dzie\u0144 Przedszkolaka - Weso\u0142y Skrzat","robots":{"index":"index","follow":"follow","max-snippet":"max-snippet:-1","max-image-preview":"max-image-preview:large","max-video-preview":"max-video-preview:-1"},"canonical":"https:\/\/www.wesolyskrzat.edu.pl\/index.php\/2025\/09\/26\/dzien-przedszkolaka-5\/","og_locale":"pl_PL","og_type":"article","og_title":"Dzie\u0144 Przedszkolaka - Weso\u0142y Skrzat","og_description":"Pierwszy raz w naszej grupie Krasnalki obchodzili\u015bmy Dzie\u0144 Przedszkolaka . Trzylatki otrzyma\u0142y okoliczno\u015bciowe dyplomy z \u017cyczeniami: Rado\u015bci, u\u015bmiechu, przyja\u017ani, oraz niezapomnianych przyg\u00f3d w przedszkolu!","og_url":"https:\/\/www.wesolyskrzat.edu.pl\/index.php\/2025\/09\/26\/dzien-przedszkolaka-5\/","og_site_name":"Weso\u0142y Skrzat","article_published_time":"2025-09-26T12:47:08+00:00","article_modified_time":"2025-10-03T11:53:20+00:00","og_image":[{"url":"https:\/\/www.wesolyskrzat.edu.pl\/wp-content\/uploads\/2025\/09\/IMG_20250919_100738-scaled.jpg"}],"twitter_card":"summary_large_image","twitter_misc":{"Napisane przez":"Paulina Pyci\u0144ska"},"schema":{"@context":"https:\/\/schema.org","@graph":[{"@type":"WebSite","@id":"https:\/\/www.wesolyskrzat.edu.pl\/#website","url":"https:\/\/www.wesolyskrzat.edu.pl\/","name":"Weso\u0142y Skrzat","description":"Najpi\u0119kniejsze przedszkole w Markach","potentialAction":[{"@type":"SearchAction","target":{"@type":"EntryPoint","urlTemplate":"https:\/\/www.wesolyskrzat.edu.pl\/?s={search_term_string}"},"query-input":"required name=search_term_string"}],"inLanguage":"pl-PL"},{"@type":"ImageObject","@id":"https:\/\/www.wesolyskrzat.edu.pl\/index.php\/2025\/09\/26\/dzien-przedszkolaka-5\/#primaryimage","inLanguage":"pl-PL","url":"https:\/\/www.wesolyskrzat.edu.pl\/wp-content\/uploads\/2025\/09\/IMG_20250919_100738-scaled.jpg","contentUrl":"https:\/\/www.wesolyskrzat.edu.pl\/wp-content\/uploads\/2025\/09\/IMG_20250919_100738-scaled.jpg","width":2560,"height":2560},{"@type":"WebPage","@id":"https:\/\/www.wesolyskrzat.edu.pl\/index.php\/2025\/09\/26\/dzien-przedszkolaka-5\/#webpage","url":"https:\/\/www.wesolyskrzat.edu.pl\/index.php\/2025\/09\/26\/dzien-przedszkolaka-5\/","name":"Dzie\u0144 Przedszkolaka - Weso\u0142y Skrzat","isPartOf":{"@id":"https:\/\/www.wesolyskrzat.edu.pl\/#website"},"primaryImageOfPage":{"@id":"https:\/\/www.wesolyskrzat.edu.pl\/index.php\/2025\/09\/26\/dzien-przedszkolaka-5\/#primaryimage"},"datePublished":"2025-09-26T12:47:08+00:00","dateModified":"2025-10-03T11:53:20+00:00","author":{"@id":"https:\/\/www.wesolyskrzat.edu.pl\/#\/schema\/person\/665c990d766e7b21f5731227b7d3f0f6"},"breadcrumb":{"@id":"https:\/\/www.wesolyskrzat.edu.pl\/index.php\/2025\/09\/26\/dzien-przedszkolaka-5\/#breadcrumb"},"inLanguage":"pl-PL","potentialAction":[{"@type":"ReadAction","target":["https:\/\/www.wesolyskrzat.edu.pl\/index.php\/2025\/09\/26\/dzien-przedszkolaka-5\/"]}]},{"@type":"BreadcrumbList","@id":"https:\/\/www.wesolyskrzat.edu.pl\/index.php\/2025\/09\/26\/dzien-przedszkolaka-5\/#breadcrumb","itemListElement":[{"@type":"ListItem","position":1,"name":"Home","item":"https:\/\/www.wesolyskrzat.edu.pl\/"},{"@type":"ListItem","position":2,"name":"Dzie\u0144 Przedszkolaka"}]},{"@type":"Person","@id":"https:\/\/www.wesolyskrzat.edu.pl\/#\/schema\/person\/665c990d766e7b21f5731227b7d3f0f6","name":"Paulina Pyci\u0144ska","image":{"@type":"ImageObject","@id":"https:\/\/www.wesolyskrzat.edu.pl\/#personlogo","inLanguage":"pl-PL","url":"https:\/\/secure.gravatar.com\/avatar\/3e43e454ecfe17681ca5008a70eb6887dad418e79fd9180caf1239bb35b78d67?s=96&d=mm&r=g","contentUrl":"https:\/\/secure.gravatar.com\/avatar\/3e43e454ecfe17681ca5008a70eb6887dad418e79fd9180caf1239bb35b78d67?s=96&d=mm&r=g","caption":"Paulina Pyci\u0144ska"},"url":"https:\/\/www.wesolyskrzat.edu.pl\/index.php\/author\/pycinska\/"}]}},"_links":{"self":[{"href":"https:\/\/www.wesolyskrzat.edu.pl\/index.php\/wp-json\/wp\/v2\/posts\/6581","targetHints":{"allow":["GET"]}}],"collection":[{"href":"https:\/\/www.wesolyskrzat.edu.pl\/index.php\/wp-json\/wp\/v2\/posts"}],"about":[{"href":"https:\/\/www.wesolyskrzat.edu.pl\/index.php\/wp-json\/wp\/v2\/types\/post"}],"author":[{"embeddable":true,"href":"https:\/\/www.wesolyskrzat.edu.pl\/index.php\/wp-json\/wp\/v2\/users\/3"}],"replies":[{"embeddable":true,"href":"https:\/\/www.wesolyskrzat.edu.pl\/index.php\/wp-json\/wp\/v2\/comments?post=6581"}],"version-history":[{"count":2,"href":"https:\/\/www.wesolyskrzat.edu.pl\/index.php\/wp-json\/wp\/v2\/posts\/6581\/revisions"}],"predecessor-version":[{"id":6719,"href":"https:\/\/www.wesolyskrzat.edu.pl\/index.php\/wp-json\/wp\/v2\/posts\/6581\/revisions\/6719"}],"wp:attachment":[{"href":"https:\/\/www.wesolyskrzat.edu.pl\/index.php\/wp-json\/wp\/v2\/media?parent=6581"}],"wp:term":[{"taxonomy":"category","embeddable":true,"href":"https:\/\/www.wesolyskrzat.edu.pl\/index.php\/wp-json\/wp\/v2\/categories?post=6581"},{"taxonomy":"post_tag","embeddable":true,"href":"https:\/\/www.wesolyskrzat.edu.pl\/index.php\/wp-json\/wp\/v2\/tags?post=6581"}],"curies":[{"name":"wp","href":"https:\/\/api.w.org\/{rel}","templated":true}]}}