{"id":6158,"date":"2025-05-28T12:06:19","date_gmt":"2025-05-28T10:06:19","guid":{"rendered":"https:\/\/www.wesolyskrzat.edu.pl\/?p=6158"},"modified":"2025-05-28T12:06:20","modified_gmt":"2025-05-28T10:06:20","slug":"dzien-mamy","status":"publish","type":"post","link":"https:\/\/www.wesolyskrzat.edu.pl\/index.php\/2025\/05\/28\/dzien-mamy\/","title":{"rendered":"Dzie\u0144 Mamy"},"content":{"rendered":"\n<p>Dzisiaj, tj. 26.05.25r. w naszym przedszkolu go\u015bcili\u015bmy mamy z grupy Je\u017cyk\u00f3w.<br>Dzieci za\u015bpiewa\u0142y piosenki, wr\u0119czy\u0142y kwiatek a na koniec zata\u0144czy\u0142y walczyka. Dzieci z mamami wykona\u0142y szkatu\u0142k\u0119 na bi\u017cuteri\u0119. By\u0142o super.<\/p>\n\n\n\n<figure class=\"wp-block-gallery has-nested-images columns-2 is-cropped wp-block-gallery-1 is-layout-flex wp-block-gallery-is-layout-flex\">\n<figure class=\"wp-block-image size-full\"><img loading=\"lazy\" decoding=\"async\" width=\"1920\" height=\"2560\" data-id=\"6159\" src=\"https:\/\/www.wesolyskrzat.edu.pl\/wp-content\/uploads\/2025\/05\/img20250526163817-scaled.jpg\" alt=\"\" class=\"wp-image-6159\" srcset=\"https:\/\/www.wesolyskrzat.edu.pl\/wp-content\/uploads\/2025\/05\/img20250526163817-scaled.jpg 1920w, https:\/\/www.wesolyskrzat.edu.pl\/wp-content\/uploads\/2025\/05\/img20250526163817-225x300.jpg 225w, https:\/\/www.wesolyskrzat.edu.pl\/wp-content\/uploads\/2025\/05\/img20250526163817-768x1024.jpg 768w, https:\/\/www.wesolyskrzat.edu.pl\/wp-content\/uploads\/2025\/05\/img20250526163817-1152x1536.jpg 1152w, https:\/\/www.wesolyskrzat.edu.pl\/wp-content\/uploads\/2025\/05\/img20250526163817-1536x2048.jpg 1536w\" sizes=\"auto, (max-width: 1920px) 100vw, 1920px\" \/><figcaption class=\"wp-element-caption\">oplus_32<\/figcaption><\/figure>\n\n\n\n<figure class=\"wp-block-image size-full\"><img loading=\"lazy\" decoding=\"async\" width=\"1920\" height=\"2560\" data-id=\"6160\" src=\"https:\/\/www.wesolyskrzat.edu.pl\/wp-content\/uploads\/2025\/05\/img20250526163901-scaled.jpg\" alt=\"\" class=\"wp-image-6160\" srcset=\"https:\/\/www.wesolyskrzat.edu.pl\/wp-content\/uploads\/2025\/05\/img20250526163901-scaled.jpg 1920w, https:\/\/www.wesolyskrzat.edu.pl\/wp-content\/uploads\/2025\/05\/img20250526163901-225x300.jpg 225w, https:\/\/www.wesolyskrzat.edu.pl\/wp-content\/uploads\/2025\/05\/img20250526163901-768x1024.jpg 768w, https:\/\/www.wesolyskrzat.edu.pl\/wp-content\/uploads\/2025\/05\/img20250526163901-1152x1536.jpg 1152w, https:\/\/www.wesolyskrzat.edu.pl\/wp-content\/uploads\/2025\/05\/img20250526163901-1536x2048.jpg 1536w\" sizes=\"auto, (max-width: 1920px) 100vw, 1920px\" \/><figcaption class=\"wp-element-caption\">oplus_32<\/figcaption><\/figure>\n\n\n\n<figure class=\"wp-block-image size-full\"><img loading=\"lazy\" decoding=\"async\" width=\"1920\" height=\"2560\" data-id=\"6162\" src=\"https:\/\/www.wesolyskrzat.edu.pl\/wp-content\/uploads\/2025\/05\/img20250526164702-scaled.jpg\" alt=\"\" class=\"wp-image-6162\" srcset=\"https:\/\/www.wesolyskrzat.edu.pl\/wp-content\/uploads\/2025\/05\/img20250526164702-scaled.jpg 1920w, https:\/\/www.wesolyskrzat.edu.pl\/wp-content\/uploads\/2025\/05\/img20250526164702-225x300.jpg 225w, https:\/\/www.wesolyskrzat.edu.pl\/wp-content\/uploads\/2025\/05\/img20250526164702-768x1024.jpg 768w, https:\/\/www.wesolyskrzat.edu.pl\/wp-content\/uploads\/2025\/05\/img20250526164702-1152x1536.jpg 1152w, https:\/\/www.wesolyskrzat.edu.pl\/wp-content\/uploads\/2025\/05\/img20250526164702-1536x2048.jpg 1536w\" sizes=\"auto, (max-width: 1920px) 100vw, 1920px\" \/><figcaption class=\"wp-element-caption\">oplus_32<\/figcaption><\/figure>\n\n\n\n<figure class=\"wp-block-image size-full\"><img loading=\"lazy\" decoding=\"async\" width=\"1920\" height=\"2560\" data-id=\"6164\" src=\"https:\/\/www.wesolyskrzat.edu.pl\/wp-content\/uploads\/2025\/05\/img20250526160802-scaled.jpg\" alt=\"\" class=\"wp-image-6164\" srcset=\"https:\/\/www.wesolyskrzat.edu.pl\/wp-content\/uploads\/2025\/05\/img20250526160802-scaled.jpg 1920w, https:\/\/www.wesolyskrzat.edu.pl\/wp-content\/uploads\/2025\/05\/img20250526160802-225x300.jpg 225w, https:\/\/www.wesolyskrzat.edu.pl\/wp-content\/uploads\/2025\/05\/img20250526160802-768x1024.jpg 768w, https:\/\/www.wesolyskrzat.edu.pl\/wp-content\/uploads\/2025\/05\/img20250526160802-1152x1536.jpg 1152w, https:\/\/www.wesolyskrzat.edu.pl\/wp-content\/uploads\/2025\/05\/img20250526160802-1536x2048.jpg 1536w\" sizes=\"auto, (max-width: 1920px) 100vw, 1920px\" \/><figcaption class=\"wp-element-caption\">oplus_32<\/figcaption><\/figure>\n\n\n\n<figure class=\"wp-block-image size-full\"><img loading=\"lazy\" decoding=\"async\" width=\"1920\" height=\"2560\" data-id=\"6161\" src=\"https:\/\/www.wesolyskrzat.edu.pl\/wp-content\/uploads\/2025\/05\/img20250526163415-scaled.jpg\" alt=\"\" class=\"wp-image-6161\" srcset=\"https:\/\/www.wesolyskrzat.edu.pl\/wp-content\/uploads\/2025\/05\/img20250526163415-scaled.jpg 1920w, https:\/\/www.wesolyskrzat.edu.pl\/wp-content\/uploads\/2025\/05\/img20250526163415-225x300.jpg 225w, https:\/\/www.wesolyskrzat.edu.pl\/wp-content\/uploads\/2025\/05\/img20250526163415-768x1024.jpg 768w, https:\/\/www.wesolyskrzat.edu.pl\/wp-content\/uploads\/2025\/05\/img20250526163415-1152x1536.jpg 1152w, https:\/\/www.wesolyskrzat.edu.pl\/wp-content\/uploads\/2025\/05\/img20250526163415-1536x2048.jpg 1536w\" sizes=\"auto, (max-width: 1920px) 100vw, 1920px\" \/><figcaption class=\"wp-element-caption\">oplus_32<\/figcaption><\/figure>\n\n\n\n<figure class=\"wp-block-image size-full\"><img loading=\"lazy\" decoding=\"async\" width=\"1920\" height=\"2560\" data-id=\"6167\" src=\"https:\/\/www.wesolyskrzat.edu.pl\/wp-content\/uploads\/2025\/05\/img20250526163343-scaled.jpg\" alt=\"\" class=\"wp-image-6167\" srcset=\"https:\/\/www.wesolyskrzat.edu.pl\/wp-content\/uploads\/2025\/05\/img20250526163343-scaled.jpg 1920w, https:\/\/www.wesolyskrzat.edu.pl\/wp-content\/uploads\/2025\/05\/img20250526163343-225x300.jpg 225w, https:\/\/www.wesolyskrzat.edu.pl\/wp-content\/uploads\/2025\/05\/img20250526163343-768x1024.jpg 768w, https:\/\/www.wesolyskrzat.edu.pl\/wp-content\/uploads\/2025\/05\/img20250526163343-1152x1536.jpg 1152w, https:\/\/www.wesolyskrzat.edu.pl\/wp-content\/uploads\/2025\/05\/img20250526163343-1536x2048.jpg 1536w\" sizes=\"auto, (max-width: 1920px) 100vw, 1920px\" \/><figcaption class=\"wp-element-caption\">oplus_32<\/figcaption><\/figure>\n\n\n\n<figure class=\"wp-block-image size-full\"><img loading=\"lazy\" decoding=\"async\" width=\"1920\" height=\"2560\" data-id=\"6165\" src=\"https:\/\/www.wesolyskrzat.edu.pl\/wp-content\/uploads\/2025\/05\/img20250526160748-scaled.jpg\" alt=\"\" class=\"wp-image-6165\" srcset=\"https:\/\/www.wesolyskrzat.edu.pl\/wp-content\/uploads\/2025\/05\/img20250526160748-scaled.jpg 1920w, https:\/\/www.wesolyskrzat.edu.pl\/wp-content\/uploads\/2025\/05\/img20250526160748-225x300.jpg 225w, https:\/\/www.wesolyskrzat.edu.pl\/wp-content\/uploads\/2025\/05\/img20250526160748-768x1024.jpg 768w, https:\/\/www.wesolyskrzat.edu.pl\/wp-content\/uploads\/2025\/05\/img20250526160748-1152x1536.jpg 1152w, https:\/\/www.wesolyskrzat.edu.pl\/wp-content\/uploads\/2025\/05\/img20250526160748-1536x2048.jpg 1536w\" sizes=\"auto, (max-width: 1920px) 100vw, 1920px\" \/><figcaption class=\"wp-element-caption\">oplus_32<\/figcaption><\/figure>\n\n\n\n<figure class=\"wp-block-image size-full\"><img loading=\"lazy\" decoding=\"async\" width=\"1920\" height=\"2560\" data-id=\"6166\" src=\"https:\/\/www.wesolyskrzat.edu.pl\/wp-content\/uploads\/2025\/05\/img20250526163337-scaled.jpg\" alt=\"\" class=\"wp-image-6166\" srcset=\"https:\/\/www.wesolyskrzat.edu.pl\/wp-content\/uploads\/2025\/05\/img20250526163337-scaled.jpg 1920w, https:\/\/www.wesolyskrzat.edu.pl\/wp-content\/uploads\/2025\/05\/img20250526163337-225x300.jpg 225w, https:\/\/www.wesolyskrzat.edu.pl\/wp-content\/uploads\/2025\/05\/img20250526163337-768x1024.jpg 768w, https:\/\/www.wesolyskrzat.edu.pl\/wp-content\/uploads\/2025\/05\/img20250526163337-1152x1536.jpg 1152w, https:\/\/www.wesolyskrzat.edu.pl\/wp-content\/uploads\/2025\/05\/img20250526163337-1536x2048.jpg 1536w\" sizes=\"auto, (max-width: 1920px) 100vw, 1920px\" \/><figcaption class=\"wp-element-caption\">oplus_32<\/figcaption><\/figure>\n\n\n\n<figure class=\"wp-block-image size-full\"><img loading=\"lazy\" decoding=\"async\" width=\"1920\" height=\"2560\" data-id=\"6163\" src=\"https:\/\/www.wesolyskrzat.edu.pl\/wp-content\/uploads\/2025\/05\/img20250526163330-scaled.jpg\" alt=\"\" class=\"wp-image-6163\" srcset=\"https:\/\/www.wesolyskrzat.edu.pl\/wp-content\/uploads\/2025\/05\/img20250526163330-scaled.jpg 1920w, https:\/\/www.wesolyskrzat.edu.pl\/wp-content\/uploads\/2025\/05\/img20250526163330-225x300.jpg 225w, https:\/\/www.wesolyskrzat.edu.pl\/wp-content\/uploads\/2025\/05\/img20250526163330-768x1024.jpg 768w, https:\/\/www.wesolyskrzat.edu.pl\/wp-content\/uploads\/2025\/05\/img20250526163330-1152x1536.jpg 1152w, https:\/\/www.wesolyskrzat.edu.pl\/wp-content\/uploads\/2025\/05\/img20250526163330-1536x2048.jpg 1536w\" sizes=\"auto, (max-width: 1920px) 100vw, 1920px\" \/><figcaption class=\"wp-element-caption\">oplus_32<\/figcaption><\/figure>\n<\/figure>\n","protected":false},"excerpt":{"rendered":"<p>Dzisiaj, tj. 26.05.25r. w naszym przedszkolu go\u015bcili\u015bmy mamy z grupy Je\u017cyk\u00f3w.Dzieci za\u015bpiewa\u0142y piosenki, wr\u0119czy\u0142y kwiatek a na koniec zata\u0144czy\u0142y walczyka. Dzieci z mamami wykona\u0142y szkatu\u0142k\u0119 na bi\u017cuteri\u0119. By\u0142o super.<\/p>\n","protected":false},"author":3,"featured_media":0,"comment_status":"closed","ping_status":"open","sticky":false,"template":"","format":"standard","meta":{"footnotes":""},"categories":[43],"tags":[],"class_list":["post-6158","post","type-post","status-publish","format-standard","hentry","category-jezyki-6-latki"],"yoast_head":"<!-- This site is optimized with the Yoast SEO plugin v18.5.1 - https:\/\/yoast.com\/wordpress\/plugins\/seo\/ -->\n<title>Dzie\u0144 Mamy - Weso\u0142y Skrzat<\/title>\n<meta name=\"robots\" content=\"index, follow, max-snippet:-1, max-image-preview:large, max-video-preview:-1\" \/>\n<link rel=\"canonical\" href=\"https:\/\/www.wesolyskrzat.edu.pl\/index.php\/2025\/05\/28\/dzien-mamy\/\" \/>\n<meta property=\"og:locale\" content=\"pl_PL\" \/>\n<meta property=\"og:type\" content=\"article\" \/>\n<meta property=\"og:title\" content=\"Dzie\u0144 Mamy - Weso\u0142y Skrzat\" \/>\n<meta property=\"og:description\" content=\"Dzisiaj, tj. 26.05.25r. w naszym przedszkolu go\u015bcili\u015bmy mamy z grupy Je\u017cyk\u00f3w.Dzieci za\u015bpiewa\u0142y piosenki, wr\u0119czy\u0142y kwiatek a na koniec zata\u0144czy\u0142y walczyka. Dzieci z mamami wykona\u0142y szkatu\u0142k\u0119 na bi\u017cuteri\u0119. By\u0142o super.\" \/>\n<meta property=\"og:url\" content=\"https:\/\/www.wesolyskrzat.edu.pl\/index.php\/2025\/05\/28\/dzien-mamy\/\" \/>\n<meta property=\"og:site_name\" content=\"Weso\u0142y Skrzat\" \/>\n<meta property=\"article:published_time\" content=\"2025-05-28T10:06:19+00:00\" \/>\n<meta property=\"article:modified_time\" content=\"2025-05-28T10:06:20+00:00\" \/>\n<meta property=\"og:image\" content=\"https:\/\/www.wesolyskrzat.edu.pl\/wp-content\/uploads\/2025\/05\/img20250526163817-scaled.jpg\" \/>\n<meta name=\"twitter:card\" content=\"summary_large_image\" \/>\n<meta name=\"twitter:label1\" content=\"Napisane przez\" \/>\n\t<meta name=\"twitter:data1\" content=\"Paulina Pyci\u0144ska\" \/>\n<script type=\"application\/ld+json\" class=\"yoast-schema-graph\">{\"@context\":\"https:\/\/schema.org\",\"@graph\":[{\"@type\":\"WebSite\",\"@id\":\"https:\/\/www.wesolyskrzat.edu.pl\/#website\",\"url\":\"https:\/\/www.wesolyskrzat.edu.pl\/\",\"name\":\"Weso\u0142y Skrzat\",\"description\":\"Najpi\u0119kniejsze przedszkole w Markach\",\"potentialAction\":[{\"@type\":\"SearchAction\",\"target\":{\"@type\":\"EntryPoint\",\"urlTemplate\":\"https:\/\/www.wesolyskrzat.edu.pl\/?s={search_term_string}\"},\"query-input\":\"required name=search_term_string\"}],\"inLanguage\":\"pl-PL\"},{\"@type\":\"ImageObject\",\"@id\":\"https:\/\/www.wesolyskrzat.edu.pl\/index.php\/2025\/05\/28\/dzien-mamy\/#primaryimage\",\"inLanguage\":\"pl-PL\",\"url\":\"https:\/\/www.wesolyskrzat.edu.pl\/wp-content\/uploads\/2025\/05\/img20250526163817-scaled.jpg\",\"contentUrl\":\"https:\/\/www.wesolyskrzat.edu.pl\/wp-content\/uploads\/2025\/05\/img20250526163817-scaled.jpg\",\"width\":1920,\"height\":2560,\"caption\":\"oplus_32\"},{\"@type\":\"WebPage\",\"@id\":\"https:\/\/www.wesolyskrzat.edu.pl\/index.php\/2025\/05\/28\/dzien-mamy\/#webpage\",\"url\":\"https:\/\/www.wesolyskrzat.edu.pl\/index.php\/2025\/05\/28\/dzien-mamy\/\",\"name\":\"Dzie\u0144 Mamy - Weso\u0142y Skrzat\",\"isPartOf\":{\"@id\":\"https:\/\/www.wesolyskrzat.edu.pl\/#website\"},\"primaryImageOfPage\":{\"@id\":\"https:\/\/www.wesolyskrzat.edu.pl\/index.php\/2025\/05\/28\/dzien-mamy\/#primaryimage\"},\"datePublished\":\"2025-05-28T10:06:19+00:00\",\"dateModified\":\"2025-05-28T10:06:20+00:00\",\"author\":{\"@id\":\"https:\/\/www.wesolyskrzat.edu.pl\/#\/schema\/person\/665c990d766e7b21f5731227b7d3f0f6\"},\"breadcrumb\":{\"@id\":\"https:\/\/www.wesolyskrzat.edu.pl\/index.php\/2025\/05\/28\/dzien-mamy\/#breadcrumb\"},\"inLanguage\":\"pl-PL\",\"potentialAction\":[{\"@type\":\"ReadAction\",\"target\":[\"https:\/\/www.wesolyskrzat.edu.pl\/index.php\/2025\/05\/28\/dzien-mamy\/\"]}]},{\"@type\":\"BreadcrumbList\",\"@id\":\"https:\/\/www.wesolyskrzat.edu.pl\/index.php\/2025\/05\/28\/dzien-mamy\/#breadcrumb\",\"itemListElement\":[{\"@type\":\"ListItem\",\"position\":1,\"name\":\"Home\",\"item\":\"https:\/\/www.wesolyskrzat.edu.pl\/\"},{\"@type\":\"ListItem\",\"position\":2,\"name\":\"Dzie\u0144 Mamy\"}]},{\"@type\":\"Person\",\"@id\":\"https:\/\/www.wesolyskrzat.edu.pl\/#\/schema\/person\/665c990d766e7b21f5731227b7d3f0f6\",\"name\":\"Paulina Pyci\u0144ska\",\"image\":{\"@type\":\"ImageObject\",\"@id\":\"https:\/\/www.wesolyskrzat.edu.pl\/#personlogo\",\"inLanguage\":\"pl-PL\",\"url\":\"https:\/\/secure.gravatar.com\/avatar\/3e43e454ecfe17681ca5008a70eb6887dad418e79fd9180caf1239bb35b78d67?s=96&d=mm&r=g\",\"contentUrl\":\"https:\/\/secure.gravatar.com\/avatar\/3e43e454ecfe17681ca5008a70eb6887dad418e79fd9180caf1239bb35b78d67?s=96&d=mm&r=g\",\"caption\":\"Paulina Pyci\u0144ska\"},\"url\":\"https:\/\/www.wesolyskrzat.edu.pl\/index.php\/author\/pycinska\/\"}]}<\/script>\n<!-- \/ Yoast SEO plugin. -->","yoast_head_json":{"title":"Dzie\u0144 Mamy - Weso\u0142y Skrzat","robots":{"index":"index","follow":"follow","max-snippet":"max-snippet:-1","max-image-preview":"max-image-preview:large","max-video-preview":"max-video-preview:-1"},"canonical":"https:\/\/www.wesolyskrzat.edu.pl\/index.php\/2025\/05\/28\/dzien-mamy\/","og_locale":"pl_PL","og_type":"article","og_title":"Dzie\u0144 Mamy - Weso\u0142y Skrzat","og_description":"Dzisiaj, tj. 26.05.25r. w naszym przedszkolu go\u015bcili\u015bmy mamy z grupy Je\u017cyk\u00f3w.Dzieci za\u015bpiewa\u0142y piosenki, wr\u0119czy\u0142y kwiatek a na koniec zata\u0144czy\u0142y walczyka. Dzieci z mamami wykona\u0142y szkatu\u0142k\u0119 na bi\u017cuteri\u0119. By\u0142o super.","og_url":"https:\/\/www.wesolyskrzat.edu.pl\/index.php\/2025\/05\/28\/dzien-mamy\/","og_site_name":"Weso\u0142y Skrzat","article_published_time":"2025-05-28T10:06:19+00:00","article_modified_time":"2025-05-28T10:06:20+00:00","og_image":[{"url":"https:\/\/www.wesolyskrzat.edu.pl\/wp-content\/uploads\/2025\/05\/img20250526163817-scaled.jpg"}],"twitter_card":"summary_large_image","twitter_misc":{"Napisane przez":"Paulina Pyci\u0144ska"},"schema":{"@context":"https:\/\/schema.org","@graph":[{"@type":"WebSite","@id":"https:\/\/www.wesolyskrzat.edu.pl\/#website","url":"https:\/\/www.wesolyskrzat.edu.pl\/","name":"Weso\u0142y Skrzat","description":"Najpi\u0119kniejsze przedszkole w Markach","potentialAction":[{"@type":"SearchAction","target":{"@type":"EntryPoint","urlTemplate":"https:\/\/www.wesolyskrzat.edu.pl\/?s={search_term_string}"},"query-input":"required name=search_term_string"}],"inLanguage":"pl-PL"},{"@type":"ImageObject","@id":"https:\/\/www.wesolyskrzat.edu.pl\/index.php\/2025\/05\/28\/dzien-mamy\/#primaryimage","inLanguage":"pl-PL","url":"https:\/\/www.wesolyskrzat.edu.pl\/wp-content\/uploads\/2025\/05\/img20250526163817-scaled.jpg","contentUrl":"https:\/\/www.wesolyskrzat.edu.pl\/wp-content\/uploads\/2025\/05\/img20250526163817-scaled.jpg","width":1920,"height":2560,"caption":"oplus_32"},{"@type":"WebPage","@id":"https:\/\/www.wesolyskrzat.edu.pl\/index.php\/2025\/05\/28\/dzien-mamy\/#webpage","url":"https:\/\/www.wesolyskrzat.edu.pl\/index.php\/2025\/05\/28\/dzien-mamy\/","name":"Dzie\u0144 Mamy - Weso\u0142y Skrzat","isPartOf":{"@id":"https:\/\/www.wesolyskrzat.edu.pl\/#website"},"primaryImageOfPage":{"@id":"https:\/\/www.wesolyskrzat.edu.pl\/index.php\/2025\/05\/28\/dzien-mamy\/#primaryimage"},"datePublished":"2025-05-28T10:06:19+00:00","dateModified":"2025-05-28T10:06:20+00:00","author":{"@id":"https:\/\/www.wesolyskrzat.edu.pl\/#\/schema\/person\/665c990d766e7b21f5731227b7d3f0f6"},"breadcrumb":{"@id":"https:\/\/www.wesolyskrzat.edu.pl\/index.php\/2025\/05\/28\/dzien-mamy\/#breadcrumb"},"inLanguage":"pl-PL","potentialAction":[{"@type":"ReadAction","target":["https:\/\/www.wesolyskrzat.edu.pl\/index.php\/2025\/05\/28\/dzien-mamy\/"]}]},{"@type":"BreadcrumbList","@id":"https:\/\/www.wesolyskrzat.edu.pl\/index.php\/2025\/05\/28\/dzien-mamy\/#breadcrumb","itemListElement":[{"@type":"ListItem","position":1,"name":"Home","item":"https:\/\/www.wesolyskrzat.edu.pl\/"},{"@type":"ListItem","position":2,"name":"Dzie\u0144 Mamy"}]},{"@type":"Person","@id":"https:\/\/www.wesolyskrzat.edu.pl\/#\/schema\/person\/665c990d766e7b21f5731227b7d3f0f6","name":"Paulina Pyci\u0144ska","image":{"@type":"ImageObject","@id":"https:\/\/www.wesolyskrzat.edu.pl\/#personlogo","inLanguage":"pl-PL","url":"https:\/\/secure.gravatar.com\/avatar\/3e43e454ecfe17681ca5008a70eb6887dad418e79fd9180caf1239bb35b78d67?s=96&d=mm&r=g","contentUrl":"https:\/\/secure.gravatar.com\/avatar\/3e43e454ecfe17681ca5008a70eb6887dad418e79fd9180caf1239bb35b78d67?s=96&d=mm&r=g","caption":"Paulina Pyci\u0144ska"},"url":"https:\/\/www.wesolyskrzat.edu.pl\/index.php\/author\/pycinska\/"}]}},"_links":{"self":[{"href":"https:\/\/www.wesolyskrzat.edu.pl\/index.php\/wp-json\/wp\/v2\/posts\/6158","targetHints":{"allow":["GET"]}}],"collection":[{"href":"https:\/\/www.wesolyskrzat.edu.pl\/index.php\/wp-json\/wp\/v2\/posts"}],"about":[{"href":"https:\/\/www.wesolyskrzat.edu.pl\/index.php\/wp-json\/wp\/v2\/types\/post"}],"author":[{"embeddable":true,"href":"https:\/\/www.wesolyskrzat.edu.pl\/index.php\/wp-json\/wp\/v2\/users\/3"}],"replies":[{"embeddable":true,"href":"https:\/\/www.wesolyskrzat.edu.pl\/index.php\/wp-json\/wp\/v2\/comments?post=6158"}],"version-history":[{"count":1,"href":"https:\/\/www.wesolyskrzat.edu.pl\/index.php\/wp-json\/wp\/v2\/posts\/6158\/revisions"}],"predecessor-version":[{"id":6168,"href":"https:\/\/www.wesolyskrzat.edu.pl\/index.php\/wp-json\/wp\/v2\/posts\/6158\/revisions\/6168"}],"wp:attachment":[{"href":"https:\/\/www.wesolyskrzat.edu.pl\/index.php\/wp-json\/wp\/v2\/media?parent=6158"}],"wp:term":[{"taxonomy":"category","embeddable":true,"href":"https:\/\/www.wesolyskrzat.edu.pl\/index.php\/wp-json\/wp\/v2\/categories?post=6158"},{"taxonomy":"post_tag","embeddable":true,"href":"https:\/\/www.wesolyskrzat.edu.pl\/index.php\/wp-json\/wp\/v2\/tags?post=6158"}],"curies":[{"name":"wp","href":"https:\/\/api.w.org\/{rel}","templated":true}]}}