{"id":6095,"date":"2025-05-16T11:04:30","date_gmt":"2025-05-16T09:04:30","guid":{"rendered":"https:\/\/www.wesolyskrzat.edu.pl\/?p=6095"},"modified":"2025-05-16T11:04:31","modified_gmt":"2025-05-16T09:04:31","slug":"miedzyprzedszkolny-konkurs-piosenki-patriotycznej-kocham-swoja-ojczyzne-edycja-iv","status":"publish","type":"post","link":"https:\/\/www.wesolyskrzat.edu.pl\/index.php\/2025\/05\/16\/miedzyprzedszkolny-konkurs-piosenki-patriotycznej-kocham-swoja-ojczyzne-edycja-iv\/","title":{"rendered":"Mi\u0119dzyprzedszkolny Konkurs Piosenki Patriotycznej &#8222;KOCHAM SWOJ\u0104 OJCZYZN\u0118&#8221; &#8211; edycja IV"},"content":{"rendered":"\n<p>07.05.2025r. odbyL si\u0119 Mi\u0119dzyprzedszkolny Konkurs Piosenki Patriotycznej z okazji \u015awi\u0119ta Konstytucji 3 Maja organizowany przez Przedszkole Miejskie nr 2 Mali Odkrywcy.<\/p>\n\n\n\n<p>Nasze przedszkole reprezentowa\u0142y:<\/p>\n\n\n\n<p>1.Jagoda Zieli\u0144ska lat 6<\/p>\n\n\n\n<p>2.Gabrysia \u015awiderska lat 6&nbsp;<\/p>\n\n\n\n<p>Dziewczynki zaprezentowa\u0142y si\u0119 znakomicie.<\/p>\n\n\n\n<p>Mi\u0142o nam og\u0142osi\u0107,\u017ce:<\/p>\n\n\n\n<p>Pierwsze miejsce zaj\u0119\u0142a Jagoda Zieli\u0144ska za piosenk\u0119 pt.: \u201eJest takie miejsce -Polska\u201d<\/p>\n\n\n\n<p>Wyr\u00f3\u017cnienie otrzyma\u0142a Gabrysia \u015awiderska za piosenk\u0119 pt.: \u201eJeste\u015bmy Polk\u0105 i Polakiem&#8221;<\/p>\n\n\n\n<figure class=\"wp-block-gallery has-nested-images columns-1 is-cropped wp-block-gallery-1 is-layout-flex wp-block-gallery-is-layout-flex\">\n<figure class=\"wp-block-image size-full\"><img loading=\"lazy\" decoding=\"async\" width=\"1920\" height=\"2560\" data-id=\"6098\" src=\"https:\/\/www.wesolyskrzat.edu.pl\/wp-content\/uploads\/2025\/05\/IMG_20250508_130133-scaled.jpg\" alt=\"\" class=\"wp-image-6098\" srcset=\"https:\/\/www.wesolyskrzat.edu.pl\/wp-content\/uploads\/2025\/05\/IMG_20250508_130133-scaled.jpg 1920w, https:\/\/www.wesolyskrzat.edu.pl\/wp-content\/uploads\/2025\/05\/IMG_20250508_130133-225x300.jpg 225w, https:\/\/www.wesolyskrzat.edu.pl\/wp-content\/uploads\/2025\/05\/IMG_20250508_130133-768x1024.jpg 768w, https:\/\/www.wesolyskrzat.edu.pl\/wp-content\/uploads\/2025\/05\/IMG_20250508_130133-1152x1536.jpg 1152w, https:\/\/www.wesolyskrzat.edu.pl\/wp-content\/uploads\/2025\/05\/IMG_20250508_130133-1536x2048.jpg 1536w\" sizes=\"auto, (max-width: 1920px) 100vw, 1920px\" \/><\/figure>\n\n\n\n<figure class=\"wp-block-image size-full\"><img loading=\"lazy\" decoding=\"async\" width=\"2560\" height=\"1920\" data-id=\"6099\" src=\"https:\/\/www.wesolyskrzat.edu.pl\/wp-content\/uploads\/2025\/05\/IMG_20250508_130603-scaled.jpg\" alt=\"\" class=\"wp-image-6099\" srcset=\"https:\/\/www.wesolyskrzat.edu.pl\/wp-content\/uploads\/2025\/05\/IMG_20250508_130603-scaled.jpg 2560w, https:\/\/www.wesolyskrzat.edu.pl\/wp-content\/uploads\/2025\/05\/IMG_20250508_130603-300x225.jpg 300w, https:\/\/www.wesolyskrzat.edu.pl\/wp-content\/uploads\/2025\/05\/IMG_20250508_130603-1024x768.jpg 1024w, https:\/\/www.wesolyskrzat.edu.pl\/wp-content\/uploads\/2025\/05\/IMG_20250508_130603-768x576.jpg 768w, https:\/\/www.wesolyskrzat.edu.pl\/wp-content\/uploads\/2025\/05\/IMG_20250508_130603-1536x1152.jpg 1536w, https:\/\/www.wesolyskrzat.edu.pl\/wp-content\/uploads\/2025\/05\/IMG_20250508_130603-2048x1536.jpg 2048w\" sizes=\"auto, (max-width: 2560px) 100vw, 2560px\" \/><\/figure>\n\n\n\n<figure class=\"wp-block-image size-full\"><img loading=\"lazy\" decoding=\"async\" width=\"2106\" height=\"2560\" data-id=\"6097\" src=\"https:\/\/www.wesolyskrzat.edu.pl\/wp-content\/uploads\/2025\/05\/IMG_20250508_125835-scaled.jpg\" alt=\"\" class=\"wp-image-6097\" srcset=\"https:\/\/www.wesolyskrzat.edu.pl\/wp-content\/uploads\/2025\/05\/IMG_20250508_125835-scaled.jpg 2106w, https:\/\/www.wesolyskrzat.edu.pl\/wp-content\/uploads\/2025\/05\/IMG_20250508_125835-247x300.jpg 247w, https:\/\/www.wesolyskrzat.edu.pl\/wp-content\/uploads\/2025\/05\/IMG_20250508_125835-843x1024.jpg 843w, https:\/\/www.wesolyskrzat.edu.pl\/wp-content\/uploads\/2025\/05\/IMG_20250508_125835-768x933.jpg 768w, https:\/\/www.wesolyskrzat.edu.pl\/wp-content\/uploads\/2025\/05\/IMG_20250508_125835-1264x1536.jpg 1264w, https:\/\/www.wesolyskrzat.edu.pl\/wp-content\/uploads\/2025\/05\/IMG_20250508_125835-1685x2048.jpg 1685w\" sizes=\"auto, (max-width: 2106px) 100vw, 2106px\" \/><\/figure>\n\n\n\n<figure class=\"wp-block-image size-full\"><img loading=\"lazy\" decoding=\"async\" width=\"1080\" height=\"1413\" data-id=\"6096\" src=\"https:\/\/www.wesolyskrzat.edu.pl\/wp-content\/uploads\/2025\/05\/IMG_20250508_125953.jpg\" alt=\"\" class=\"wp-image-6096\" srcset=\"https:\/\/www.wesolyskrzat.edu.pl\/wp-content\/uploads\/2025\/05\/IMG_20250508_125953.jpg 1080w, https:\/\/www.wesolyskrzat.edu.pl\/wp-content\/uploads\/2025\/05\/IMG_20250508_125953-229x300.jpg 229w, https:\/\/www.wesolyskrzat.edu.pl\/wp-content\/uploads\/2025\/05\/IMG_20250508_125953-783x1024.jpg 783w, https:\/\/www.wesolyskrzat.edu.pl\/wp-content\/uploads\/2025\/05\/IMG_20250508_125953-768x1005.jpg 768w\" sizes=\"auto, (max-width: 1080px) 100vw, 1080px\" \/><\/figure>\n\n\n\n<figure class=\"wp-block-image size-full\"><img loading=\"lazy\" decoding=\"async\" width=\"1993\" height=\"2560\" data-id=\"6100\" src=\"https:\/\/www.wesolyskrzat.edu.pl\/wp-content\/uploads\/2025\/05\/IMG_20250508_130918-scaled.jpg\" alt=\"\" class=\"wp-image-6100\" srcset=\"https:\/\/www.wesolyskrzat.edu.pl\/wp-content\/uploads\/2025\/05\/IMG_20250508_130918-scaled.jpg 1993w, https:\/\/www.wesolyskrzat.edu.pl\/wp-content\/uploads\/2025\/05\/IMG_20250508_130918-234x300.jpg 234w, https:\/\/www.wesolyskrzat.edu.pl\/wp-content\/uploads\/2025\/05\/IMG_20250508_130918-797x1024.jpg 797w, https:\/\/www.wesolyskrzat.edu.pl\/wp-content\/uploads\/2025\/05\/IMG_20250508_130918-768x986.jpg 768w, https:\/\/www.wesolyskrzat.edu.pl\/wp-content\/uploads\/2025\/05\/IMG_20250508_130918-1196x1536.jpg 1196w, https:\/\/www.wesolyskrzat.edu.pl\/wp-content\/uploads\/2025\/05\/IMG_20250508_130918-1594x2048.jpg 1594w\" sizes=\"auto, (max-width: 1993px) 100vw, 1993px\" \/><\/figure>\n<\/figure>\n\n\n\n<p><\/p>\n","protected":false},"excerpt":{"rendered":"<p>07.05.2025r. odbyL si\u0119 Mi\u0119dzyprzedszkolny Konkurs Piosenki Patriotycznej z okazji \u015awi\u0119ta Konstytucji 3 Maja organizowany przez Przedszkole Miejskie nr 2 Mali Odkrywcy. Nasze przedszkole reprezentowa\u0142y: 1.Jagoda Zieli\u0144ska lat 6 2.Gabrysia \u015awiderska lat 6&nbsp; Dziewczynki zaprezentowa\u0142y si\u0119 znakomicie. Mi\u0142o nam og\u0142osi\u0107,\u017ce: Pierwsze miejsce zaj\u0119\u0142a Jagoda Zieli\u0144ska za piosenk\u0119 pt.: \u201eJest takie miejsce -Polska\u201d Wyr\u00f3\u017cnienie otrzyma\u0142a Gabrysia \u015awiderska [&hellip;]<\/p>\n","protected":false},"author":3,"featured_media":6099,"comment_status":"closed","ping_status":"open","sticky":false,"template":"","format":"standard","meta":{"footnotes":""},"categories":[37],"tags":[],"class_list":["post-6095","post","type-post","status-publish","format-standard","has-post-thumbnail","hentry","category-aktualnosci"],"yoast_head":"<!-- This site is optimized with the Yoast SEO plugin v18.5.1 - https:\/\/yoast.com\/wordpress\/plugins\/seo\/ -->\n<title>Mi\u0119dzyprzedszkolny Konkurs Piosenki Patriotycznej &quot;KOCHAM SWOJ\u0104 OJCZYZN\u0118&quot; - edycja IV - Weso\u0142y Skrzat<\/title>\n<meta name=\"robots\" content=\"index, follow, max-snippet:-1, max-image-preview:large, max-video-preview:-1\" \/>\n<link rel=\"canonical\" href=\"https:\/\/www.wesolyskrzat.edu.pl\/index.php\/2025\/05\/16\/miedzyprzedszkolny-konkurs-piosenki-patriotycznej-kocham-swoja-ojczyzne-edycja-iv\/\" \/>\n<meta property=\"og:locale\" content=\"pl_PL\" \/>\n<meta property=\"og:type\" content=\"article\" \/>\n<meta property=\"og:title\" content=\"Mi\u0119dzyprzedszkolny Konkurs Piosenki Patriotycznej &quot;KOCHAM SWOJ\u0104 OJCZYZN\u0118&quot; - edycja IV - Weso\u0142y Skrzat\" \/>\n<meta property=\"og:description\" content=\"07.05.2025r. odbyL si\u0119 Mi\u0119dzyprzedszkolny Konkurs Piosenki Patriotycznej z okazji \u015awi\u0119ta Konstytucji 3 Maja organizowany przez Przedszkole Miejskie nr 2 Mali Odkrywcy. Nasze przedszkole reprezentowa\u0142y: 1.Jagoda Zieli\u0144ska lat 6 2.Gabrysia \u015awiderska lat 6&nbsp; Dziewczynki zaprezentowa\u0142y si\u0119 znakomicie. Mi\u0142o nam og\u0142osi\u0107,\u017ce: Pierwsze miejsce zaj\u0119\u0142a Jagoda Zieli\u0144ska za piosenk\u0119 pt.: \u201eJest takie miejsce -Polska\u201d Wyr\u00f3\u017cnienie otrzyma\u0142a Gabrysia \u015awiderska [&hellip;]\" \/>\n<meta property=\"og:url\" content=\"https:\/\/www.wesolyskrzat.edu.pl\/index.php\/2025\/05\/16\/miedzyprzedszkolny-konkurs-piosenki-patriotycznej-kocham-swoja-ojczyzne-edycja-iv\/\" \/>\n<meta property=\"og:site_name\" content=\"Weso\u0142y Skrzat\" \/>\n<meta property=\"article:published_time\" content=\"2025-05-16T09:04:30+00:00\" \/>\n<meta property=\"article:modified_time\" content=\"2025-05-16T09:04:31+00:00\" \/>\n<meta property=\"og:image\" content=\"https:\/\/www.wesolyskrzat.edu.pl\/wp-content\/uploads\/2025\/05\/IMG_20250508_130603-scaled.jpg\" \/>\n\t<meta property=\"og:image:width\" content=\"2560\" \/>\n\t<meta property=\"og:image:height\" content=\"1920\" \/>\n\t<meta property=\"og:image:type\" content=\"image\/jpeg\" \/>\n<meta name=\"twitter:card\" content=\"summary_large_image\" \/>\n<meta name=\"twitter:label1\" content=\"Napisane przez\" \/>\n\t<meta name=\"twitter:data1\" content=\"Paulina Pyci\u0144ska\" \/>\n<script type=\"application\/ld+json\" class=\"yoast-schema-graph\">{\"@context\":\"https:\/\/schema.org\",\"@graph\":[{\"@type\":\"WebSite\",\"@id\":\"https:\/\/www.wesolyskrzat.edu.pl\/#website\",\"url\":\"https:\/\/www.wesolyskrzat.edu.pl\/\",\"name\":\"Weso\u0142y Skrzat\",\"description\":\"Najpi\u0119kniejsze przedszkole w Markach\",\"potentialAction\":[{\"@type\":\"SearchAction\",\"target\":{\"@type\":\"EntryPoint\",\"urlTemplate\":\"https:\/\/www.wesolyskrzat.edu.pl\/?s={search_term_string}\"},\"query-input\":\"required name=search_term_string\"}],\"inLanguage\":\"pl-PL\"},{\"@type\":\"ImageObject\",\"@id\":\"https:\/\/www.wesolyskrzat.edu.pl\/index.php\/2025\/05\/16\/miedzyprzedszkolny-konkurs-piosenki-patriotycznej-kocham-swoja-ojczyzne-edycja-iv\/#primaryimage\",\"inLanguage\":\"pl-PL\",\"url\":\"https:\/\/www.wesolyskrzat.edu.pl\/wp-content\/uploads\/2025\/05\/IMG_20250508_130603-scaled.jpg\",\"contentUrl\":\"https:\/\/www.wesolyskrzat.edu.pl\/wp-content\/uploads\/2025\/05\/IMG_20250508_130603-scaled.jpg\",\"width\":2560,\"height\":1920},{\"@type\":\"WebPage\",\"@id\":\"https:\/\/www.wesolyskrzat.edu.pl\/index.php\/2025\/05\/16\/miedzyprzedszkolny-konkurs-piosenki-patriotycznej-kocham-swoja-ojczyzne-edycja-iv\/#webpage\",\"url\":\"https:\/\/www.wesolyskrzat.edu.pl\/index.php\/2025\/05\/16\/miedzyprzedszkolny-konkurs-piosenki-patriotycznej-kocham-swoja-ojczyzne-edycja-iv\/\",\"name\":\"Mi\u0119dzyprzedszkolny Konkurs Piosenki Patriotycznej \\\"KOCHAM SWOJ\u0104 OJCZYZN\u0118\\\" - edycja IV - Weso\u0142y Skrzat\",\"isPartOf\":{\"@id\":\"https:\/\/www.wesolyskrzat.edu.pl\/#website\"},\"primaryImageOfPage\":{\"@id\":\"https:\/\/www.wesolyskrzat.edu.pl\/index.php\/2025\/05\/16\/miedzyprzedszkolny-konkurs-piosenki-patriotycznej-kocham-swoja-ojczyzne-edycja-iv\/#primaryimage\"},\"datePublished\":\"2025-05-16T09:04:30+00:00\",\"dateModified\":\"2025-05-16T09:04:31+00:00\",\"author\":{\"@id\":\"https:\/\/www.wesolyskrzat.edu.pl\/#\/schema\/person\/665c990d766e7b21f5731227b7d3f0f6\"},\"breadcrumb\":{\"@id\":\"https:\/\/www.wesolyskrzat.edu.pl\/index.php\/2025\/05\/16\/miedzyprzedszkolny-konkurs-piosenki-patriotycznej-kocham-swoja-ojczyzne-edycja-iv\/#breadcrumb\"},\"inLanguage\":\"pl-PL\",\"potentialAction\":[{\"@type\":\"ReadAction\",\"target\":[\"https:\/\/www.wesolyskrzat.edu.pl\/index.php\/2025\/05\/16\/miedzyprzedszkolny-konkurs-piosenki-patriotycznej-kocham-swoja-ojczyzne-edycja-iv\/\"]}]},{\"@type\":\"BreadcrumbList\",\"@id\":\"https:\/\/www.wesolyskrzat.edu.pl\/index.php\/2025\/05\/16\/miedzyprzedszkolny-konkurs-piosenki-patriotycznej-kocham-swoja-ojczyzne-edycja-iv\/#breadcrumb\",\"itemListElement\":[{\"@type\":\"ListItem\",\"position\":1,\"name\":\"Home\",\"item\":\"https:\/\/www.wesolyskrzat.edu.pl\/\"},{\"@type\":\"ListItem\",\"position\":2,\"name\":\"Mi\u0119dzyprzedszkolny Konkurs Piosenki Patriotycznej &#8222;KOCHAM SWOJ\u0104 OJCZYZN\u0118&#8221; &#8211; edycja IV\"}]},{\"@type\":\"Person\",\"@id\":\"https:\/\/www.wesolyskrzat.edu.pl\/#\/schema\/person\/665c990d766e7b21f5731227b7d3f0f6\",\"name\":\"Paulina Pyci\u0144ska\",\"image\":{\"@type\":\"ImageObject\",\"@id\":\"https:\/\/www.wesolyskrzat.edu.pl\/#personlogo\",\"inLanguage\":\"pl-PL\",\"url\":\"https:\/\/secure.gravatar.com\/avatar\/3e43e454ecfe17681ca5008a70eb6887dad418e79fd9180caf1239bb35b78d67?s=96&d=mm&r=g\",\"contentUrl\":\"https:\/\/secure.gravatar.com\/avatar\/3e43e454ecfe17681ca5008a70eb6887dad418e79fd9180caf1239bb35b78d67?s=96&d=mm&r=g\",\"caption\":\"Paulina Pyci\u0144ska\"},\"url\":\"https:\/\/www.wesolyskrzat.edu.pl\/index.php\/author\/pycinska\/\"}]}<\/script>\n<!-- \/ Yoast SEO plugin. -->","yoast_head_json":{"title":"Mi\u0119dzyprzedszkolny Konkurs Piosenki Patriotycznej \"KOCHAM SWOJ\u0104 OJCZYZN\u0118\" - edycja IV - Weso\u0142y Skrzat","robots":{"index":"index","follow":"follow","max-snippet":"max-snippet:-1","max-image-preview":"max-image-preview:large","max-video-preview":"max-video-preview:-1"},"canonical":"https:\/\/www.wesolyskrzat.edu.pl\/index.php\/2025\/05\/16\/miedzyprzedszkolny-konkurs-piosenki-patriotycznej-kocham-swoja-ojczyzne-edycja-iv\/","og_locale":"pl_PL","og_type":"article","og_title":"Mi\u0119dzyprzedszkolny Konkurs Piosenki Patriotycznej \"KOCHAM SWOJ\u0104 OJCZYZN\u0118\" - edycja IV - Weso\u0142y Skrzat","og_description":"07.05.2025r. odbyL si\u0119 Mi\u0119dzyprzedszkolny Konkurs Piosenki Patriotycznej z okazji \u015awi\u0119ta Konstytucji 3 Maja organizowany przez Przedszkole Miejskie nr 2 Mali Odkrywcy. Nasze przedszkole reprezentowa\u0142y: 1.Jagoda Zieli\u0144ska lat 6 2.Gabrysia \u015awiderska lat 6&nbsp; Dziewczynki zaprezentowa\u0142y si\u0119 znakomicie. Mi\u0142o nam og\u0142osi\u0107,\u017ce: Pierwsze miejsce zaj\u0119\u0142a Jagoda Zieli\u0144ska za piosenk\u0119 pt.: \u201eJest takie miejsce -Polska\u201d Wyr\u00f3\u017cnienie otrzyma\u0142a Gabrysia \u015awiderska [&hellip;]","og_url":"https:\/\/www.wesolyskrzat.edu.pl\/index.php\/2025\/05\/16\/miedzyprzedszkolny-konkurs-piosenki-patriotycznej-kocham-swoja-ojczyzne-edycja-iv\/","og_site_name":"Weso\u0142y Skrzat","article_published_time":"2025-05-16T09:04:30+00:00","article_modified_time":"2025-05-16T09:04:31+00:00","og_image":[{"width":2560,"height":1920,"url":"https:\/\/www.wesolyskrzat.edu.pl\/wp-content\/uploads\/2025\/05\/IMG_20250508_130603-scaled.jpg","type":"image\/jpeg"}],"twitter_card":"summary_large_image","twitter_misc":{"Napisane przez":"Paulina Pyci\u0144ska"},"schema":{"@context":"https:\/\/schema.org","@graph":[{"@type":"WebSite","@id":"https:\/\/www.wesolyskrzat.edu.pl\/#website","url":"https:\/\/www.wesolyskrzat.edu.pl\/","name":"Weso\u0142y Skrzat","description":"Najpi\u0119kniejsze przedszkole w Markach","potentialAction":[{"@type":"SearchAction","target":{"@type":"EntryPoint","urlTemplate":"https:\/\/www.wesolyskrzat.edu.pl\/?s={search_term_string}"},"query-input":"required name=search_term_string"}],"inLanguage":"pl-PL"},{"@type":"ImageObject","@id":"https:\/\/www.wesolyskrzat.edu.pl\/index.php\/2025\/05\/16\/miedzyprzedszkolny-konkurs-piosenki-patriotycznej-kocham-swoja-ojczyzne-edycja-iv\/#primaryimage","inLanguage":"pl-PL","url":"https:\/\/www.wesolyskrzat.edu.pl\/wp-content\/uploads\/2025\/05\/IMG_20250508_130603-scaled.jpg","contentUrl":"https:\/\/www.wesolyskrzat.edu.pl\/wp-content\/uploads\/2025\/05\/IMG_20250508_130603-scaled.jpg","width":2560,"height":1920},{"@type":"WebPage","@id":"https:\/\/www.wesolyskrzat.edu.pl\/index.php\/2025\/05\/16\/miedzyprzedszkolny-konkurs-piosenki-patriotycznej-kocham-swoja-ojczyzne-edycja-iv\/#webpage","url":"https:\/\/www.wesolyskrzat.edu.pl\/index.php\/2025\/05\/16\/miedzyprzedszkolny-konkurs-piosenki-patriotycznej-kocham-swoja-ojczyzne-edycja-iv\/","name":"Mi\u0119dzyprzedszkolny Konkurs Piosenki Patriotycznej \"KOCHAM SWOJ\u0104 OJCZYZN\u0118\" - edycja IV - Weso\u0142y Skrzat","isPartOf":{"@id":"https:\/\/www.wesolyskrzat.edu.pl\/#website"},"primaryImageOfPage":{"@id":"https:\/\/www.wesolyskrzat.edu.pl\/index.php\/2025\/05\/16\/miedzyprzedszkolny-konkurs-piosenki-patriotycznej-kocham-swoja-ojczyzne-edycja-iv\/#primaryimage"},"datePublished":"2025-05-16T09:04:30+00:00","dateModified":"2025-05-16T09:04:31+00:00","author":{"@id":"https:\/\/www.wesolyskrzat.edu.pl\/#\/schema\/person\/665c990d766e7b21f5731227b7d3f0f6"},"breadcrumb":{"@id":"https:\/\/www.wesolyskrzat.edu.pl\/index.php\/2025\/05\/16\/miedzyprzedszkolny-konkurs-piosenki-patriotycznej-kocham-swoja-ojczyzne-edycja-iv\/#breadcrumb"},"inLanguage":"pl-PL","potentialAction":[{"@type":"ReadAction","target":["https:\/\/www.wesolyskrzat.edu.pl\/index.php\/2025\/05\/16\/miedzyprzedszkolny-konkurs-piosenki-patriotycznej-kocham-swoja-ojczyzne-edycja-iv\/"]}]},{"@type":"BreadcrumbList","@id":"https:\/\/www.wesolyskrzat.edu.pl\/index.php\/2025\/05\/16\/miedzyprzedszkolny-konkurs-piosenki-patriotycznej-kocham-swoja-ojczyzne-edycja-iv\/#breadcrumb","itemListElement":[{"@type":"ListItem","position":1,"name":"Home","item":"https:\/\/www.wesolyskrzat.edu.pl\/"},{"@type":"ListItem","position":2,"name":"Mi\u0119dzyprzedszkolny Konkurs Piosenki Patriotycznej &#8222;KOCHAM SWOJ\u0104 OJCZYZN\u0118&#8221; &#8211; edycja IV"}]},{"@type":"Person","@id":"https:\/\/www.wesolyskrzat.edu.pl\/#\/schema\/person\/665c990d766e7b21f5731227b7d3f0f6","name":"Paulina Pyci\u0144ska","image":{"@type":"ImageObject","@id":"https:\/\/www.wesolyskrzat.edu.pl\/#personlogo","inLanguage":"pl-PL","url":"https:\/\/secure.gravatar.com\/avatar\/3e43e454ecfe17681ca5008a70eb6887dad418e79fd9180caf1239bb35b78d67?s=96&d=mm&r=g","contentUrl":"https:\/\/secure.gravatar.com\/avatar\/3e43e454ecfe17681ca5008a70eb6887dad418e79fd9180caf1239bb35b78d67?s=96&d=mm&r=g","caption":"Paulina Pyci\u0144ska"},"url":"https:\/\/www.wesolyskrzat.edu.pl\/index.php\/author\/pycinska\/"}]}},"_links":{"self":[{"href":"https:\/\/www.wesolyskrzat.edu.pl\/index.php\/wp-json\/wp\/v2\/posts\/6095","targetHints":{"allow":["GET"]}}],"collection":[{"href":"https:\/\/www.wesolyskrzat.edu.pl\/index.php\/wp-json\/wp\/v2\/posts"}],"about":[{"href":"https:\/\/www.wesolyskrzat.edu.pl\/index.php\/wp-json\/wp\/v2\/types\/post"}],"author":[{"embeddable":true,"href":"https:\/\/www.wesolyskrzat.edu.pl\/index.php\/wp-json\/wp\/v2\/users\/3"}],"replies":[{"embeddable":true,"href":"https:\/\/www.wesolyskrzat.edu.pl\/index.php\/wp-json\/wp\/v2\/comments?post=6095"}],"version-history":[{"count":1,"href":"https:\/\/www.wesolyskrzat.edu.pl\/index.php\/wp-json\/wp\/v2\/posts\/6095\/revisions"}],"predecessor-version":[{"id":6101,"href":"https:\/\/www.wesolyskrzat.edu.pl\/index.php\/wp-json\/wp\/v2\/posts\/6095\/revisions\/6101"}],"wp:featuredmedia":[{"embeddable":true,"href":"https:\/\/www.wesolyskrzat.edu.pl\/index.php\/wp-json\/wp\/v2\/media\/6099"}],"wp:attachment":[{"href":"https:\/\/www.wesolyskrzat.edu.pl\/index.php\/wp-json\/wp\/v2\/media?parent=6095"}],"wp:term":[{"taxonomy":"category","embeddable":true,"href":"https:\/\/www.wesolyskrzat.edu.pl\/index.php\/wp-json\/wp\/v2\/categories?post=6095"},{"taxonomy":"post_tag","embeddable":true,"href":"https:\/\/www.wesolyskrzat.edu.pl\/index.php\/wp-json\/wp\/v2\/tags?post=6095"}],"curies":[{"name":"wp","href":"https:\/\/api.w.org\/{rel}","templated":true}]}}