{"id":4986,"date":"2024-11-29T13:47:40","date_gmt":"2024-11-29T12:47:40","guid":{"rendered":"https:\/\/www.wesolyskrzat.edu.pl\/?p=4986"},"modified":"2024-11-29T13:47:42","modified_gmt":"2024-11-29T12:47:42","slug":"swiatowy-dzien-pluszowego-misia","status":"publish","type":"post","link":"https:\/\/www.wesolyskrzat.edu.pl\/index.php\/2024\/11\/29\/swiatowy-dzien-pluszowego-misia\/","title":{"rendered":"\u015awiatowy Dzie\u0144 Pluszowego Misia"},"content":{"rendered":"\n<p>25 listopada grupa &#8222;Pszcz\u00f3\u0142ki&#8221; uczestniczy\u0142a w obchodach &#8222;\u015awiatowego Dnia Pluszowego Misia&#8221;.<\/p>\n\n\n\n<p>Ten wyj\u0105tkowy dzie\u0144 by\u0142 pe\u0142en u\u015bmiechu, rado\u015bci i \u015bwietnej zabawy.<\/p>\n\n\n\n<p>Dzieci by\u0142y szcz\u0119\u015bliwe gdy\u017c mog\u0142y sp\u0119dzi\u0107 wiele czasu ze swoim pluszowym ulubie\u0144cem oraz pokaza\u0107 swojego przyjaciela kole\u017cankom i kolegom.<\/p>\n\n\n\n<figure class=\"wp-block-gallery has-nested-images columns-2 is-cropped wp-block-gallery-1 is-layout-flex wp-block-gallery-is-layout-flex\">\n<figure class=\"wp-block-image size-full\"><img loading=\"lazy\" decoding=\"async\" width=\"2560\" height=\"1920\" data-id=\"4996\" src=\"https:\/\/www.wesolyskrzat.edu.pl\/wp-content\/uploads\/2024\/11\/IMG_20241125_101932-scaled.jpg\" alt=\"\" class=\"wp-image-4996\" srcset=\"https:\/\/www.wesolyskrzat.edu.pl\/wp-content\/uploads\/2024\/11\/IMG_20241125_101932-scaled.jpg 2560w, https:\/\/www.wesolyskrzat.edu.pl\/wp-content\/uploads\/2024\/11\/IMG_20241125_101932-300x225.jpg 300w, https:\/\/www.wesolyskrzat.edu.pl\/wp-content\/uploads\/2024\/11\/IMG_20241125_101932-1024x768.jpg 1024w, https:\/\/www.wesolyskrzat.edu.pl\/wp-content\/uploads\/2024\/11\/IMG_20241125_101932-768x576.jpg 768w, https:\/\/www.wesolyskrzat.edu.pl\/wp-content\/uploads\/2024\/11\/IMG_20241125_101932-1536x1152.jpg 1536w, https:\/\/www.wesolyskrzat.edu.pl\/wp-content\/uploads\/2024\/11\/IMG_20241125_101932-2048x1536.jpg 2048w\" sizes=\"auto, (max-width: 2560px) 100vw, 2560px\" \/><\/figure>\n\n\n\n<figure class=\"wp-block-image size-full\"><img loading=\"lazy\" decoding=\"async\" width=\"2560\" height=\"1920\" data-id=\"4997\" src=\"https:\/\/www.wesolyskrzat.edu.pl\/wp-content\/uploads\/2024\/11\/IMG_20241125_102103-scaled.jpg\" alt=\"\" class=\"wp-image-4997\" srcset=\"https:\/\/www.wesolyskrzat.edu.pl\/wp-content\/uploads\/2024\/11\/IMG_20241125_102103-scaled.jpg 2560w, https:\/\/www.wesolyskrzat.edu.pl\/wp-content\/uploads\/2024\/11\/IMG_20241125_102103-300x225.jpg 300w, https:\/\/www.wesolyskrzat.edu.pl\/wp-content\/uploads\/2024\/11\/IMG_20241125_102103-1024x768.jpg 1024w, https:\/\/www.wesolyskrzat.edu.pl\/wp-content\/uploads\/2024\/11\/IMG_20241125_102103-768x576.jpg 768w, https:\/\/www.wesolyskrzat.edu.pl\/wp-content\/uploads\/2024\/11\/IMG_20241125_102103-1536x1152.jpg 1536w, https:\/\/www.wesolyskrzat.edu.pl\/wp-content\/uploads\/2024\/11\/IMG_20241125_102103-2048x1536.jpg 2048w\" sizes=\"auto, (max-width: 2560px) 100vw, 2560px\" \/><\/figure>\n\n\n\n<figure class=\"wp-block-image size-full\"><img loading=\"lazy\" decoding=\"async\" width=\"2560\" height=\"1920\" data-id=\"4995\" src=\"https:\/\/www.wesolyskrzat.edu.pl\/wp-content\/uploads\/2024\/11\/IMG_20241126_072042-scaled.jpg\" alt=\"\" class=\"wp-image-4995\" srcset=\"https:\/\/www.wesolyskrzat.edu.pl\/wp-content\/uploads\/2024\/11\/IMG_20241126_072042-scaled.jpg 2560w, https:\/\/www.wesolyskrzat.edu.pl\/wp-content\/uploads\/2024\/11\/IMG_20241126_072042-300x225.jpg 300w, https:\/\/www.wesolyskrzat.edu.pl\/wp-content\/uploads\/2024\/11\/IMG_20241126_072042-1024x768.jpg 1024w, https:\/\/www.wesolyskrzat.edu.pl\/wp-content\/uploads\/2024\/11\/IMG_20241126_072042-768x576.jpg 768w, https:\/\/www.wesolyskrzat.edu.pl\/wp-content\/uploads\/2024\/11\/IMG_20241126_072042-1536x1152.jpg 1536w, https:\/\/www.wesolyskrzat.edu.pl\/wp-content\/uploads\/2024\/11\/IMG_20241126_072042-2048x1536.jpg 2048w\" sizes=\"auto, (max-width: 2560px) 100vw, 2560px\" \/><\/figure>\n\n\n\n<figure class=\"wp-block-image size-full\"><img loading=\"lazy\" decoding=\"async\" width=\"1080\" height=\"1295\" data-id=\"4989\" src=\"https:\/\/www.wesolyskrzat.edu.pl\/wp-content\/uploads\/2024\/11\/IMG_20241126_055405.jpg\" alt=\"\" class=\"wp-image-4989\" srcset=\"https:\/\/www.wesolyskrzat.edu.pl\/wp-content\/uploads\/2024\/11\/IMG_20241126_055405.jpg 1080w, https:\/\/www.wesolyskrzat.edu.pl\/wp-content\/uploads\/2024\/11\/IMG_20241126_055405-250x300.jpg 250w, https:\/\/www.wesolyskrzat.edu.pl\/wp-content\/uploads\/2024\/11\/IMG_20241126_055405-854x1024.jpg 854w, https:\/\/www.wesolyskrzat.edu.pl\/wp-content\/uploads\/2024\/11\/IMG_20241126_055405-768x921.jpg 768w\" sizes=\"auto, (max-width: 1080px) 100vw, 1080px\" \/><\/figure>\n\n\n\n<figure class=\"wp-block-image size-full\"><img loading=\"lazy\" decoding=\"async\" width=\"2560\" height=\"1920\" data-id=\"4994\" src=\"https:\/\/www.wesolyskrzat.edu.pl\/wp-content\/uploads\/2024\/11\/IMG_20241126_072101-scaled.jpg\" alt=\"\" class=\"wp-image-4994\" srcset=\"https:\/\/www.wesolyskrzat.edu.pl\/wp-content\/uploads\/2024\/11\/IMG_20241126_072101-scaled.jpg 2560w, https:\/\/www.wesolyskrzat.edu.pl\/wp-content\/uploads\/2024\/11\/IMG_20241126_072101-300x225.jpg 300w, https:\/\/www.wesolyskrzat.edu.pl\/wp-content\/uploads\/2024\/11\/IMG_20241126_072101-1024x768.jpg 1024w, https:\/\/www.wesolyskrzat.edu.pl\/wp-content\/uploads\/2024\/11\/IMG_20241126_072101-768x576.jpg 768w, https:\/\/www.wesolyskrzat.edu.pl\/wp-content\/uploads\/2024\/11\/IMG_20241126_072101-1536x1152.jpg 1536w, https:\/\/www.wesolyskrzat.edu.pl\/wp-content\/uploads\/2024\/11\/IMG_20241126_072101-2048x1536.jpg 2048w\" sizes=\"auto, (max-width: 2560px) 100vw, 2560px\" \/><\/figure>\n\n\n\n<figure class=\"wp-block-image size-full\"><img loading=\"lazy\" decoding=\"async\" width=\"1080\" height=\"1412\" data-id=\"4991\" src=\"https:\/\/www.wesolyskrzat.edu.pl\/wp-content\/uploads\/2024\/11\/IMG_20241126_055503.jpg\" alt=\"\" class=\"wp-image-4991\" srcset=\"https:\/\/www.wesolyskrzat.edu.pl\/wp-content\/uploads\/2024\/11\/IMG_20241126_055503.jpg 1080w, https:\/\/www.wesolyskrzat.edu.pl\/wp-content\/uploads\/2024\/11\/IMG_20241126_055503-229x300.jpg 229w, https:\/\/www.wesolyskrzat.edu.pl\/wp-content\/uploads\/2024\/11\/IMG_20241126_055503-783x1024.jpg 783w, https:\/\/www.wesolyskrzat.edu.pl\/wp-content\/uploads\/2024\/11\/IMG_20241126_055503-768x1004.jpg 768w\" sizes=\"auto, (max-width: 1080px) 100vw, 1080px\" \/><\/figure>\n\n\n\n<figure class=\"wp-block-image size-full\"><img loading=\"lazy\" decoding=\"async\" width=\"1080\" height=\"1418\" data-id=\"4993\" src=\"https:\/\/www.wesolyskrzat.edu.pl\/wp-content\/uploads\/2024\/11\/IMG_20241126_055555.jpg\" alt=\"\" class=\"wp-image-4993\" srcset=\"https:\/\/www.wesolyskrzat.edu.pl\/wp-content\/uploads\/2024\/11\/IMG_20241126_055555.jpg 1080w, https:\/\/www.wesolyskrzat.edu.pl\/wp-content\/uploads\/2024\/11\/IMG_20241126_055555-228x300.jpg 228w, https:\/\/www.wesolyskrzat.edu.pl\/wp-content\/uploads\/2024\/11\/IMG_20241126_055555-780x1024.jpg 780w, https:\/\/www.wesolyskrzat.edu.pl\/wp-content\/uploads\/2024\/11\/IMG_20241126_055555-768x1008.jpg 768w\" sizes=\"auto, (max-width: 1080px) 100vw, 1080px\" \/><\/figure>\n\n\n\n<figure class=\"wp-block-image size-full\"><img loading=\"lazy\" decoding=\"async\" width=\"1080\" height=\"1412\" data-id=\"4990\" src=\"https:\/\/www.wesolyskrzat.edu.pl\/wp-content\/uploads\/2024\/11\/IMG_20241126_055635.jpg\" alt=\"\" class=\"wp-image-4990\" srcset=\"https:\/\/www.wesolyskrzat.edu.pl\/wp-content\/uploads\/2024\/11\/IMG_20241126_055635.jpg 1080w, https:\/\/www.wesolyskrzat.edu.pl\/wp-content\/uploads\/2024\/11\/IMG_20241126_055635-229x300.jpg 229w, https:\/\/www.wesolyskrzat.edu.pl\/wp-content\/uploads\/2024\/11\/IMG_20241126_055635-783x1024.jpg 783w, https:\/\/www.wesolyskrzat.edu.pl\/wp-content\/uploads\/2024\/11\/IMG_20241126_055635-768x1004.jpg 768w\" sizes=\"auto, (max-width: 1080px) 100vw, 1080px\" \/><\/figure>\n\n\n\n<figure class=\"wp-block-image size-full\"><img loading=\"lazy\" decoding=\"async\" width=\"1080\" height=\"978\" data-id=\"4988\" src=\"https:\/\/www.wesolyskrzat.edu.pl\/wp-content\/uploads\/2024\/11\/IMG_20241126_055818.jpg\" alt=\"\" class=\"wp-image-4988\" srcset=\"https:\/\/www.wesolyskrzat.edu.pl\/wp-content\/uploads\/2024\/11\/IMG_20241126_055818.jpg 1080w, https:\/\/www.wesolyskrzat.edu.pl\/wp-content\/uploads\/2024\/11\/IMG_20241126_055818-300x272.jpg 300w, https:\/\/www.wesolyskrzat.edu.pl\/wp-content\/uploads\/2024\/11\/IMG_20241126_055818-1024x927.jpg 1024w, https:\/\/www.wesolyskrzat.edu.pl\/wp-content\/uploads\/2024\/11\/IMG_20241126_055818-768x695.jpg 768w\" sizes=\"auto, (max-width: 1080px) 100vw, 1080px\" \/><\/figure>\n\n\n\n<figure class=\"wp-block-image size-full\"><img loading=\"lazy\" decoding=\"async\" width=\"1080\" height=\"1412\" data-id=\"4992\" src=\"https:\/\/www.wesolyskrzat.edu.pl\/wp-content\/uploads\/2024\/11\/IMG_20241128_232857.jpg\" alt=\"\" class=\"wp-image-4992\" srcset=\"https:\/\/www.wesolyskrzat.edu.pl\/wp-content\/uploads\/2024\/11\/IMG_20241128_232857.jpg 1080w, https:\/\/www.wesolyskrzat.edu.pl\/wp-content\/uploads\/2024\/11\/IMG_20241128_232857-229x300.jpg 229w, https:\/\/www.wesolyskrzat.edu.pl\/wp-content\/uploads\/2024\/11\/IMG_20241128_232857-783x1024.jpg 783w, https:\/\/www.wesolyskrzat.edu.pl\/wp-content\/uploads\/2024\/11\/IMG_20241128_232857-768x1004.jpg 768w\" sizes=\"auto, (max-width: 1080px) 100vw, 1080px\" \/><\/figure>\n\n\n\n<figure class=\"wp-block-image size-full\"><img loading=\"lazy\" decoding=\"async\" width=\"1080\" height=\"1126\" data-id=\"4987\" src=\"https:\/\/www.wesolyskrzat.edu.pl\/wp-content\/uploads\/2024\/11\/IMG_20241128_233012.jpg\" alt=\"\" class=\"wp-image-4987\" srcset=\"https:\/\/www.wesolyskrzat.edu.pl\/wp-content\/uploads\/2024\/11\/IMG_20241128_233012.jpg 1080w, https:\/\/www.wesolyskrzat.edu.pl\/wp-content\/uploads\/2024\/11\/IMG_20241128_233012-288x300.jpg 288w, https:\/\/www.wesolyskrzat.edu.pl\/wp-content\/uploads\/2024\/11\/IMG_20241128_233012-982x1024.jpg 982w, https:\/\/www.wesolyskrzat.edu.pl\/wp-content\/uploads\/2024\/11\/IMG_20241128_233012-768x801.jpg 768w\" sizes=\"auto, (max-width: 1080px) 100vw, 1080px\" \/><\/figure>\n<\/figure>\n","protected":false},"excerpt":{"rendered":"<p>25 listopada grupa &#8222;Pszcz\u00f3\u0142ki&#8221; uczestniczy\u0142a w obchodach &#8222;\u015awiatowego Dnia Pluszowego Misia&#8221;. Ten wyj\u0105tkowy dzie\u0144 by\u0142 pe\u0142en u\u015bmiechu, rado\u015bci i \u015bwietnej zabawy. Dzieci by\u0142y szcz\u0119\u015bliwe gdy\u017c mog\u0142y sp\u0119dzi\u0107 wiele czasu ze swoim pluszowym ulubie\u0144cem oraz pokaza\u0107 swojego przyjaciela kole\u017cankom i kolegom.<\/p>\n","protected":false},"author":3,"featured_media":0,"comment_status":"closed","ping_status":"open","sticky":false,"template":"","format":"standard","meta":{"footnotes":""},"categories":[49],"tags":[],"class_list":["post-4986","post","type-post","status-publish","format-standard","hentry","category-pszczolki-6-latki"],"yoast_head":"<!-- This site is optimized with the Yoast SEO plugin v18.5.1 - https:\/\/yoast.com\/wordpress\/plugins\/seo\/ -->\n<title>\u015awiatowy Dzie\u0144 Pluszowego Misia - Weso\u0142y Skrzat<\/title>\n<meta name=\"robots\" content=\"index, follow, max-snippet:-1, max-image-preview:large, max-video-preview:-1\" \/>\n<link rel=\"canonical\" href=\"https:\/\/www.wesolyskrzat.edu.pl\/index.php\/2024\/11\/29\/swiatowy-dzien-pluszowego-misia\/\" \/>\n<meta property=\"og:locale\" content=\"pl_PL\" \/>\n<meta property=\"og:type\" content=\"article\" \/>\n<meta property=\"og:title\" content=\"\u015awiatowy Dzie\u0144 Pluszowego Misia - Weso\u0142y Skrzat\" \/>\n<meta property=\"og:description\" content=\"25 listopada grupa &#8222;Pszcz\u00f3\u0142ki&#8221; uczestniczy\u0142a w obchodach &#8222;\u015awiatowego Dnia Pluszowego Misia&#8221;. Ten wyj\u0105tkowy dzie\u0144 by\u0142 pe\u0142en u\u015bmiechu, rado\u015bci i \u015bwietnej zabawy. Dzieci by\u0142y szcz\u0119\u015bliwe gdy\u017c mog\u0142y sp\u0119dzi\u0107 wiele czasu ze swoim pluszowym ulubie\u0144cem oraz pokaza\u0107 swojego przyjaciela kole\u017cankom i kolegom.\" \/>\n<meta property=\"og:url\" content=\"https:\/\/www.wesolyskrzat.edu.pl\/index.php\/2024\/11\/29\/swiatowy-dzien-pluszowego-misia\/\" \/>\n<meta property=\"og:site_name\" content=\"Weso\u0142y Skrzat\" \/>\n<meta property=\"article:published_time\" content=\"2024-11-29T12:47:40+00:00\" \/>\n<meta property=\"article:modified_time\" content=\"2024-11-29T12:47:42+00:00\" \/>\n<meta property=\"og:image\" content=\"https:\/\/www.wesolyskrzat.edu.pl\/wp-content\/uploads\/2024\/11\/IMG_20241125_101932-scaled.jpg\" \/>\n<meta name=\"twitter:card\" content=\"summary_large_image\" \/>\n<meta name=\"twitter:label1\" content=\"Napisane przez\" \/>\n\t<meta name=\"twitter:data1\" content=\"Paulina Pyci\u0144ska\" \/>\n<script type=\"application\/ld+json\" class=\"yoast-schema-graph\">{\"@context\":\"https:\/\/schema.org\",\"@graph\":[{\"@type\":\"WebSite\",\"@id\":\"https:\/\/www.wesolyskrzat.edu.pl\/#website\",\"url\":\"https:\/\/www.wesolyskrzat.edu.pl\/\",\"name\":\"Weso\u0142y Skrzat\",\"description\":\"Najpi\u0119kniejsze przedszkole w Markach\",\"potentialAction\":[{\"@type\":\"SearchAction\",\"target\":{\"@type\":\"EntryPoint\",\"urlTemplate\":\"https:\/\/www.wesolyskrzat.edu.pl\/?s={search_term_string}\"},\"query-input\":\"required name=search_term_string\"}],\"inLanguage\":\"pl-PL\"},{\"@type\":\"ImageObject\",\"@id\":\"https:\/\/www.wesolyskrzat.edu.pl\/index.php\/2024\/11\/29\/swiatowy-dzien-pluszowego-misia\/#primaryimage\",\"inLanguage\":\"pl-PL\",\"url\":\"https:\/\/www.wesolyskrzat.edu.pl\/wp-content\/uploads\/2024\/11\/IMG_20241125_101932-scaled.jpg\",\"contentUrl\":\"https:\/\/www.wesolyskrzat.edu.pl\/wp-content\/uploads\/2024\/11\/IMG_20241125_101932-scaled.jpg\",\"width\":2560,\"height\":1920},{\"@type\":\"WebPage\",\"@id\":\"https:\/\/www.wesolyskrzat.edu.pl\/index.php\/2024\/11\/29\/swiatowy-dzien-pluszowego-misia\/#webpage\",\"url\":\"https:\/\/www.wesolyskrzat.edu.pl\/index.php\/2024\/11\/29\/swiatowy-dzien-pluszowego-misia\/\",\"name\":\"\u015awiatowy Dzie\u0144 Pluszowego Misia - Weso\u0142y Skrzat\",\"isPartOf\":{\"@id\":\"https:\/\/www.wesolyskrzat.edu.pl\/#website\"},\"primaryImageOfPage\":{\"@id\":\"https:\/\/www.wesolyskrzat.edu.pl\/index.php\/2024\/11\/29\/swiatowy-dzien-pluszowego-misia\/#primaryimage\"},\"datePublished\":\"2024-11-29T12:47:40+00:00\",\"dateModified\":\"2024-11-29T12:47:42+00:00\",\"author\":{\"@id\":\"https:\/\/www.wesolyskrzat.edu.pl\/#\/schema\/person\/665c990d766e7b21f5731227b7d3f0f6\"},\"breadcrumb\":{\"@id\":\"https:\/\/www.wesolyskrzat.edu.pl\/index.php\/2024\/11\/29\/swiatowy-dzien-pluszowego-misia\/#breadcrumb\"},\"inLanguage\":\"pl-PL\",\"potentialAction\":[{\"@type\":\"ReadAction\",\"target\":[\"https:\/\/www.wesolyskrzat.edu.pl\/index.php\/2024\/11\/29\/swiatowy-dzien-pluszowego-misia\/\"]}]},{\"@type\":\"BreadcrumbList\",\"@id\":\"https:\/\/www.wesolyskrzat.edu.pl\/index.php\/2024\/11\/29\/swiatowy-dzien-pluszowego-misia\/#breadcrumb\",\"itemListElement\":[{\"@type\":\"ListItem\",\"position\":1,\"name\":\"Home\",\"item\":\"https:\/\/www.wesolyskrzat.edu.pl\/\"},{\"@type\":\"ListItem\",\"position\":2,\"name\":\"\u015awiatowy Dzie\u0144 Pluszowego Misia\"}]},{\"@type\":\"Person\",\"@id\":\"https:\/\/www.wesolyskrzat.edu.pl\/#\/schema\/person\/665c990d766e7b21f5731227b7d3f0f6\",\"name\":\"Paulina Pyci\u0144ska\",\"image\":{\"@type\":\"ImageObject\",\"@id\":\"https:\/\/www.wesolyskrzat.edu.pl\/#personlogo\",\"inLanguage\":\"pl-PL\",\"url\":\"https:\/\/secure.gravatar.com\/avatar\/3e43e454ecfe17681ca5008a70eb6887dad418e79fd9180caf1239bb35b78d67?s=96&d=mm&r=g\",\"contentUrl\":\"https:\/\/secure.gravatar.com\/avatar\/3e43e454ecfe17681ca5008a70eb6887dad418e79fd9180caf1239bb35b78d67?s=96&d=mm&r=g\",\"caption\":\"Paulina Pyci\u0144ska\"},\"url\":\"https:\/\/www.wesolyskrzat.edu.pl\/index.php\/author\/pycinska\/\"}]}<\/script>\n<!-- \/ Yoast SEO plugin. -->","yoast_head_json":{"title":"\u015awiatowy Dzie\u0144 Pluszowego Misia - Weso\u0142y Skrzat","robots":{"index":"index","follow":"follow","max-snippet":"max-snippet:-1","max-image-preview":"max-image-preview:large","max-video-preview":"max-video-preview:-1"},"canonical":"https:\/\/www.wesolyskrzat.edu.pl\/index.php\/2024\/11\/29\/swiatowy-dzien-pluszowego-misia\/","og_locale":"pl_PL","og_type":"article","og_title":"\u015awiatowy Dzie\u0144 Pluszowego Misia - Weso\u0142y Skrzat","og_description":"25 listopada grupa &#8222;Pszcz\u00f3\u0142ki&#8221; uczestniczy\u0142a w obchodach &#8222;\u015awiatowego Dnia Pluszowego Misia&#8221;. Ten wyj\u0105tkowy dzie\u0144 by\u0142 pe\u0142en u\u015bmiechu, rado\u015bci i \u015bwietnej zabawy. Dzieci by\u0142y szcz\u0119\u015bliwe gdy\u017c mog\u0142y sp\u0119dzi\u0107 wiele czasu ze swoim pluszowym ulubie\u0144cem oraz pokaza\u0107 swojego przyjaciela kole\u017cankom i kolegom.","og_url":"https:\/\/www.wesolyskrzat.edu.pl\/index.php\/2024\/11\/29\/swiatowy-dzien-pluszowego-misia\/","og_site_name":"Weso\u0142y Skrzat","article_published_time":"2024-11-29T12:47:40+00:00","article_modified_time":"2024-11-29T12:47:42+00:00","og_image":[{"url":"https:\/\/www.wesolyskrzat.edu.pl\/wp-content\/uploads\/2024\/11\/IMG_20241125_101932-scaled.jpg"}],"twitter_card":"summary_large_image","twitter_misc":{"Napisane przez":"Paulina Pyci\u0144ska"},"schema":{"@context":"https:\/\/schema.org","@graph":[{"@type":"WebSite","@id":"https:\/\/www.wesolyskrzat.edu.pl\/#website","url":"https:\/\/www.wesolyskrzat.edu.pl\/","name":"Weso\u0142y Skrzat","description":"Najpi\u0119kniejsze przedszkole w Markach","potentialAction":[{"@type":"SearchAction","target":{"@type":"EntryPoint","urlTemplate":"https:\/\/www.wesolyskrzat.edu.pl\/?s={search_term_string}"},"query-input":"required name=search_term_string"}],"inLanguage":"pl-PL"},{"@type":"ImageObject","@id":"https:\/\/www.wesolyskrzat.edu.pl\/index.php\/2024\/11\/29\/swiatowy-dzien-pluszowego-misia\/#primaryimage","inLanguage":"pl-PL","url":"https:\/\/www.wesolyskrzat.edu.pl\/wp-content\/uploads\/2024\/11\/IMG_20241125_101932-scaled.jpg","contentUrl":"https:\/\/www.wesolyskrzat.edu.pl\/wp-content\/uploads\/2024\/11\/IMG_20241125_101932-scaled.jpg","width":2560,"height":1920},{"@type":"WebPage","@id":"https:\/\/www.wesolyskrzat.edu.pl\/index.php\/2024\/11\/29\/swiatowy-dzien-pluszowego-misia\/#webpage","url":"https:\/\/www.wesolyskrzat.edu.pl\/index.php\/2024\/11\/29\/swiatowy-dzien-pluszowego-misia\/","name":"\u015awiatowy Dzie\u0144 Pluszowego Misia - Weso\u0142y Skrzat","isPartOf":{"@id":"https:\/\/www.wesolyskrzat.edu.pl\/#website"},"primaryImageOfPage":{"@id":"https:\/\/www.wesolyskrzat.edu.pl\/index.php\/2024\/11\/29\/swiatowy-dzien-pluszowego-misia\/#primaryimage"},"datePublished":"2024-11-29T12:47:40+00:00","dateModified":"2024-11-29T12:47:42+00:00","author":{"@id":"https:\/\/www.wesolyskrzat.edu.pl\/#\/schema\/person\/665c990d766e7b21f5731227b7d3f0f6"},"breadcrumb":{"@id":"https:\/\/www.wesolyskrzat.edu.pl\/index.php\/2024\/11\/29\/swiatowy-dzien-pluszowego-misia\/#breadcrumb"},"inLanguage":"pl-PL","potentialAction":[{"@type":"ReadAction","target":["https:\/\/www.wesolyskrzat.edu.pl\/index.php\/2024\/11\/29\/swiatowy-dzien-pluszowego-misia\/"]}]},{"@type":"BreadcrumbList","@id":"https:\/\/www.wesolyskrzat.edu.pl\/index.php\/2024\/11\/29\/swiatowy-dzien-pluszowego-misia\/#breadcrumb","itemListElement":[{"@type":"ListItem","position":1,"name":"Home","item":"https:\/\/www.wesolyskrzat.edu.pl\/"},{"@type":"ListItem","position":2,"name":"\u015awiatowy Dzie\u0144 Pluszowego Misia"}]},{"@type":"Person","@id":"https:\/\/www.wesolyskrzat.edu.pl\/#\/schema\/person\/665c990d766e7b21f5731227b7d3f0f6","name":"Paulina Pyci\u0144ska","image":{"@type":"ImageObject","@id":"https:\/\/www.wesolyskrzat.edu.pl\/#personlogo","inLanguage":"pl-PL","url":"https:\/\/secure.gravatar.com\/avatar\/3e43e454ecfe17681ca5008a70eb6887dad418e79fd9180caf1239bb35b78d67?s=96&d=mm&r=g","contentUrl":"https:\/\/secure.gravatar.com\/avatar\/3e43e454ecfe17681ca5008a70eb6887dad418e79fd9180caf1239bb35b78d67?s=96&d=mm&r=g","caption":"Paulina Pyci\u0144ska"},"url":"https:\/\/www.wesolyskrzat.edu.pl\/index.php\/author\/pycinska\/"}]}},"_links":{"self":[{"href":"https:\/\/www.wesolyskrzat.edu.pl\/index.php\/wp-json\/wp\/v2\/posts\/4986","targetHints":{"allow":["GET"]}}],"collection":[{"href":"https:\/\/www.wesolyskrzat.edu.pl\/index.php\/wp-json\/wp\/v2\/posts"}],"about":[{"href":"https:\/\/www.wesolyskrzat.edu.pl\/index.php\/wp-json\/wp\/v2\/types\/post"}],"author":[{"embeddable":true,"href":"https:\/\/www.wesolyskrzat.edu.pl\/index.php\/wp-json\/wp\/v2\/users\/3"}],"replies":[{"embeddable":true,"href":"https:\/\/www.wesolyskrzat.edu.pl\/index.php\/wp-json\/wp\/v2\/comments?post=4986"}],"version-history":[{"count":1,"href":"https:\/\/www.wesolyskrzat.edu.pl\/index.php\/wp-json\/wp\/v2\/posts\/4986\/revisions"}],"predecessor-version":[{"id":4998,"href":"https:\/\/www.wesolyskrzat.edu.pl\/index.php\/wp-json\/wp\/v2\/posts\/4986\/revisions\/4998"}],"wp:attachment":[{"href":"https:\/\/www.wesolyskrzat.edu.pl\/index.php\/wp-json\/wp\/v2\/media?parent=4986"}],"wp:term":[{"taxonomy":"category","embeddable":true,"href":"https:\/\/www.wesolyskrzat.edu.pl\/index.php\/wp-json\/wp\/v2\/categories?post=4986"},{"taxonomy":"post_tag","embeddable":true,"href":"https:\/\/www.wesolyskrzat.edu.pl\/index.php\/wp-json\/wp\/v2\/tags?post=4986"}],"curies":[{"name":"wp","href":"https:\/\/api.w.org\/{rel}","templated":true}]}}