{"id":4416,"date":"2024-10-18T15:09:21","date_gmt":"2024-10-18T13:09:21","guid":{"rendered":"https:\/\/www.wesolyskrzat.edu.pl\/?p=4416"},"modified":"2024-10-18T15:09:23","modified_gmt":"2024-10-18T13:09:23","slug":"bajeczki-z-walizeczki","status":"publish","type":"post","link":"https:\/\/www.wesolyskrzat.edu.pl\/index.php\/2024\/10\/18\/bajeczki-z-walizeczki\/","title":{"rendered":"&#8222;Bajeczki z walizeczki&#8221;"},"content":{"rendered":"\n<p>14 pa\u017adziernika dzieci z grupy Krasnali odwiedzi\u0142y Panie z Publicznej Bilblioteki w Markach. Przeczyta\u0142y dzieci\u0119ce opowiadania i zach\u0119ca\u0142y do odwiedzania biblioteki.<\/p>\n\n\n\n<figure class=\"wp-block-gallery has-nested-images columns-1 is-cropped wp-block-gallery-1 is-layout-flex wp-block-gallery-is-layout-flex\">\n<figure class=\"wp-block-image size-full\"><img loading=\"lazy\" decoding=\"async\" width=\"1536\" height=\"2048\" data-id=\"4417\" src=\"https:\/\/www.wesolyskrzat.edu.pl\/wp-content\/uploads\/2024\/10\/IMG_6234.jpeg\" alt=\"\" class=\"wp-image-4417\" srcset=\"https:\/\/www.wesolyskrzat.edu.pl\/wp-content\/uploads\/2024\/10\/IMG_6234.jpeg 1536w, https:\/\/www.wesolyskrzat.edu.pl\/wp-content\/uploads\/2024\/10\/IMG_6234-225x300.jpeg 225w, https:\/\/www.wesolyskrzat.edu.pl\/wp-content\/uploads\/2024\/10\/IMG_6234-768x1024.jpeg 768w, https:\/\/www.wesolyskrzat.edu.pl\/wp-content\/uploads\/2024\/10\/IMG_6234-1152x1536.jpeg 1152w\" sizes=\"auto, (max-width: 1536px) 100vw, 1536px\" \/><\/figure>\n\n\n\n<figure class=\"wp-block-image size-full\"><img loading=\"lazy\" decoding=\"async\" width=\"2048\" height=\"1536\" data-id=\"4419\" src=\"https:\/\/www.wesolyskrzat.edu.pl\/wp-content\/uploads\/2024\/10\/IMG_6235.jpeg\" alt=\"\" class=\"wp-image-4419\" srcset=\"https:\/\/www.wesolyskrzat.edu.pl\/wp-content\/uploads\/2024\/10\/IMG_6235.jpeg 2048w, https:\/\/www.wesolyskrzat.edu.pl\/wp-content\/uploads\/2024\/10\/IMG_6235-300x225.jpeg 300w, https:\/\/www.wesolyskrzat.edu.pl\/wp-content\/uploads\/2024\/10\/IMG_6235-1024x768.jpeg 1024w, https:\/\/www.wesolyskrzat.edu.pl\/wp-content\/uploads\/2024\/10\/IMG_6235-768x576.jpeg 768w, https:\/\/www.wesolyskrzat.edu.pl\/wp-content\/uploads\/2024\/10\/IMG_6235-1536x1152.jpeg 1536w\" sizes=\"auto, (max-width: 2048px) 100vw, 2048px\" \/><\/figure>\n\n\n\n<figure class=\"wp-block-image size-full\"><img loading=\"lazy\" decoding=\"async\" width=\"1536\" height=\"2048\" data-id=\"4421\" src=\"https:\/\/www.wesolyskrzat.edu.pl\/wp-content\/uploads\/2024\/10\/IMG_6231.jpeg\" alt=\"\" class=\"wp-image-4421\" srcset=\"https:\/\/www.wesolyskrzat.edu.pl\/wp-content\/uploads\/2024\/10\/IMG_6231.jpeg 1536w, https:\/\/www.wesolyskrzat.edu.pl\/wp-content\/uploads\/2024\/10\/IMG_6231-225x300.jpeg 225w, https:\/\/www.wesolyskrzat.edu.pl\/wp-content\/uploads\/2024\/10\/IMG_6231-768x1024.jpeg 768w, https:\/\/www.wesolyskrzat.edu.pl\/wp-content\/uploads\/2024\/10\/IMG_6231-1152x1536.jpeg 1152w\" sizes=\"auto, (max-width: 1536px) 100vw, 1536px\" \/><\/figure>\n\n\n\n<figure class=\"wp-block-image size-full\"><img loading=\"lazy\" decoding=\"async\" width=\"1536\" height=\"2048\" data-id=\"4420\" src=\"https:\/\/www.wesolyskrzat.edu.pl\/wp-content\/uploads\/2024\/10\/IMG_6233.jpeg\" alt=\"\" class=\"wp-image-4420\" srcset=\"https:\/\/www.wesolyskrzat.edu.pl\/wp-content\/uploads\/2024\/10\/IMG_6233.jpeg 1536w, https:\/\/www.wesolyskrzat.edu.pl\/wp-content\/uploads\/2024\/10\/IMG_6233-225x300.jpeg 225w, https:\/\/www.wesolyskrzat.edu.pl\/wp-content\/uploads\/2024\/10\/IMG_6233-768x1024.jpeg 768w, https:\/\/www.wesolyskrzat.edu.pl\/wp-content\/uploads\/2024\/10\/IMG_6233-1152x1536.jpeg 1152w\" sizes=\"auto, (max-width: 1536px) 100vw, 1536px\" \/><\/figure>\n\n\n\n<figure class=\"wp-block-image size-full\"><img loading=\"lazy\" decoding=\"async\" width=\"1536\" height=\"2048\" data-id=\"4418\" src=\"https:\/\/www.wesolyskrzat.edu.pl\/wp-content\/uploads\/2024\/10\/IMG_6232.jpeg\" alt=\"\" class=\"wp-image-4418\" srcset=\"https:\/\/www.wesolyskrzat.edu.pl\/wp-content\/uploads\/2024\/10\/IMG_6232.jpeg 1536w, https:\/\/www.wesolyskrzat.edu.pl\/wp-content\/uploads\/2024\/10\/IMG_6232-225x300.jpeg 225w, https:\/\/www.wesolyskrzat.edu.pl\/wp-content\/uploads\/2024\/10\/IMG_6232-768x1024.jpeg 768w, https:\/\/www.wesolyskrzat.edu.pl\/wp-content\/uploads\/2024\/10\/IMG_6232-1152x1536.jpeg 1152w\" sizes=\"auto, (max-width: 1536px) 100vw, 1536px\" \/><\/figure>\n<\/figure>\n\n\n\n<p><\/p>\n\n\n\n<p><\/p>\n\n\n\n<p><\/p>\n\n\n\n<p><\/p>\n\n\n\n<p><\/p>\n","protected":false},"excerpt":{"rendered":"<p>14 pa\u017adziernika dzieci z grupy Krasnali odwiedzi\u0142y Panie z Publicznej Bilblioteki w Markach. Przeczyta\u0142y dzieci\u0119ce opowiadania i zach\u0119ca\u0142y do odwiedzania biblioteki.<\/p>\n","protected":false},"author":3,"featured_media":0,"comment_status":"closed","ping_status":"open","sticky":false,"template":"","format":"standard","meta":{"footnotes":""},"categories":[46],"tags":[],"class_list":["post-4416","post","type-post","status-publish","format-standard","hentry","category-krasnale-3-latki"],"yoast_head":"<!-- This site is optimized with the Yoast SEO plugin v18.5.1 - https:\/\/yoast.com\/wordpress\/plugins\/seo\/ -->\n<title>&quot;Bajeczki z walizeczki&quot; - Weso\u0142y Skrzat<\/title>\n<meta name=\"robots\" content=\"index, follow, max-snippet:-1, max-image-preview:large, max-video-preview:-1\" \/>\n<link rel=\"canonical\" href=\"https:\/\/www.wesolyskrzat.edu.pl\/index.php\/2024\/10\/18\/bajeczki-z-walizeczki\/\" \/>\n<meta property=\"og:locale\" content=\"pl_PL\" \/>\n<meta property=\"og:type\" content=\"article\" \/>\n<meta property=\"og:title\" content=\"&quot;Bajeczki z walizeczki&quot; - Weso\u0142y Skrzat\" \/>\n<meta property=\"og:description\" content=\"14 pa\u017adziernika dzieci z grupy Krasnali odwiedzi\u0142y Panie z Publicznej Bilblioteki w Markach. Przeczyta\u0142y dzieci\u0119ce opowiadania i zach\u0119ca\u0142y do odwiedzania biblioteki.\" \/>\n<meta property=\"og:url\" content=\"https:\/\/www.wesolyskrzat.edu.pl\/index.php\/2024\/10\/18\/bajeczki-z-walizeczki\/\" \/>\n<meta property=\"og:site_name\" content=\"Weso\u0142y Skrzat\" \/>\n<meta property=\"article:published_time\" content=\"2024-10-18T13:09:21+00:00\" \/>\n<meta property=\"article:modified_time\" content=\"2024-10-18T13:09:23+00:00\" \/>\n<meta property=\"og:image\" content=\"https:\/\/www.wesolyskrzat.edu.pl\/wp-content\/uploads\/2024\/10\/IMG_6234.jpeg\" \/>\n<meta name=\"twitter:card\" content=\"summary_large_image\" \/>\n<meta name=\"twitter:label1\" content=\"Napisane przez\" \/>\n\t<meta name=\"twitter:data1\" content=\"Paulina Pyci\u0144ska\" \/>\n<script type=\"application\/ld+json\" class=\"yoast-schema-graph\">{\"@context\":\"https:\/\/schema.org\",\"@graph\":[{\"@type\":\"WebSite\",\"@id\":\"https:\/\/www.wesolyskrzat.edu.pl\/#website\",\"url\":\"https:\/\/www.wesolyskrzat.edu.pl\/\",\"name\":\"Weso\u0142y Skrzat\",\"description\":\"Najpi\u0119kniejsze przedszkole w Markach\",\"potentialAction\":[{\"@type\":\"SearchAction\",\"target\":{\"@type\":\"EntryPoint\",\"urlTemplate\":\"https:\/\/www.wesolyskrzat.edu.pl\/?s={search_term_string}\"},\"query-input\":\"required name=search_term_string\"}],\"inLanguage\":\"pl-PL\"},{\"@type\":\"ImageObject\",\"@id\":\"https:\/\/www.wesolyskrzat.edu.pl\/index.php\/2024\/10\/18\/bajeczki-z-walizeczki\/#primaryimage\",\"inLanguage\":\"pl-PL\",\"url\":\"https:\/\/www.wesolyskrzat.edu.pl\/wp-content\/uploads\/2024\/10\/IMG_6234.jpeg\",\"contentUrl\":\"https:\/\/www.wesolyskrzat.edu.pl\/wp-content\/uploads\/2024\/10\/IMG_6234.jpeg\",\"width\":1536,\"height\":2048},{\"@type\":\"WebPage\",\"@id\":\"https:\/\/www.wesolyskrzat.edu.pl\/index.php\/2024\/10\/18\/bajeczki-z-walizeczki\/#webpage\",\"url\":\"https:\/\/www.wesolyskrzat.edu.pl\/index.php\/2024\/10\/18\/bajeczki-z-walizeczki\/\",\"name\":\"\\\"Bajeczki z walizeczki\\\" - Weso\u0142y Skrzat\",\"isPartOf\":{\"@id\":\"https:\/\/www.wesolyskrzat.edu.pl\/#website\"},\"primaryImageOfPage\":{\"@id\":\"https:\/\/www.wesolyskrzat.edu.pl\/index.php\/2024\/10\/18\/bajeczki-z-walizeczki\/#primaryimage\"},\"datePublished\":\"2024-10-18T13:09:21+00:00\",\"dateModified\":\"2024-10-18T13:09:23+00:00\",\"author\":{\"@id\":\"https:\/\/www.wesolyskrzat.edu.pl\/#\/schema\/person\/665c990d766e7b21f5731227b7d3f0f6\"},\"breadcrumb\":{\"@id\":\"https:\/\/www.wesolyskrzat.edu.pl\/index.php\/2024\/10\/18\/bajeczki-z-walizeczki\/#breadcrumb\"},\"inLanguage\":\"pl-PL\",\"potentialAction\":[{\"@type\":\"ReadAction\",\"target\":[\"https:\/\/www.wesolyskrzat.edu.pl\/index.php\/2024\/10\/18\/bajeczki-z-walizeczki\/\"]}]},{\"@type\":\"BreadcrumbList\",\"@id\":\"https:\/\/www.wesolyskrzat.edu.pl\/index.php\/2024\/10\/18\/bajeczki-z-walizeczki\/#breadcrumb\",\"itemListElement\":[{\"@type\":\"ListItem\",\"position\":1,\"name\":\"Home\",\"item\":\"https:\/\/www.wesolyskrzat.edu.pl\/\"},{\"@type\":\"ListItem\",\"position\":2,\"name\":\"&#8222;Bajeczki z walizeczki&#8221;\"}]},{\"@type\":\"Person\",\"@id\":\"https:\/\/www.wesolyskrzat.edu.pl\/#\/schema\/person\/665c990d766e7b21f5731227b7d3f0f6\",\"name\":\"Paulina Pyci\u0144ska\",\"image\":{\"@type\":\"ImageObject\",\"@id\":\"https:\/\/www.wesolyskrzat.edu.pl\/#personlogo\",\"inLanguage\":\"pl-PL\",\"url\":\"https:\/\/secure.gravatar.com\/avatar\/3e43e454ecfe17681ca5008a70eb6887dad418e79fd9180caf1239bb35b78d67?s=96&d=mm&r=g\",\"contentUrl\":\"https:\/\/secure.gravatar.com\/avatar\/3e43e454ecfe17681ca5008a70eb6887dad418e79fd9180caf1239bb35b78d67?s=96&d=mm&r=g\",\"caption\":\"Paulina Pyci\u0144ska\"},\"url\":\"https:\/\/www.wesolyskrzat.edu.pl\/index.php\/author\/pycinska\/\"}]}<\/script>\n<!-- \/ Yoast SEO plugin. -->","yoast_head_json":{"title":"\"Bajeczki z walizeczki\" - Weso\u0142y Skrzat","robots":{"index":"index","follow":"follow","max-snippet":"max-snippet:-1","max-image-preview":"max-image-preview:large","max-video-preview":"max-video-preview:-1"},"canonical":"https:\/\/www.wesolyskrzat.edu.pl\/index.php\/2024\/10\/18\/bajeczki-z-walizeczki\/","og_locale":"pl_PL","og_type":"article","og_title":"\"Bajeczki z walizeczki\" - Weso\u0142y Skrzat","og_description":"14 pa\u017adziernika dzieci z grupy Krasnali odwiedzi\u0142y Panie z Publicznej Bilblioteki w Markach. Przeczyta\u0142y dzieci\u0119ce opowiadania i zach\u0119ca\u0142y do odwiedzania biblioteki.","og_url":"https:\/\/www.wesolyskrzat.edu.pl\/index.php\/2024\/10\/18\/bajeczki-z-walizeczki\/","og_site_name":"Weso\u0142y Skrzat","article_published_time":"2024-10-18T13:09:21+00:00","article_modified_time":"2024-10-18T13:09:23+00:00","og_image":[{"url":"https:\/\/www.wesolyskrzat.edu.pl\/wp-content\/uploads\/2024\/10\/IMG_6234.jpeg"}],"twitter_card":"summary_large_image","twitter_misc":{"Napisane przez":"Paulina Pyci\u0144ska"},"schema":{"@context":"https:\/\/schema.org","@graph":[{"@type":"WebSite","@id":"https:\/\/www.wesolyskrzat.edu.pl\/#website","url":"https:\/\/www.wesolyskrzat.edu.pl\/","name":"Weso\u0142y Skrzat","description":"Najpi\u0119kniejsze przedszkole w Markach","potentialAction":[{"@type":"SearchAction","target":{"@type":"EntryPoint","urlTemplate":"https:\/\/www.wesolyskrzat.edu.pl\/?s={search_term_string}"},"query-input":"required name=search_term_string"}],"inLanguage":"pl-PL"},{"@type":"ImageObject","@id":"https:\/\/www.wesolyskrzat.edu.pl\/index.php\/2024\/10\/18\/bajeczki-z-walizeczki\/#primaryimage","inLanguage":"pl-PL","url":"https:\/\/www.wesolyskrzat.edu.pl\/wp-content\/uploads\/2024\/10\/IMG_6234.jpeg","contentUrl":"https:\/\/www.wesolyskrzat.edu.pl\/wp-content\/uploads\/2024\/10\/IMG_6234.jpeg","width":1536,"height":2048},{"@type":"WebPage","@id":"https:\/\/www.wesolyskrzat.edu.pl\/index.php\/2024\/10\/18\/bajeczki-z-walizeczki\/#webpage","url":"https:\/\/www.wesolyskrzat.edu.pl\/index.php\/2024\/10\/18\/bajeczki-z-walizeczki\/","name":"\"Bajeczki z walizeczki\" - Weso\u0142y Skrzat","isPartOf":{"@id":"https:\/\/www.wesolyskrzat.edu.pl\/#website"},"primaryImageOfPage":{"@id":"https:\/\/www.wesolyskrzat.edu.pl\/index.php\/2024\/10\/18\/bajeczki-z-walizeczki\/#primaryimage"},"datePublished":"2024-10-18T13:09:21+00:00","dateModified":"2024-10-18T13:09:23+00:00","author":{"@id":"https:\/\/www.wesolyskrzat.edu.pl\/#\/schema\/person\/665c990d766e7b21f5731227b7d3f0f6"},"breadcrumb":{"@id":"https:\/\/www.wesolyskrzat.edu.pl\/index.php\/2024\/10\/18\/bajeczki-z-walizeczki\/#breadcrumb"},"inLanguage":"pl-PL","potentialAction":[{"@type":"ReadAction","target":["https:\/\/www.wesolyskrzat.edu.pl\/index.php\/2024\/10\/18\/bajeczki-z-walizeczki\/"]}]},{"@type":"BreadcrumbList","@id":"https:\/\/www.wesolyskrzat.edu.pl\/index.php\/2024\/10\/18\/bajeczki-z-walizeczki\/#breadcrumb","itemListElement":[{"@type":"ListItem","position":1,"name":"Home","item":"https:\/\/www.wesolyskrzat.edu.pl\/"},{"@type":"ListItem","position":2,"name":"&#8222;Bajeczki z walizeczki&#8221;"}]},{"@type":"Person","@id":"https:\/\/www.wesolyskrzat.edu.pl\/#\/schema\/person\/665c990d766e7b21f5731227b7d3f0f6","name":"Paulina Pyci\u0144ska","image":{"@type":"ImageObject","@id":"https:\/\/www.wesolyskrzat.edu.pl\/#personlogo","inLanguage":"pl-PL","url":"https:\/\/secure.gravatar.com\/avatar\/3e43e454ecfe17681ca5008a70eb6887dad418e79fd9180caf1239bb35b78d67?s=96&d=mm&r=g","contentUrl":"https:\/\/secure.gravatar.com\/avatar\/3e43e454ecfe17681ca5008a70eb6887dad418e79fd9180caf1239bb35b78d67?s=96&d=mm&r=g","caption":"Paulina Pyci\u0144ska"},"url":"https:\/\/www.wesolyskrzat.edu.pl\/index.php\/author\/pycinska\/"}]}},"_links":{"self":[{"href":"https:\/\/www.wesolyskrzat.edu.pl\/index.php\/wp-json\/wp\/v2\/posts\/4416","targetHints":{"allow":["GET"]}}],"collection":[{"href":"https:\/\/www.wesolyskrzat.edu.pl\/index.php\/wp-json\/wp\/v2\/posts"}],"about":[{"href":"https:\/\/www.wesolyskrzat.edu.pl\/index.php\/wp-json\/wp\/v2\/types\/post"}],"author":[{"embeddable":true,"href":"https:\/\/www.wesolyskrzat.edu.pl\/index.php\/wp-json\/wp\/v2\/users\/3"}],"replies":[{"embeddable":true,"href":"https:\/\/www.wesolyskrzat.edu.pl\/index.php\/wp-json\/wp\/v2\/comments?post=4416"}],"version-history":[{"count":1,"href":"https:\/\/www.wesolyskrzat.edu.pl\/index.php\/wp-json\/wp\/v2\/posts\/4416\/revisions"}],"predecessor-version":[{"id":4422,"href":"https:\/\/www.wesolyskrzat.edu.pl\/index.php\/wp-json\/wp\/v2\/posts\/4416\/revisions\/4422"}],"wp:attachment":[{"href":"https:\/\/www.wesolyskrzat.edu.pl\/index.php\/wp-json\/wp\/v2\/media?parent=4416"}],"wp:term":[{"taxonomy":"category","embeddable":true,"href":"https:\/\/www.wesolyskrzat.edu.pl\/index.php\/wp-json\/wp\/v2\/categories?post=4416"},{"taxonomy":"post_tag","embeddable":true,"href":"https:\/\/www.wesolyskrzat.edu.pl\/index.php\/wp-json\/wp\/v2\/tags?post=4416"}],"curies":[{"name":"wp","href":"https:\/\/api.w.org\/{rel}","templated":true}]}}