{"id":2273,"date":"2023-11-20T14:09:38","date_gmt":"2023-11-20T13:09:38","guid":{"rendered":"http:\/\/logos.home.pl\/autoinstalator\/wordpressplugins4\/?p=2273"},"modified":"2023-11-20T14:09:39","modified_gmt":"2023-11-20T13:09:39","slug":"dzien-niepodleglosci","status":"publish","type":"post","link":"https:\/\/www.wesolyskrzat.edu.pl\/index.php\/2023\/11\/20\/dzien-niepodleglosci\/","title":{"rendered":"Dzie\u0144 Niepodleg\u0142o\u015bci"},"content":{"rendered":"\n<p>Dzieci z grupy &#8222;Krasnale&#8221; uczci\u0142y 10 listopada &#8211; Dzie\u0144 Niepodleg\u0142o\u015bci od\u015bpiewaniem hymnu Polski razem ze wszystkimi Przedszkolakami i\u00a0 Pracownikami Przedszkola Miejskiego\u00a0Nr1 &#8222;Weso\u0142y Skrzat&#8221;.\u00a0<\/p>\n\n\n\n<figure class=\"wp-block-gallery has-nested-images columns-default is-cropped wp-block-gallery-1 is-layout-flex wp-block-gallery-is-layout-flex\">\n<figure class=\"wp-block-image alignfull size-large\"><img loading=\"lazy\" decoding=\"async\" width=\"1024\" height=\"768\" data-id=\"2274\" src=\"http:\/\/logos.home.pl\/autoinstalator\/wordpressplugins4\/wp-content\/uploads\/2023\/11\/received_690705519457192-1024x768.jpeg\" alt=\"\" class=\"wp-image-2274\" srcset=\"https:\/\/www.wesolyskrzat.edu.pl\/wp-content\/uploads\/2023\/11\/received_690705519457192-1024x768.jpeg 1024w, https:\/\/www.wesolyskrzat.edu.pl\/wp-content\/uploads\/2023\/11\/received_690705519457192-300x225.jpeg 300w, https:\/\/www.wesolyskrzat.edu.pl\/wp-content\/uploads\/2023\/11\/received_690705519457192-768x576.jpeg 768w, https:\/\/www.wesolyskrzat.edu.pl\/wp-content\/uploads\/2023\/11\/received_690705519457192-1536x1152.jpeg 1536w, https:\/\/www.wesolyskrzat.edu.pl\/wp-content\/uploads\/2023\/11\/received_690705519457192.jpeg 2000w\" sizes=\"auto, (max-width: 1024px) 100vw, 1024px\" \/><\/figure>\n\n\n\n<figure class=\"wp-block-image alignfull size-large\"><img loading=\"lazy\" decoding=\"async\" width=\"1024\" height=\"768\" data-id=\"2275\" src=\"http:\/\/logos.home.pl\/autoinstalator\/wordpressplugins4\/wp-content\/uploads\/2023\/11\/received_705482924525249-1024x768.jpeg\" alt=\"\" class=\"wp-image-2275\" srcset=\"https:\/\/www.wesolyskrzat.edu.pl\/wp-content\/uploads\/2023\/11\/received_705482924525249-1024x768.jpeg 1024w, https:\/\/www.wesolyskrzat.edu.pl\/wp-content\/uploads\/2023\/11\/received_705482924525249-300x225.jpeg 300w, https:\/\/www.wesolyskrzat.edu.pl\/wp-content\/uploads\/2023\/11\/received_705482924525249-768x576.jpeg 768w, https:\/\/www.wesolyskrzat.edu.pl\/wp-content\/uploads\/2023\/11\/received_705482924525249-1536x1152.jpeg 1536w, https:\/\/www.wesolyskrzat.edu.pl\/wp-content\/uploads\/2023\/11\/received_705482924525249.jpeg 2000w\" sizes=\"auto, (max-width: 1024px) 100vw, 1024px\" \/><\/figure>\n\n\n\n<figure class=\"wp-block-image alignfull size-large\"><img loading=\"lazy\" decoding=\"async\" width=\"1024\" height=\"768\" data-id=\"2277\" src=\"http:\/\/logos.home.pl\/autoinstalator\/wordpressplugins4\/wp-content\/uploads\/2023\/11\/received_3666812973548524-1024x768.jpeg\" alt=\"\" class=\"wp-image-2277\" srcset=\"https:\/\/www.wesolyskrzat.edu.pl\/wp-content\/uploads\/2023\/11\/received_3666812973548524-1024x768.jpeg 1024w, https:\/\/www.wesolyskrzat.edu.pl\/wp-content\/uploads\/2023\/11\/received_3666812973548524-300x225.jpeg 300w, https:\/\/www.wesolyskrzat.edu.pl\/wp-content\/uploads\/2023\/11\/received_3666812973548524-768x576.jpeg 768w, https:\/\/www.wesolyskrzat.edu.pl\/wp-content\/uploads\/2023\/11\/received_3666812973548524-1536x1152.jpeg 1536w, https:\/\/www.wesolyskrzat.edu.pl\/wp-content\/uploads\/2023\/11\/received_3666812973548524.jpeg 2000w\" sizes=\"auto, (max-width: 1024px) 100vw, 1024px\" \/><\/figure>\n\n\n\n<figure class=\"wp-block-image alignfull size-large\"><img loading=\"lazy\" decoding=\"async\" width=\"1024\" height=\"768\" data-id=\"2276\" src=\"http:\/\/logos.home.pl\/autoinstalator\/wordpressplugins4\/wp-content\/uploads\/2023\/11\/received_6948104925280810-1024x768.jpeg\" alt=\"\" class=\"wp-image-2276\" srcset=\"https:\/\/www.wesolyskrzat.edu.pl\/wp-content\/uploads\/2023\/11\/received_6948104925280810-1024x768.jpeg 1024w, https:\/\/www.wesolyskrzat.edu.pl\/wp-content\/uploads\/2023\/11\/received_6948104925280810-300x225.jpeg 300w, https:\/\/www.wesolyskrzat.edu.pl\/wp-content\/uploads\/2023\/11\/received_6948104925280810-768x576.jpeg 768w, https:\/\/www.wesolyskrzat.edu.pl\/wp-content\/uploads\/2023\/11\/received_6948104925280810-1536x1152.jpeg 1536w, https:\/\/www.wesolyskrzat.edu.pl\/wp-content\/uploads\/2023\/11\/received_6948104925280810.jpeg 2000w\" sizes=\"auto, (max-width: 1024px) 100vw, 1024px\" \/><\/figure>\n\n\n\n<figure class=\"wp-block-image alignfull size-large\"><img loading=\"lazy\" decoding=\"async\" width=\"1024\" height=\"768\" data-id=\"2278\" src=\"http:\/\/logos.home.pl\/autoinstalator\/wordpressplugins4\/wp-content\/uploads\/2023\/11\/received_1306435050238269-1024x768.jpeg\" alt=\"\" class=\"wp-image-2278\" srcset=\"https:\/\/www.wesolyskrzat.edu.pl\/wp-content\/uploads\/2023\/11\/received_1306435050238269-1024x768.jpeg 1024w, https:\/\/www.wesolyskrzat.edu.pl\/wp-content\/uploads\/2023\/11\/received_1306435050238269-300x225.jpeg 300w, https:\/\/www.wesolyskrzat.edu.pl\/wp-content\/uploads\/2023\/11\/received_1306435050238269-768x576.jpeg 768w, https:\/\/www.wesolyskrzat.edu.pl\/wp-content\/uploads\/2023\/11\/received_1306435050238269-1536x1152.jpeg 1536w, https:\/\/www.wesolyskrzat.edu.pl\/wp-content\/uploads\/2023\/11\/received_1306435050238269.jpeg 2000w\" sizes=\"auto, (max-width: 1024px) 100vw, 1024px\" \/><\/figure>\n\n\n\n<figure class=\"wp-block-image alignfull size-large\"><img loading=\"lazy\" decoding=\"async\" width=\"1024\" height=\"768\" data-id=\"2280\" src=\"http:\/\/logos.home.pl\/autoinstalator\/wordpressplugins4\/wp-content\/uploads\/2023\/11\/received_867882904692700-1024x768.jpeg\" alt=\"\" class=\"wp-image-2280\" srcset=\"https:\/\/www.wesolyskrzat.edu.pl\/wp-content\/uploads\/2023\/11\/received_867882904692700-1024x768.jpeg 1024w, https:\/\/www.wesolyskrzat.edu.pl\/wp-content\/uploads\/2023\/11\/received_867882904692700-300x225.jpeg 300w, https:\/\/www.wesolyskrzat.edu.pl\/wp-content\/uploads\/2023\/11\/received_867882904692700-768x576.jpeg 768w, https:\/\/www.wesolyskrzat.edu.pl\/wp-content\/uploads\/2023\/11\/received_867882904692700-1536x1152.jpeg 1536w, https:\/\/www.wesolyskrzat.edu.pl\/wp-content\/uploads\/2023\/11\/received_867882904692700.jpeg 2000w\" sizes=\"auto, (max-width: 1024px) 100vw, 1024px\" \/><\/figure>\n\n\n\n<figure class=\"wp-block-image alignfull size-large\"><img loading=\"lazy\" decoding=\"async\" width=\"1024\" height=\"768\" data-id=\"2279\" src=\"http:\/\/logos.home.pl\/autoinstalator\/wordpressplugins4\/wp-content\/uploads\/2023\/11\/received_1777913662658343-1024x768.jpeg\" alt=\"\" class=\"wp-image-2279\" srcset=\"https:\/\/www.wesolyskrzat.edu.pl\/wp-content\/uploads\/2023\/11\/received_1777913662658343-1024x768.jpeg 1024w, https:\/\/www.wesolyskrzat.edu.pl\/wp-content\/uploads\/2023\/11\/received_1777913662658343-300x225.jpeg 300w, https:\/\/www.wesolyskrzat.edu.pl\/wp-content\/uploads\/2023\/11\/received_1777913662658343-768x576.jpeg 768w, https:\/\/www.wesolyskrzat.edu.pl\/wp-content\/uploads\/2023\/11\/received_1777913662658343-1536x1152.jpeg 1536w, https:\/\/www.wesolyskrzat.edu.pl\/wp-content\/uploads\/2023\/11\/received_1777913662658343.jpeg 2000w\" sizes=\"auto, (max-width: 1024px) 100vw, 1024px\" \/><\/figure>\n<\/figure>\n","protected":false},"excerpt":{"rendered":"<p>Dzieci z grupy &#8222;Krasnale&#8221; uczci\u0142y 10 listopada &#8211; Dzie\u0144 Niepodleg\u0142o\u015bci od\u015bpiewaniem hymnu Polski razem ze wszystkimi Przedszkolakami i\u00a0 Pracownikami Przedszkola Miejskiego\u00a0Nr1 &#8222;Weso\u0142y Skrzat&#8221;.\u00a0<\/p>\n","protected":false},"author":5,"featured_media":2278,"comment_status":"closed","ping_status":"open","sticky":false,"template":"","format":"standard","meta":{"footnotes":""},"categories":[46],"tags":[],"class_list":["post-2273","post","type-post","status-publish","format-standard","has-post-thumbnail","hentry","category-krasnale-3-latki"],"yoast_head":"<!-- This site is optimized with the Yoast SEO plugin v18.5.1 - https:\/\/yoast.com\/wordpress\/plugins\/seo\/ -->\n<title>Dzie\u0144 Niepodleg\u0142o\u015bci - Weso\u0142y Skrzat<\/title>\n<meta name=\"robots\" content=\"index, follow, max-snippet:-1, max-image-preview:large, max-video-preview:-1\" \/>\n<link rel=\"canonical\" href=\"https:\/\/www.wesolyskrzat.edu.pl\/index.php\/2023\/11\/20\/dzien-niepodleglosci\/\" \/>\n<meta property=\"og:locale\" content=\"pl_PL\" \/>\n<meta property=\"og:type\" content=\"article\" \/>\n<meta property=\"og:title\" content=\"Dzie\u0144 Niepodleg\u0142o\u015bci - Weso\u0142y Skrzat\" \/>\n<meta property=\"og:description\" content=\"Dzieci z grupy &#8222;Krasnale&#8221; uczci\u0142y 10 listopada &#8211; Dzie\u0144 Niepodleg\u0142o\u015bci od\u015bpiewaniem hymnu Polski razem ze wszystkimi Przedszkolakami i\u00a0 Pracownikami Przedszkola Miejskiego\u00a0Nr1 &#8222;Weso\u0142y Skrzat&#8221;.\u00a0\" \/>\n<meta property=\"og:url\" content=\"https:\/\/www.wesolyskrzat.edu.pl\/index.php\/2023\/11\/20\/dzien-niepodleglosci\/\" \/>\n<meta property=\"og:site_name\" content=\"Weso\u0142y Skrzat\" \/>\n<meta property=\"article:published_time\" content=\"2023-11-20T13:09:38+00:00\" \/>\n<meta property=\"article:modified_time\" content=\"2023-11-20T13:09:39+00:00\" \/>\n<meta property=\"og:image\" content=\"https:\/\/www.wesolyskrzat.edu.pl\/wp-content\/uploads\/2023\/11\/received_1306435050238269.jpeg\" \/>\n\t<meta property=\"og:image:width\" content=\"2000\" \/>\n\t<meta property=\"og:image:height\" content=\"1500\" \/>\n\t<meta property=\"og:image:type\" content=\"image\/jpeg\" \/>\n<meta name=\"twitter:card\" content=\"summary_large_image\" \/>\n<meta name=\"twitter:label1\" content=\"Napisane przez\" \/>\n\t<meta name=\"twitter:data1\" content=\"Aleksandra Tch\u00f3rz\" \/>\n<script type=\"application\/ld+json\" class=\"yoast-schema-graph\">{\"@context\":\"https:\/\/schema.org\",\"@graph\":[{\"@type\":\"WebSite\",\"@id\":\"https:\/\/www.wesolyskrzat.edu.pl\/#website\",\"url\":\"https:\/\/www.wesolyskrzat.edu.pl\/\",\"name\":\"Weso\u0142y Skrzat\",\"description\":\"Najpi\u0119kniejsze przedszkole w Markach\",\"potentialAction\":[{\"@type\":\"SearchAction\",\"target\":{\"@type\":\"EntryPoint\",\"urlTemplate\":\"https:\/\/www.wesolyskrzat.edu.pl\/?s={search_term_string}\"},\"query-input\":\"required name=search_term_string\"}],\"inLanguage\":\"pl-PL\"},{\"@type\":\"ImageObject\",\"@id\":\"https:\/\/www.wesolyskrzat.edu.pl\/index.php\/2023\/11\/20\/dzien-niepodleglosci\/#primaryimage\",\"inLanguage\":\"pl-PL\",\"url\":\"https:\/\/www.wesolyskrzat.edu.pl\/wp-content\/uploads\/2023\/11\/received_1306435050238269.jpeg\",\"contentUrl\":\"https:\/\/www.wesolyskrzat.edu.pl\/wp-content\/uploads\/2023\/11\/received_1306435050238269.jpeg\",\"width\":2000,\"height\":1500},{\"@type\":\"WebPage\",\"@id\":\"https:\/\/www.wesolyskrzat.edu.pl\/index.php\/2023\/11\/20\/dzien-niepodleglosci\/#webpage\",\"url\":\"https:\/\/www.wesolyskrzat.edu.pl\/index.php\/2023\/11\/20\/dzien-niepodleglosci\/\",\"name\":\"Dzie\u0144 Niepodleg\u0142o\u015bci - Weso\u0142y Skrzat\",\"isPartOf\":{\"@id\":\"https:\/\/www.wesolyskrzat.edu.pl\/#website\"},\"primaryImageOfPage\":{\"@id\":\"https:\/\/www.wesolyskrzat.edu.pl\/index.php\/2023\/11\/20\/dzien-niepodleglosci\/#primaryimage\"},\"datePublished\":\"2023-11-20T13:09:38+00:00\",\"dateModified\":\"2023-11-20T13:09:39+00:00\",\"author\":{\"@id\":\"https:\/\/www.wesolyskrzat.edu.pl\/#\/schema\/person\/788f359c577faad5ea87b643af1549ee\"},\"breadcrumb\":{\"@id\":\"https:\/\/www.wesolyskrzat.edu.pl\/index.php\/2023\/11\/20\/dzien-niepodleglosci\/#breadcrumb\"},\"inLanguage\":\"pl-PL\",\"potentialAction\":[{\"@type\":\"ReadAction\",\"target\":[\"https:\/\/www.wesolyskrzat.edu.pl\/index.php\/2023\/11\/20\/dzien-niepodleglosci\/\"]}]},{\"@type\":\"BreadcrumbList\",\"@id\":\"https:\/\/www.wesolyskrzat.edu.pl\/index.php\/2023\/11\/20\/dzien-niepodleglosci\/#breadcrumb\",\"itemListElement\":[{\"@type\":\"ListItem\",\"position\":1,\"name\":\"Home\",\"item\":\"https:\/\/www.wesolyskrzat.edu.pl\/\"},{\"@type\":\"ListItem\",\"position\":2,\"name\":\"Dzie\u0144 Niepodleg\u0142o\u015bci\"}]},{\"@type\":\"Person\",\"@id\":\"https:\/\/www.wesolyskrzat.edu.pl\/#\/schema\/person\/788f359c577faad5ea87b643af1549ee\",\"name\":\"Aleksandra Tch\u00f3rz\",\"image\":{\"@type\":\"ImageObject\",\"@id\":\"https:\/\/www.wesolyskrzat.edu.pl\/#personlogo\",\"inLanguage\":\"pl-PL\",\"url\":\"https:\/\/secure.gravatar.com\/avatar\/6210b90ef535eab3dcb49f860b32cb1955c9b807a6dabe68112845762df526c5?s=96&d=mm&r=g\",\"contentUrl\":\"https:\/\/secure.gravatar.com\/avatar\/6210b90ef535eab3dcb49f860b32cb1955c9b807a6dabe68112845762df526c5?s=96&d=mm&r=g\",\"caption\":\"Aleksandra Tch\u00f3rz\"},\"url\":\"https:\/\/www.wesolyskrzat.edu.pl\/index.php\/author\/atchorz\/\"}]}<\/script>\n<!-- \/ Yoast SEO plugin. -->","yoast_head_json":{"title":"Dzie\u0144 Niepodleg\u0142o\u015bci - Weso\u0142y Skrzat","robots":{"index":"index","follow":"follow","max-snippet":"max-snippet:-1","max-image-preview":"max-image-preview:large","max-video-preview":"max-video-preview:-1"},"canonical":"https:\/\/www.wesolyskrzat.edu.pl\/index.php\/2023\/11\/20\/dzien-niepodleglosci\/","og_locale":"pl_PL","og_type":"article","og_title":"Dzie\u0144 Niepodleg\u0142o\u015bci - Weso\u0142y Skrzat","og_description":"Dzieci z grupy &#8222;Krasnale&#8221; uczci\u0142y 10 listopada &#8211; Dzie\u0144 Niepodleg\u0142o\u015bci od\u015bpiewaniem hymnu Polski razem ze wszystkimi Przedszkolakami i\u00a0 Pracownikami Przedszkola Miejskiego\u00a0Nr1 &#8222;Weso\u0142y Skrzat&#8221;.\u00a0","og_url":"https:\/\/www.wesolyskrzat.edu.pl\/index.php\/2023\/11\/20\/dzien-niepodleglosci\/","og_site_name":"Weso\u0142y Skrzat","article_published_time":"2023-11-20T13:09:38+00:00","article_modified_time":"2023-11-20T13:09:39+00:00","og_image":[{"width":2000,"height":1500,"url":"https:\/\/www.wesolyskrzat.edu.pl\/wp-content\/uploads\/2023\/11\/received_1306435050238269.jpeg","type":"image\/jpeg"}],"twitter_card":"summary_large_image","twitter_misc":{"Napisane przez":"Aleksandra Tch\u00f3rz"},"schema":{"@context":"https:\/\/schema.org","@graph":[{"@type":"WebSite","@id":"https:\/\/www.wesolyskrzat.edu.pl\/#website","url":"https:\/\/www.wesolyskrzat.edu.pl\/","name":"Weso\u0142y Skrzat","description":"Najpi\u0119kniejsze przedszkole w Markach","potentialAction":[{"@type":"SearchAction","target":{"@type":"EntryPoint","urlTemplate":"https:\/\/www.wesolyskrzat.edu.pl\/?s={search_term_string}"},"query-input":"required name=search_term_string"}],"inLanguage":"pl-PL"},{"@type":"ImageObject","@id":"https:\/\/www.wesolyskrzat.edu.pl\/index.php\/2023\/11\/20\/dzien-niepodleglosci\/#primaryimage","inLanguage":"pl-PL","url":"https:\/\/www.wesolyskrzat.edu.pl\/wp-content\/uploads\/2023\/11\/received_1306435050238269.jpeg","contentUrl":"https:\/\/www.wesolyskrzat.edu.pl\/wp-content\/uploads\/2023\/11\/received_1306435050238269.jpeg","width":2000,"height":1500},{"@type":"WebPage","@id":"https:\/\/www.wesolyskrzat.edu.pl\/index.php\/2023\/11\/20\/dzien-niepodleglosci\/#webpage","url":"https:\/\/www.wesolyskrzat.edu.pl\/index.php\/2023\/11\/20\/dzien-niepodleglosci\/","name":"Dzie\u0144 Niepodleg\u0142o\u015bci - Weso\u0142y Skrzat","isPartOf":{"@id":"https:\/\/www.wesolyskrzat.edu.pl\/#website"},"primaryImageOfPage":{"@id":"https:\/\/www.wesolyskrzat.edu.pl\/index.php\/2023\/11\/20\/dzien-niepodleglosci\/#primaryimage"},"datePublished":"2023-11-20T13:09:38+00:00","dateModified":"2023-11-20T13:09:39+00:00","author":{"@id":"https:\/\/www.wesolyskrzat.edu.pl\/#\/schema\/person\/788f359c577faad5ea87b643af1549ee"},"breadcrumb":{"@id":"https:\/\/www.wesolyskrzat.edu.pl\/index.php\/2023\/11\/20\/dzien-niepodleglosci\/#breadcrumb"},"inLanguage":"pl-PL","potentialAction":[{"@type":"ReadAction","target":["https:\/\/www.wesolyskrzat.edu.pl\/index.php\/2023\/11\/20\/dzien-niepodleglosci\/"]}]},{"@type":"BreadcrumbList","@id":"https:\/\/www.wesolyskrzat.edu.pl\/index.php\/2023\/11\/20\/dzien-niepodleglosci\/#breadcrumb","itemListElement":[{"@type":"ListItem","position":1,"name":"Home","item":"https:\/\/www.wesolyskrzat.edu.pl\/"},{"@type":"ListItem","position":2,"name":"Dzie\u0144 Niepodleg\u0142o\u015bci"}]},{"@type":"Person","@id":"https:\/\/www.wesolyskrzat.edu.pl\/#\/schema\/person\/788f359c577faad5ea87b643af1549ee","name":"Aleksandra Tch\u00f3rz","image":{"@type":"ImageObject","@id":"https:\/\/www.wesolyskrzat.edu.pl\/#personlogo","inLanguage":"pl-PL","url":"https:\/\/secure.gravatar.com\/avatar\/6210b90ef535eab3dcb49f860b32cb1955c9b807a6dabe68112845762df526c5?s=96&d=mm&r=g","contentUrl":"https:\/\/secure.gravatar.com\/avatar\/6210b90ef535eab3dcb49f860b32cb1955c9b807a6dabe68112845762df526c5?s=96&d=mm&r=g","caption":"Aleksandra Tch\u00f3rz"},"url":"https:\/\/www.wesolyskrzat.edu.pl\/index.php\/author\/atchorz\/"}]}},"_links":{"self":[{"href":"https:\/\/www.wesolyskrzat.edu.pl\/index.php\/wp-json\/wp\/v2\/posts\/2273","targetHints":{"allow":["GET"]}}],"collection":[{"href":"https:\/\/www.wesolyskrzat.edu.pl\/index.php\/wp-json\/wp\/v2\/posts"}],"about":[{"href":"https:\/\/www.wesolyskrzat.edu.pl\/index.php\/wp-json\/wp\/v2\/types\/post"}],"author":[{"embeddable":true,"href":"https:\/\/www.wesolyskrzat.edu.pl\/index.php\/wp-json\/wp\/v2\/users\/5"}],"replies":[{"embeddable":true,"href":"https:\/\/www.wesolyskrzat.edu.pl\/index.php\/wp-json\/wp\/v2\/comments?post=2273"}],"version-history":[{"count":1,"href":"https:\/\/www.wesolyskrzat.edu.pl\/index.php\/wp-json\/wp\/v2\/posts\/2273\/revisions"}],"predecessor-version":[{"id":2281,"href":"https:\/\/www.wesolyskrzat.edu.pl\/index.php\/wp-json\/wp\/v2\/posts\/2273\/revisions\/2281"}],"wp:featuredmedia":[{"embeddable":true,"href":"https:\/\/www.wesolyskrzat.edu.pl\/index.php\/wp-json\/wp\/v2\/media\/2278"}],"wp:attachment":[{"href":"https:\/\/www.wesolyskrzat.edu.pl\/index.php\/wp-json\/wp\/v2\/media?parent=2273"}],"wp:term":[{"taxonomy":"category","embeddable":true,"href":"https:\/\/www.wesolyskrzat.edu.pl\/index.php\/wp-json\/wp\/v2\/categories?post=2273"},{"taxonomy":"post_tag","embeddable":true,"href":"https:\/\/www.wesolyskrzat.edu.pl\/index.php\/wp-json\/wp\/v2\/tags?post=2273"}],"curies":[{"name":"wp","href":"https:\/\/api.w.org\/{rel}","templated":true}]}}