{"id":2260,"date":"2023-11-20T13:59:12","date_gmt":"2023-11-20T12:59:12","guid":{"rendered":"http:\/\/logos.home.pl\/autoinstalator\/wordpressplugins4\/?p=2260"},"modified":"2023-11-20T13:59:14","modified_gmt":"2023-11-20T12:59:14","slug":"uroczystosc-pasowania-na-przedszkolaka","status":"publish","type":"post","link":"https:\/\/www.wesolyskrzat.edu.pl\/index.php\/2023\/11\/20\/uroczystosc-pasowania-na-przedszkolaka\/","title":{"rendered":"Uroczysto\u015b\u0107 PASOWANIA NA PRZEDSZKOLAKA"},"content":{"rendered":"\n<p>Uroczysto\u015b\u0107 &#8222;PASOWANIA NA PRZEDSZKOLAKA odby\u0142a si\u0119 14 listopada w grupie &#8221; Krasnali&#8221;. Dzieci zaprezentowa\u0142y pi\u0119kny wyst\u0119p, po kt\u00f3rym Pani Dyrektor dokona\u0142a uroczystego pasowania ka\u017cdego dziecka na przedszkolaka. Na pami\u0105tk\u0119 dzieci otrzyma\u0142y dyplomy i upominki.\u00a0<\/p>\n\n\n\n<figure class=\"wp-block-gallery has-nested-images columns-default is-cropped wp-block-gallery-1 is-layout-flex wp-block-gallery-is-layout-flex\">\n<figure class=\"wp-block-image alignfull size-large\"><img loading=\"lazy\" decoding=\"async\" width=\"1024\" height=\"706\" data-id=\"2261\" src=\"http:\/\/logos.home.pl\/autoinstalator\/wordpressplugins4\/wp-content\/uploads\/2023\/11\/received_324961430244181-1024x706.jpeg\" alt=\"\" class=\"wp-image-2261\" srcset=\"https:\/\/www.wesolyskrzat.edu.pl\/wp-content\/uploads\/2023\/11\/received_324961430244181-1024x706.jpeg 1024w, https:\/\/www.wesolyskrzat.edu.pl\/wp-content\/uploads\/2023\/11\/received_324961430244181-300x207.jpeg 300w, https:\/\/www.wesolyskrzat.edu.pl\/wp-content\/uploads\/2023\/11\/received_324961430244181-768x529.jpeg 768w, https:\/\/www.wesolyskrzat.edu.pl\/wp-content\/uploads\/2023\/11\/received_324961430244181-1536x1058.jpeg 1536w, https:\/\/www.wesolyskrzat.edu.pl\/wp-content\/uploads\/2023\/11\/received_324961430244181.jpeg 1727w\" sizes=\"auto, (max-width: 1024px) 100vw, 1024px\" \/><\/figure>\n\n\n\n<figure class=\"wp-block-image alignfull size-large\"><img loading=\"lazy\" decoding=\"async\" width=\"1024\" height=\"768\" data-id=\"2262\" src=\"http:\/\/logos.home.pl\/autoinstalator\/wordpressplugins4\/wp-content\/uploads\/2023\/11\/received_3177826549189518-1024x768.jpeg\" alt=\"\" class=\"wp-image-2262\" srcset=\"https:\/\/www.wesolyskrzat.edu.pl\/wp-content\/uploads\/2023\/11\/received_3177826549189518-1024x768.jpeg 1024w, https:\/\/www.wesolyskrzat.edu.pl\/wp-content\/uploads\/2023\/11\/received_3177826549189518-300x225.jpeg 300w, https:\/\/www.wesolyskrzat.edu.pl\/wp-content\/uploads\/2023\/11\/received_3177826549189518-768x576.jpeg 768w, https:\/\/www.wesolyskrzat.edu.pl\/wp-content\/uploads\/2023\/11\/received_3177826549189518-1536x1152.jpeg 1536w, https:\/\/www.wesolyskrzat.edu.pl\/wp-content\/uploads\/2023\/11\/received_3177826549189518.jpeg 1824w\" sizes=\"auto, (max-width: 1024px) 100vw, 1024px\" \/><\/figure>\n\n\n\n<figure class=\"wp-block-image alignfull size-large\"><img loading=\"lazy\" decoding=\"async\" width=\"1024\" height=\"768\" data-id=\"2263\" src=\"http:\/\/logos.home.pl\/autoinstalator\/wordpressplugins4\/wp-content\/uploads\/2023\/11\/received_350975684011722-1024x768.jpeg\" alt=\"\" class=\"wp-image-2263\" srcset=\"https:\/\/www.wesolyskrzat.edu.pl\/wp-content\/uploads\/2023\/11\/received_350975684011722-1024x768.jpeg 1024w, https:\/\/www.wesolyskrzat.edu.pl\/wp-content\/uploads\/2023\/11\/received_350975684011722-300x225.jpeg 300w, https:\/\/www.wesolyskrzat.edu.pl\/wp-content\/uploads\/2023\/11\/received_350975684011722-768x576.jpeg 768w, https:\/\/www.wesolyskrzat.edu.pl\/wp-content\/uploads\/2023\/11\/received_350975684011722-1536x1152.jpeg 1536w, https:\/\/www.wesolyskrzat.edu.pl\/wp-content\/uploads\/2023\/11\/received_350975684011722.jpeg 2048w\" sizes=\"auto, (max-width: 1024px) 100vw, 1024px\" \/><\/figure>\n<\/figure>\n","protected":false},"excerpt":{"rendered":"<p>Uroczysto\u015b\u0107 &#8222;PASOWANIA NA PRZEDSZKOLAKA odby\u0142a si\u0119 14 listopada w grupie &#8221; Krasnali&#8221;. Dzieci zaprezentowa\u0142y pi\u0119kny wyst\u0119p, po kt\u00f3rym Pani Dyrektor dokona\u0142a uroczystego pasowania ka\u017cdego dziecka na przedszkolaka. Na pami\u0105tk\u0119 dzieci otrzyma\u0142y dyplomy i upominki.\u00a0<\/p>\n","protected":false},"author":5,"featured_media":2262,"comment_status":"closed","ping_status":"open","sticky":false,"template":"","format":"standard","meta":{"footnotes":""},"categories":[46],"tags":[],"class_list":["post-2260","post","type-post","status-publish","format-standard","has-post-thumbnail","hentry","category-krasnale-3-latki"],"yoast_head":"<!-- This site is optimized with the Yoast SEO plugin v18.5.1 - https:\/\/yoast.com\/wordpress\/plugins\/seo\/ -->\n<title>Uroczysto\u015b\u0107 PASOWANIA NA PRZEDSZKOLAKA - Weso\u0142y Skrzat<\/title>\n<meta name=\"robots\" content=\"index, follow, max-snippet:-1, max-image-preview:large, max-video-preview:-1\" \/>\n<link rel=\"canonical\" href=\"https:\/\/www.wesolyskrzat.edu.pl\/index.php\/2023\/11\/20\/uroczystosc-pasowania-na-przedszkolaka\/\" \/>\n<meta property=\"og:locale\" content=\"pl_PL\" \/>\n<meta property=\"og:type\" content=\"article\" \/>\n<meta property=\"og:title\" content=\"Uroczysto\u015b\u0107 PASOWANIA NA PRZEDSZKOLAKA - Weso\u0142y Skrzat\" \/>\n<meta property=\"og:description\" content=\"Uroczysto\u015b\u0107 &#8222;PASOWANIA NA PRZEDSZKOLAKA odby\u0142a si\u0119 14 listopada w grupie &#8221; Krasnali&#8221;. Dzieci zaprezentowa\u0142y pi\u0119kny wyst\u0119p, po kt\u00f3rym Pani Dyrektor dokona\u0142a uroczystego pasowania ka\u017cdego dziecka na przedszkolaka. Na pami\u0105tk\u0119 dzieci otrzyma\u0142y dyplomy i upominki.\u00a0\" \/>\n<meta property=\"og:url\" content=\"https:\/\/www.wesolyskrzat.edu.pl\/index.php\/2023\/11\/20\/uroczystosc-pasowania-na-przedszkolaka\/\" \/>\n<meta property=\"og:site_name\" content=\"Weso\u0142y Skrzat\" \/>\n<meta property=\"article:published_time\" content=\"2023-11-20T12:59:12+00:00\" \/>\n<meta property=\"article:modified_time\" content=\"2023-11-20T12:59:14+00:00\" \/>\n<meta property=\"og:image\" content=\"https:\/\/www.wesolyskrzat.edu.pl\/wp-content\/uploads\/2023\/11\/received_3177826549189518.jpeg\" \/>\n\t<meta property=\"og:image:width\" content=\"1824\" \/>\n\t<meta property=\"og:image:height\" content=\"1368\" \/>\n\t<meta property=\"og:image:type\" content=\"image\/jpeg\" \/>\n<meta name=\"twitter:card\" content=\"summary_large_image\" \/>\n<meta name=\"twitter:label1\" content=\"Napisane przez\" \/>\n\t<meta name=\"twitter:data1\" content=\"Aleksandra Tch\u00f3rz\" \/>\n<script type=\"application\/ld+json\" class=\"yoast-schema-graph\">{\"@context\":\"https:\/\/schema.org\",\"@graph\":[{\"@type\":\"WebSite\",\"@id\":\"https:\/\/www.wesolyskrzat.edu.pl\/#website\",\"url\":\"https:\/\/www.wesolyskrzat.edu.pl\/\",\"name\":\"Weso\u0142y Skrzat\",\"description\":\"Najpi\u0119kniejsze przedszkole w Markach\",\"potentialAction\":[{\"@type\":\"SearchAction\",\"target\":{\"@type\":\"EntryPoint\",\"urlTemplate\":\"https:\/\/www.wesolyskrzat.edu.pl\/?s={search_term_string}\"},\"query-input\":\"required name=search_term_string\"}],\"inLanguage\":\"pl-PL\"},{\"@type\":\"ImageObject\",\"@id\":\"https:\/\/www.wesolyskrzat.edu.pl\/index.php\/2023\/11\/20\/uroczystosc-pasowania-na-przedszkolaka\/#primaryimage\",\"inLanguage\":\"pl-PL\",\"url\":\"https:\/\/www.wesolyskrzat.edu.pl\/wp-content\/uploads\/2023\/11\/received_3177826549189518.jpeg\",\"contentUrl\":\"https:\/\/www.wesolyskrzat.edu.pl\/wp-content\/uploads\/2023\/11\/received_3177826549189518.jpeg\",\"width\":1824,\"height\":1368},{\"@type\":\"WebPage\",\"@id\":\"https:\/\/www.wesolyskrzat.edu.pl\/index.php\/2023\/11\/20\/uroczystosc-pasowania-na-przedszkolaka\/#webpage\",\"url\":\"https:\/\/www.wesolyskrzat.edu.pl\/index.php\/2023\/11\/20\/uroczystosc-pasowania-na-przedszkolaka\/\",\"name\":\"Uroczysto\u015b\u0107 PASOWANIA NA PRZEDSZKOLAKA - Weso\u0142y Skrzat\",\"isPartOf\":{\"@id\":\"https:\/\/www.wesolyskrzat.edu.pl\/#website\"},\"primaryImageOfPage\":{\"@id\":\"https:\/\/www.wesolyskrzat.edu.pl\/index.php\/2023\/11\/20\/uroczystosc-pasowania-na-przedszkolaka\/#primaryimage\"},\"datePublished\":\"2023-11-20T12:59:12+00:00\",\"dateModified\":\"2023-11-20T12:59:14+00:00\",\"author\":{\"@id\":\"https:\/\/www.wesolyskrzat.edu.pl\/#\/schema\/person\/788f359c577faad5ea87b643af1549ee\"},\"breadcrumb\":{\"@id\":\"https:\/\/www.wesolyskrzat.edu.pl\/index.php\/2023\/11\/20\/uroczystosc-pasowania-na-przedszkolaka\/#breadcrumb\"},\"inLanguage\":\"pl-PL\",\"potentialAction\":[{\"@type\":\"ReadAction\",\"target\":[\"https:\/\/www.wesolyskrzat.edu.pl\/index.php\/2023\/11\/20\/uroczystosc-pasowania-na-przedszkolaka\/\"]}]},{\"@type\":\"BreadcrumbList\",\"@id\":\"https:\/\/www.wesolyskrzat.edu.pl\/index.php\/2023\/11\/20\/uroczystosc-pasowania-na-przedszkolaka\/#breadcrumb\",\"itemListElement\":[{\"@type\":\"ListItem\",\"position\":1,\"name\":\"Home\",\"item\":\"https:\/\/www.wesolyskrzat.edu.pl\/\"},{\"@type\":\"ListItem\",\"position\":2,\"name\":\"Uroczysto\u015b\u0107 PASOWANIA NA PRZEDSZKOLAKA\"}]},{\"@type\":\"Person\",\"@id\":\"https:\/\/www.wesolyskrzat.edu.pl\/#\/schema\/person\/788f359c577faad5ea87b643af1549ee\",\"name\":\"Aleksandra Tch\u00f3rz\",\"image\":{\"@type\":\"ImageObject\",\"@id\":\"https:\/\/www.wesolyskrzat.edu.pl\/#personlogo\",\"inLanguage\":\"pl-PL\",\"url\":\"https:\/\/secure.gravatar.com\/avatar\/6210b90ef535eab3dcb49f860b32cb1955c9b807a6dabe68112845762df526c5?s=96&d=mm&r=g\",\"contentUrl\":\"https:\/\/secure.gravatar.com\/avatar\/6210b90ef535eab3dcb49f860b32cb1955c9b807a6dabe68112845762df526c5?s=96&d=mm&r=g\",\"caption\":\"Aleksandra Tch\u00f3rz\"},\"url\":\"https:\/\/www.wesolyskrzat.edu.pl\/index.php\/author\/atchorz\/\"}]}<\/script>\n<!-- \/ Yoast SEO plugin. -->","yoast_head_json":{"title":"Uroczysto\u015b\u0107 PASOWANIA NA PRZEDSZKOLAKA - Weso\u0142y Skrzat","robots":{"index":"index","follow":"follow","max-snippet":"max-snippet:-1","max-image-preview":"max-image-preview:large","max-video-preview":"max-video-preview:-1"},"canonical":"https:\/\/www.wesolyskrzat.edu.pl\/index.php\/2023\/11\/20\/uroczystosc-pasowania-na-przedszkolaka\/","og_locale":"pl_PL","og_type":"article","og_title":"Uroczysto\u015b\u0107 PASOWANIA NA PRZEDSZKOLAKA - Weso\u0142y Skrzat","og_description":"Uroczysto\u015b\u0107 &#8222;PASOWANIA NA PRZEDSZKOLAKA odby\u0142a si\u0119 14 listopada w grupie &#8221; Krasnali&#8221;. Dzieci zaprezentowa\u0142y pi\u0119kny wyst\u0119p, po kt\u00f3rym Pani Dyrektor dokona\u0142a uroczystego pasowania ka\u017cdego dziecka na przedszkolaka. Na pami\u0105tk\u0119 dzieci otrzyma\u0142y dyplomy i upominki.\u00a0","og_url":"https:\/\/www.wesolyskrzat.edu.pl\/index.php\/2023\/11\/20\/uroczystosc-pasowania-na-przedszkolaka\/","og_site_name":"Weso\u0142y Skrzat","article_published_time":"2023-11-20T12:59:12+00:00","article_modified_time":"2023-11-20T12:59:14+00:00","og_image":[{"width":1824,"height":1368,"url":"https:\/\/www.wesolyskrzat.edu.pl\/wp-content\/uploads\/2023\/11\/received_3177826549189518.jpeg","type":"image\/jpeg"}],"twitter_card":"summary_large_image","twitter_misc":{"Napisane przez":"Aleksandra Tch\u00f3rz"},"schema":{"@context":"https:\/\/schema.org","@graph":[{"@type":"WebSite","@id":"https:\/\/www.wesolyskrzat.edu.pl\/#website","url":"https:\/\/www.wesolyskrzat.edu.pl\/","name":"Weso\u0142y Skrzat","description":"Najpi\u0119kniejsze przedszkole w Markach","potentialAction":[{"@type":"SearchAction","target":{"@type":"EntryPoint","urlTemplate":"https:\/\/www.wesolyskrzat.edu.pl\/?s={search_term_string}"},"query-input":"required name=search_term_string"}],"inLanguage":"pl-PL"},{"@type":"ImageObject","@id":"https:\/\/www.wesolyskrzat.edu.pl\/index.php\/2023\/11\/20\/uroczystosc-pasowania-na-przedszkolaka\/#primaryimage","inLanguage":"pl-PL","url":"https:\/\/www.wesolyskrzat.edu.pl\/wp-content\/uploads\/2023\/11\/received_3177826549189518.jpeg","contentUrl":"https:\/\/www.wesolyskrzat.edu.pl\/wp-content\/uploads\/2023\/11\/received_3177826549189518.jpeg","width":1824,"height":1368},{"@type":"WebPage","@id":"https:\/\/www.wesolyskrzat.edu.pl\/index.php\/2023\/11\/20\/uroczystosc-pasowania-na-przedszkolaka\/#webpage","url":"https:\/\/www.wesolyskrzat.edu.pl\/index.php\/2023\/11\/20\/uroczystosc-pasowania-na-przedszkolaka\/","name":"Uroczysto\u015b\u0107 PASOWANIA NA PRZEDSZKOLAKA - Weso\u0142y Skrzat","isPartOf":{"@id":"https:\/\/www.wesolyskrzat.edu.pl\/#website"},"primaryImageOfPage":{"@id":"https:\/\/www.wesolyskrzat.edu.pl\/index.php\/2023\/11\/20\/uroczystosc-pasowania-na-przedszkolaka\/#primaryimage"},"datePublished":"2023-11-20T12:59:12+00:00","dateModified":"2023-11-20T12:59:14+00:00","author":{"@id":"https:\/\/www.wesolyskrzat.edu.pl\/#\/schema\/person\/788f359c577faad5ea87b643af1549ee"},"breadcrumb":{"@id":"https:\/\/www.wesolyskrzat.edu.pl\/index.php\/2023\/11\/20\/uroczystosc-pasowania-na-przedszkolaka\/#breadcrumb"},"inLanguage":"pl-PL","potentialAction":[{"@type":"ReadAction","target":["https:\/\/www.wesolyskrzat.edu.pl\/index.php\/2023\/11\/20\/uroczystosc-pasowania-na-przedszkolaka\/"]}]},{"@type":"BreadcrumbList","@id":"https:\/\/www.wesolyskrzat.edu.pl\/index.php\/2023\/11\/20\/uroczystosc-pasowania-na-przedszkolaka\/#breadcrumb","itemListElement":[{"@type":"ListItem","position":1,"name":"Home","item":"https:\/\/www.wesolyskrzat.edu.pl\/"},{"@type":"ListItem","position":2,"name":"Uroczysto\u015b\u0107 PASOWANIA NA PRZEDSZKOLAKA"}]},{"@type":"Person","@id":"https:\/\/www.wesolyskrzat.edu.pl\/#\/schema\/person\/788f359c577faad5ea87b643af1549ee","name":"Aleksandra Tch\u00f3rz","image":{"@type":"ImageObject","@id":"https:\/\/www.wesolyskrzat.edu.pl\/#personlogo","inLanguage":"pl-PL","url":"https:\/\/secure.gravatar.com\/avatar\/6210b90ef535eab3dcb49f860b32cb1955c9b807a6dabe68112845762df526c5?s=96&d=mm&r=g","contentUrl":"https:\/\/secure.gravatar.com\/avatar\/6210b90ef535eab3dcb49f860b32cb1955c9b807a6dabe68112845762df526c5?s=96&d=mm&r=g","caption":"Aleksandra Tch\u00f3rz"},"url":"https:\/\/www.wesolyskrzat.edu.pl\/index.php\/author\/atchorz\/"}]}},"_links":{"self":[{"href":"https:\/\/www.wesolyskrzat.edu.pl\/index.php\/wp-json\/wp\/v2\/posts\/2260","targetHints":{"allow":["GET"]}}],"collection":[{"href":"https:\/\/www.wesolyskrzat.edu.pl\/index.php\/wp-json\/wp\/v2\/posts"}],"about":[{"href":"https:\/\/www.wesolyskrzat.edu.pl\/index.php\/wp-json\/wp\/v2\/types\/post"}],"author":[{"embeddable":true,"href":"https:\/\/www.wesolyskrzat.edu.pl\/index.php\/wp-json\/wp\/v2\/users\/5"}],"replies":[{"embeddable":true,"href":"https:\/\/www.wesolyskrzat.edu.pl\/index.php\/wp-json\/wp\/v2\/comments?post=2260"}],"version-history":[{"count":1,"href":"https:\/\/www.wesolyskrzat.edu.pl\/index.php\/wp-json\/wp\/v2\/posts\/2260\/revisions"}],"predecessor-version":[{"id":2264,"href":"https:\/\/www.wesolyskrzat.edu.pl\/index.php\/wp-json\/wp\/v2\/posts\/2260\/revisions\/2264"}],"wp:featuredmedia":[{"embeddable":true,"href":"https:\/\/www.wesolyskrzat.edu.pl\/index.php\/wp-json\/wp\/v2\/media\/2262"}],"wp:attachment":[{"href":"https:\/\/www.wesolyskrzat.edu.pl\/index.php\/wp-json\/wp\/v2\/media?parent=2260"}],"wp:term":[{"taxonomy":"category","embeddable":true,"href":"https:\/\/www.wesolyskrzat.edu.pl\/index.php\/wp-json\/wp\/v2\/categories?post=2260"},{"taxonomy":"post_tag","embeddable":true,"href":"https:\/\/www.wesolyskrzat.edu.pl\/index.php\/wp-json\/wp\/v2\/tags?post=2260"}],"curies":[{"name":"wp","href":"https:\/\/api.w.org\/{rel}","templated":true}]}}