{"id":1439,"date":"2023-03-24T18:05:08","date_gmt":"2023-03-24T17:05:08","guid":{"rendered":"http:\/\/logos.home.pl\/autoinstalator\/wordpressplugins4\/?p=1439"},"modified":"2023-03-24T18:08:49","modified_gmt":"2023-03-24T17:08:49","slug":"ramowy-rozklad-dnia","status":"publish","type":"post","link":"https:\/\/www.wesolyskrzat.edu.pl\/index.php\/2023\/03\/24\/ramowy-rozklad-dnia\/","title":{"rendered":"Ramowy rozk\u0142ad dnia"},"content":{"rendered":"\n<p><\/p>\n\n\n\n<p><strong>6.30 \u2013 8.30<\/strong> SCHODZENIE SI\u0118 DZIECI \u2013 ZABAWY INDYWIDUALNE I ZESPO\u0141OWE ORAZ ZABAWY INICJOWANE PRZEZ NAUCZYCIELK\u0118, PRZYGOTOWANIE POMOCY DO ZAJ\u0118\u0106<\/p>\n\n\n\n<p><strong>8.30 \u2013 9.00<\/strong> PRZYGOTOWANIE DO \u015aNIADANIA, MYCIE R\u0104K<\/p>\n\n\n\n<p><strong>9.00 \u2013 9.30<\/strong> \u015aNIADANIE<\/p>\n\n\n\n<p><strong>9.30 \u2013 10.30<\/strong> ZAJ\u0118CIA PRZEWIDZIANE PROGRAMEM WYCHOWANIA PRZEDSZKOLNEGO, UDZIA\u0141 DZIECI W TEATRZYKACH, KONCERTACH<\/p>\n\n\n\n<p><strong>10.30 \u2013 10.45<\/strong> PRZYGOTOWANIE DO WYJ\u015aCIA NA PLAC ZABAW<\/p>\n\n\n\n<p><strong>10.45 \u2013 11.40<\/strong> ZABAWY NA POWIETRZU W OGRODZIE PRZEDSZKOLNYM, SPACERY, WYCIECZKI<\/p>\n\n\n\n<p><strong>11.40 \u2013 12.00<\/strong> PRZEBIERANIE SI\u0118 W SZATNI, PRZYGOTOWANIE DO OBIADU, MYCIE R\u0104K ORAZ WDRA\u017bANIE DO PODEJMOWANIA CZYNNO\u015aCI SAMOOBS\u0141UGOWYCH W \u0141AZIENCE<\/p>\n\n\n\n<p><strong>12.00 \u2013 12.30<\/strong> OBIAD, WDRA\u017bANIE DO SAMODZIELNEGO SPO\u017bYWANIA POSI\u0141KU<\/p>\n\n\n\n<p><strong>12.30 \u2013 14.30<\/strong> W GRUPACH M\u0141ODSZYCH LE\u017bAKOWANIE; W GRUPACH STARSZYCH \u2013 ZABAWY INDYWIDUALNE I ZESPO\u0141OWE ORAZ INICJOWANE PRZEZ NAUCZYCIELK\u0118; ZAJ\u0118CIA DODATKOWE; ZAJ\u0118CIA WYR\u00d3WNAWCZO \u2013 KOMPENSACYJNE<\/p>\n\n\n\n<p><strong>14.30 \u2013 14.45<\/strong> PODWIECZOREK<\/p>\n\n\n\n<p><strong>14.45 \u2013 17.30<\/strong> ROZCHODZENIE SI\u0118 DZIECI \u2013 ZABAWY INDYWIDUALNE I ZESPO\u0141OWE W K\u0104CIKACH ZAINTERESOWA\u0143 LUB NA POWIETRZU<\/p>\n","protected":false},"excerpt":{"rendered":"<p>6.30 \u2013 8.30 SCHODZENIE SI\u0118 DZIECI \u2013 ZABAWY INDYWIDUALNE I ZESPO\u0141OWE ORAZ ZABAWY INICJOWANE PRZEZ NAUCZYCIELK\u0118, PRZYGOTOWANIE POMOCY DO ZAJ\u0118\u0106 8.30 \u2013 9.00 PRZYGOTOWANIE DO \u015aNIADANIA, MYCIE R\u0104K 9.00 \u2013 9.30 \u015aNIADANIE 9.30 \u2013 10.30 ZAJ\u0118CIA PRZEWIDZIANE PROGRAMEM WYCHOWANIA PRZEDSZKOLNEGO, UDZIA\u0141 DZIECI W TEATRZYKACH, KONCERTACH 10.30 \u2013 10.45 PRZYGOTOWANIE DO WYJ\u015aCIA NA PLAC ZABAW 10.45 [&hellip;]<\/p>\n","protected":false},"author":2,"featured_media":0,"comment_status":"open","ping_status":"open","sticky":false,"template":"","format":"standard","meta":{"footnotes":""},"categories":[32],"tags":[],"class_list":["post-1439","post","type-post","status-publish","format-standard","hentry","category-informacje"],"yoast_head":"<!-- This site is optimized with the Yoast SEO plugin v18.5.1 - https:\/\/yoast.com\/wordpress\/plugins\/seo\/ -->\n<title>Ramowy rozk\u0142ad dnia - Weso\u0142y Skrzat<\/title>\n<meta name=\"robots\" content=\"index, follow, max-snippet:-1, max-image-preview:large, max-video-preview:-1\" \/>\n<link rel=\"canonical\" href=\"https:\/\/www.wesolyskrzat.edu.pl\/index.php\/2023\/03\/24\/ramowy-rozklad-dnia\/\" \/>\n<meta property=\"og:locale\" content=\"pl_PL\" \/>\n<meta property=\"og:type\" content=\"article\" \/>\n<meta property=\"og:title\" content=\"Ramowy rozk\u0142ad dnia - Weso\u0142y Skrzat\" \/>\n<meta property=\"og:description\" content=\"6.30 \u2013 8.30 SCHODZENIE SI\u0118 DZIECI \u2013 ZABAWY INDYWIDUALNE I ZESPO\u0141OWE ORAZ ZABAWY INICJOWANE PRZEZ NAUCZYCIELK\u0118, PRZYGOTOWANIE POMOCY DO ZAJ\u0118\u0106 8.30 \u2013 9.00 PRZYGOTOWANIE DO \u015aNIADANIA, MYCIE R\u0104K 9.00 \u2013 9.30 \u015aNIADANIE 9.30 \u2013 10.30 ZAJ\u0118CIA PRZEWIDZIANE PROGRAMEM WYCHOWANIA PRZEDSZKOLNEGO, UDZIA\u0141 DZIECI W TEATRZYKACH, KONCERTACH 10.30 \u2013 10.45 PRZYGOTOWANIE DO WYJ\u015aCIA NA PLAC ZABAW 10.45 [&hellip;]\" \/>\n<meta property=\"og:url\" content=\"https:\/\/www.wesolyskrzat.edu.pl\/index.php\/2023\/03\/24\/ramowy-rozklad-dnia\/\" \/>\n<meta property=\"og:site_name\" content=\"Weso\u0142y Skrzat\" \/>\n<meta property=\"article:published_time\" content=\"2023-03-24T17:05:08+00:00\" \/>\n<meta property=\"article:modified_time\" content=\"2023-03-24T17:08:49+00:00\" \/>\n<meta name=\"twitter:card\" content=\"summary_large_image\" \/>\n<meta name=\"twitter:label1\" content=\"Napisane przez\" \/>\n\t<meta name=\"twitter:data1\" content=\"Zbyszek Grabi\u0144ski\" \/>\n\t<meta name=\"twitter:label2\" content=\"Szacowany czas czytania\" \/>\n\t<meta name=\"twitter:data2\" content=\"1 minuta\" \/>\n<script type=\"application\/ld+json\" class=\"yoast-schema-graph\">{\"@context\":\"https:\/\/schema.org\",\"@graph\":[{\"@type\":\"WebSite\",\"@id\":\"https:\/\/www.wesolyskrzat.edu.pl\/#website\",\"url\":\"https:\/\/www.wesolyskrzat.edu.pl\/\",\"name\":\"Weso\u0142y Skrzat\",\"description\":\"Najpi\u0119kniejsze przedszkole w Markach\",\"potentialAction\":[{\"@type\":\"SearchAction\",\"target\":{\"@type\":\"EntryPoint\",\"urlTemplate\":\"https:\/\/www.wesolyskrzat.edu.pl\/?s={search_term_string}\"},\"query-input\":\"required name=search_term_string\"}],\"inLanguage\":\"pl-PL\"},{\"@type\":\"WebPage\",\"@id\":\"https:\/\/www.wesolyskrzat.edu.pl\/index.php\/2023\/03\/24\/ramowy-rozklad-dnia\/#webpage\",\"url\":\"https:\/\/www.wesolyskrzat.edu.pl\/index.php\/2023\/03\/24\/ramowy-rozklad-dnia\/\",\"name\":\"Ramowy rozk\u0142ad dnia - Weso\u0142y Skrzat\",\"isPartOf\":{\"@id\":\"https:\/\/www.wesolyskrzat.edu.pl\/#website\"},\"datePublished\":\"2023-03-24T17:05:08+00:00\",\"dateModified\":\"2023-03-24T17:08:49+00:00\",\"author\":{\"@id\":\"https:\/\/www.wesolyskrzat.edu.pl\/#\/schema\/person\/31e575515964d5672205b214d870de70\"},\"breadcrumb\":{\"@id\":\"https:\/\/www.wesolyskrzat.edu.pl\/index.php\/2023\/03\/24\/ramowy-rozklad-dnia\/#breadcrumb\"},\"inLanguage\":\"pl-PL\",\"potentialAction\":[{\"@type\":\"ReadAction\",\"target\":[\"https:\/\/www.wesolyskrzat.edu.pl\/index.php\/2023\/03\/24\/ramowy-rozklad-dnia\/\"]}]},{\"@type\":\"BreadcrumbList\",\"@id\":\"https:\/\/www.wesolyskrzat.edu.pl\/index.php\/2023\/03\/24\/ramowy-rozklad-dnia\/#breadcrumb\",\"itemListElement\":[{\"@type\":\"ListItem\",\"position\":1,\"name\":\"Home\",\"item\":\"https:\/\/www.wesolyskrzat.edu.pl\/\"},{\"@type\":\"ListItem\",\"position\":2,\"name\":\"Ramowy rozk\u0142ad dnia\"}]},{\"@type\":\"Person\",\"@id\":\"https:\/\/www.wesolyskrzat.edu.pl\/#\/schema\/person\/31e575515964d5672205b214d870de70\",\"name\":\"Zbyszek Grabi\u0144ski\",\"image\":{\"@type\":\"ImageObject\",\"@id\":\"https:\/\/www.wesolyskrzat.edu.pl\/#personlogo\",\"inLanguage\":\"pl-PL\",\"url\":\"https:\/\/secure.gravatar.com\/avatar\/8a0655937bb3f194adc87987501171977627206c7e3ce2b053330044932f61b0?s=96&d=mm&r=g\",\"contentUrl\":\"https:\/\/secure.gravatar.com\/avatar\/8a0655937bb3f194adc87987501171977627206c7e3ce2b053330044932f61b0?s=96&d=mm&r=g\",\"caption\":\"Zbyszek Grabi\u0144ski\"},\"url\":\"https:\/\/www.wesolyskrzat.edu.pl\/index.php\/author\/zbyszek\/\"}]}<\/script>\n<!-- \/ Yoast SEO plugin. -->","yoast_head_json":{"title":"Ramowy rozk\u0142ad dnia - Weso\u0142y Skrzat","robots":{"index":"index","follow":"follow","max-snippet":"max-snippet:-1","max-image-preview":"max-image-preview:large","max-video-preview":"max-video-preview:-1"},"canonical":"https:\/\/www.wesolyskrzat.edu.pl\/index.php\/2023\/03\/24\/ramowy-rozklad-dnia\/","og_locale":"pl_PL","og_type":"article","og_title":"Ramowy rozk\u0142ad dnia - Weso\u0142y Skrzat","og_description":"6.30 \u2013 8.30 SCHODZENIE SI\u0118 DZIECI \u2013 ZABAWY INDYWIDUALNE I ZESPO\u0141OWE ORAZ ZABAWY INICJOWANE PRZEZ NAUCZYCIELK\u0118, PRZYGOTOWANIE POMOCY DO ZAJ\u0118\u0106 8.30 \u2013 9.00 PRZYGOTOWANIE DO \u015aNIADANIA, MYCIE R\u0104K 9.00 \u2013 9.30 \u015aNIADANIE 9.30 \u2013 10.30 ZAJ\u0118CIA PRZEWIDZIANE PROGRAMEM WYCHOWANIA PRZEDSZKOLNEGO, UDZIA\u0141 DZIECI W TEATRZYKACH, KONCERTACH 10.30 \u2013 10.45 PRZYGOTOWANIE DO WYJ\u015aCIA NA PLAC ZABAW 10.45 [&hellip;]","og_url":"https:\/\/www.wesolyskrzat.edu.pl\/index.php\/2023\/03\/24\/ramowy-rozklad-dnia\/","og_site_name":"Weso\u0142y Skrzat","article_published_time":"2023-03-24T17:05:08+00:00","article_modified_time":"2023-03-24T17:08:49+00:00","twitter_card":"summary_large_image","twitter_misc":{"Napisane przez":"Zbyszek Grabi\u0144ski","Szacowany czas czytania":"1 minuta"},"schema":{"@context":"https:\/\/schema.org","@graph":[{"@type":"WebSite","@id":"https:\/\/www.wesolyskrzat.edu.pl\/#website","url":"https:\/\/www.wesolyskrzat.edu.pl\/","name":"Weso\u0142y Skrzat","description":"Najpi\u0119kniejsze przedszkole w Markach","potentialAction":[{"@type":"SearchAction","target":{"@type":"EntryPoint","urlTemplate":"https:\/\/www.wesolyskrzat.edu.pl\/?s={search_term_string}"},"query-input":"required name=search_term_string"}],"inLanguage":"pl-PL"},{"@type":"WebPage","@id":"https:\/\/www.wesolyskrzat.edu.pl\/index.php\/2023\/03\/24\/ramowy-rozklad-dnia\/#webpage","url":"https:\/\/www.wesolyskrzat.edu.pl\/index.php\/2023\/03\/24\/ramowy-rozklad-dnia\/","name":"Ramowy rozk\u0142ad dnia - Weso\u0142y Skrzat","isPartOf":{"@id":"https:\/\/www.wesolyskrzat.edu.pl\/#website"},"datePublished":"2023-03-24T17:05:08+00:00","dateModified":"2023-03-24T17:08:49+00:00","author":{"@id":"https:\/\/www.wesolyskrzat.edu.pl\/#\/schema\/person\/31e575515964d5672205b214d870de70"},"breadcrumb":{"@id":"https:\/\/www.wesolyskrzat.edu.pl\/index.php\/2023\/03\/24\/ramowy-rozklad-dnia\/#breadcrumb"},"inLanguage":"pl-PL","potentialAction":[{"@type":"ReadAction","target":["https:\/\/www.wesolyskrzat.edu.pl\/index.php\/2023\/03\/24\/ramowy-rozklad-dnia\/"]}]},{"@type":"BreadcrumbList","@id":"https:\/\/www.wesolyskrzat.edu.pl\/index.php\/2023\/03\/24\/ramowy-rozklad-dnia\/#breadcrumb","itemListElement":[{"@type":"ListItem","position":1,"name":"Home","item":"https:\/\/www.wesolyskrzat.edu.pl\/"},{"@type":"ListItem","position":2,"name":"Ramowy rozk\u0142ad dnia"}]},{"@type":"Person","@id":"https:\/\/www.wesolyskrzat.edu.pl\/#\/schema\/person\/31e575515964d5672205b214d870de70","name":"Zbyszek Grabi\u0144ski","image":{"@type":"ImageObject","@id":"https:\/\/www.wesolyskrzat.edu.pl\/#personlogo","inLanguage":"pl-PL","url":"https:\/\/secure.gravatar.com\/avatar\/8a0655937bb3f194adc87987501171977627206c7e3ce2b053330044932f61b0?s=96&d=mm&r=g","contentUrl":"https:\/\/secure.gravatar.com\/avatar\/8a0655937bb3f194adc87987501171977627206c7e3ce2b053330044932f61b0?s=96&d=mm&r=g","caption":"Zbyszek Grabi\u0144ski"},"url":"https:\/\/www.wesolyskrzat.edu.pl\/index.php\/author\/zbyszek\/"}]}},"_links":{"self":[{"href":"https:\/\/www.wesolyskrzat.edu.pl\/index.php\/wp-json\/wp\/v2\/posts\/1439","targetHints":{"allow":["GET"]}}],"collection":[{"href":"https:\/\/www.wesolyskrzat.edu.pl\/index.php\/wp-json\/wp\/v2\/posts"}],"about":[{"href":"https:\/\/www.wesolyskrzat.edu.pl\/index.php\/wp-json\/wp\/v2\/types\/post"}],"author":[{"embeddable":true,"href":"https:\/\/www.wesolyskrzat.edu.pl\/index.php\/wp-json\/wp\/v2\/users\/2"}],"replies":[{"embeddable":true,"href":"https:\/\/www.wesolyskrzat.edu.pl\/index.php\/wp-json\/wp\/v2\/comments?post=1439"}],"version-history":[{"count":2,"href":"https:\/\/www.wesolyskrzat.edu.pl\/index.php\/wp-json\/wp\/v2\/posts\/1439\/revisions"}],"predecessor-version":[{"id":1443,"href":"https:\/\/www.wesolyskrzat.edu.pl\/index.php\/wp-json\/wp\/v2\/posts\/1439\/revisions\/1443"}],"wp:attachment":[{"href":"https:\/\/www.wesolyskrzat.edu.pl\/index.php\/wp-json\/wp\/v2\/media?parent=1439"}],"wp:term":[{"taxonomy":"category","embeddable":true,"href":"https:\/\/www.wesolyskrzat.edu.pl\/index.php\/wp-json\/wp\/v2\/categories?post=1439"},{"taxonomy":"post_tag","embeddable":true,"href":"https:\/\/www.wesolyskrzat.edu.pl\/index.php\/wp-json\/wp\/v2\/tags?post=1439"}],"curies":[{"name":"wp","href":"https:\/\/api.w.org\/{rel}","templated":true}]}}